{"id":3196,"date":"2016-12-18T12:19:05","date_gmt":"2016-12-18T11:19:05","guid":{"rendered":"http:\/\/agora.xtec.cat\/ieslasedeta\/?p=3196"},"modified":"2017-06-27T07:41:12","modified_gmt":"2017-06-27T05:41:12","slug":"aprenem-a-experimentar-noves-dimensions-estetiques-de-la-ciutat","status":"publish","type":"post","link":"https:\/\/agora.xtec.cat\/ieslasedeta\/2016-2017\/aprenem-a-experimentar-noves-dimensions-estetiques-de-la-ciutat\/","title":{"rendered":"Aprenem a experimentar noves dimensions est\u00e8tiques de la ciutat"},"content":{"rendered":"<p>El divendres 16 de desembre<strong> l&#8217;alumnat de les mat\u00e8ries de literatura de Batxillerat<\/strong> va poder gaudir de la confer\u00e8ncia <strong>&#8220;Barcelona: una construcci\u00f3 liter\u00e0ria&#8221;<\/strong>, en el marc del <strong>projecte\u00a0d\u2019aprenentatge i servei que promou la Universitat de Barcelona<\/strong>, i del qual el nostre institut participa.<br \/>\n<iframe loading=\"lazy\" src=\"https:\/\/www.youtube.com\/embed\/V7p7cHJoLXk?rel=0\" width=\"360\" height=\"215\" frameborder=\"0\" allowfullscreen=\"allowfullscreen\"><\/iframe><br \/>\nEls dos conferenciants, <strong>Anna Costa i Pol Fern\u00e0ndez<\/strong>, que s\u00f3n estudiants del darrer curs del grau en <strong>Filologia catalana<\/strong> de la UB van acompanyar\u00a0els nois i noies en un passejada evocadora de textos, que descriuen\u00a0la nostra ciutat, no nom\u00e9s com un espai f\u00edsic i urb\u00e0, sin\u00f3 que l&#8217;evoquen des d&#8217;una altra perspectiva est\u00e8tica, la qual defuig all\u00f2 que \u00e9s m\u00e9s superficial i obvi, per transfigurar-la en quelcom \u00edntim a partir de les emocions que transmet experimentar-la.<br \/>\n<iframe loading=\"lazy\" src=\"https:\/\/www.youtube.com\/embed\/imYVy5h9OEY?rel=0\" width=\"360\" height=\"215\" frameborder=\"0\" allowfullscreen=\"allowfullscreen\"><\/iframe><br \/>\n<strong>Un itinerari po\u00e8tic de la m\u00e0 de grans escriptors\/es com ara Merc\u00e8 Rodoreda, Jaime Gil de Biedma, Narc\u00eds Oller o Juan Mars\u00e9.<\/strong><\/p>\n\n","protected":false},"excerpt":{"rendered":"<p>El divendres 16 de desembre l&#8217;alumnat de les mat\u00e8ries de literatura de Batxillerat va poder gaudir de la confer\u00e8ncia &#8220;Barcelona: una construcci\u00f3 liter\u00e0ria&#8221;, en el marc del projecte\u00a0d\u2019aprenentatge i servei que promou la Universitat de Barcelona, i del qual el nostre institut participa. Els dos conferenciants, Anna Costa i Pol Fern\u00e0ndez, que s\u00f3n estudiants del [&hellip;]<\/p>\n","protected":false},"author":1,"featured_media":3191,"comment_status":"open","ping_status":"open","sticky":false,"template":"","format":"standard","meta":{"_bbp_topic_count":0,"_bbp_reply_count":0,"_bbp_total_topic_count":0,"_bbp_total_reply_count":0,"_bbp_voice_count":0,"_bbp_anonymous_reply_count":0,"_bbp_topic_count_hidden":0,"_bbp_reply_count_hidden":0,"_bbp_forum_subforum_count":0,"site-sidebar-layout":"default","site-content-layout":"","ast-site-content-layout":"","site-content-style":"default","site-sidebar-style":"default","ast-global-header-display":"","ast-banner-title-visibility":"","ast-main-header-display":"","ast-hfb-above-header-display":"","ast-hfb-below-header-display":"","ast-hfb-mobile-header-display":"","site-post-title":"","ast-breadcrumbs-content":"","ast-featured-img":"","footer-sml-layout":"","theme-transparent-header-meta":"","adv-header-id-meta":"","stick-header-meta":"","header-above-stick-meta":"","header-main-stick-meta":"","header-below-stick-meta":"","astra-migrate-meta-layouts":"default","ast-page-background-enabled":"default","ast-page-background-meta":{"desktop":{"background-color":"var(--ast-global-color-4)","background-image":"","background-repeat":"repeat","background-position":"center center","background-size":"auto","background-attachment":"scroll","background-type":"","background-media":"","overlay-type":"","overlay-color":"","overlay-opacity":"","overlay-gradient":""},"tablet":{"background-color":"","background-image":"","background-repeat":"repeat","background-position":"center center","background-size":"auto","background-attachment":"scroll","background-type":"","background-media":"","overlay-type":"","overlay-color":"","overlay-opacity":"","overlay-gradient":""},"mobile":{"background-color":"","background-image":"","background-repeat":"repeat","background-position":"center center","background-size":"auto","background-attachment":"scroll","background-type":"","background-media":"","overlay-type":"","overlay-color":"","overlay-opacity":"","overlay-gradient":""}},"ast-content-background-meta":{"desktop":{"background-color":"var(--ast-global-color-5)","background-image":"","background-repeat":"repeat","background-position":"center center","background-size":"auto","background-attachment":"scroll","background-type":"","background-media":"","overlay-type":"","overlay-color":"","overlay-opacity":"","overlay-gradient":""},"tablet":{"background-color":"var(--ast-global-color-5)","background-image":"","background-repeat":"repeat","background-position":"center center","background-size":"auto","background-attachment":"scroll","background-type":"","background-media":"","overlay-type":"","overlay-color":"","overlay-opacity":"","overlay-gradient":""},"mobile":{"background-color":"var(--ast-global-color-5)","background-image":"","background-repeat":"repeat","background-position":"center center","background-size":"auto","background-attachment":"scroll","background-type":"","background-media":"","overlay-type":"","overlay-color":"","overlay-opacity":"","overlay-gradient":""}},"footnotes":""},"categories":[152],"tags":[],"class_list":["post-3196","post","type-post","status-publish","format-standard","has-post-thumbnail","hentry","category-2016-2017"],"post_mailing_queue_ids":[],"_links":{"self":[{"href":"https:\/\/agora.xtec.cat\/ieslasedeta\/wp-json\/wp\/v2\/posts\/3196","targetHints":{"allow":["GET"]}}],"collection":[{"href":"https:\/\/agora.xtec.cat\/ieslasedeta\/wp-json\/wp\/v2\/posts"}],"about":[{"href":"https:\/\/agora.xtec.cat\/ieslasedeta\/wp-json\/wp\/v2\/types\/post"}],"author":[{"embeddable":true,"href":"https:\/\/agora.xtec.cat\/ieslasedeta\/wp-json\/wp\/v2\/users\/1"}],"replies":[{"embeddable":true,"href":"https:\/\/agora.xtec.cat\/ieslasedeta\/wp-json\/wp\/v2\/comments?post=3196"}],"version-history":[{"count":3,"href":"https:\/\/agora.xtec.cat\/ieslasedeta\/wp-json\/wp\/v2\/posts\/3196\/revisions"}],"predecessor-version":[{"id":3203,"href":"https:\/\/agora.xtec.cat\/ieslasedeta\/wp-json\/wp\/v2\/posts\/3196\/revisions\/3203"}],"wp:featuredmedia":[{"embeddable":true,"href":"https:\/\/agora.xtec.cat\/ieslasedeta\/wp-json\/wp\/v2\/media\/3191"}],"wp:attachment":[{"href":"https:\/\/agora.xtec.cat\/ieslasedeta\/wp-json\/wp\/v2\/media?parent=3196"}],"wp:term":[{"taxonomy":"category","embeddable":true,"href":"https:\/\/agora.xtec.cat\/ieslasedeta\/wp-json\/wp\/v2\/categories?post=3196"},{"taxonomy":"post_tag","embeddable":true,"href":"https:\/\/agora.xtec.cat\/ieslasedeta\/wp-json\/wp\/v2\/tags?post=3196"}],"curies":[{"name":"wp","href":"https:\/\/api.w.org\/{rel}","templated":true}]}}