{"id":13506,"date":"2025-11-11T18:38:45","date_gmt":"2025-11-11T17:38:45","guid":{"rendered":"https:\/\/agora.xtec.cat\/ieslasedeta\/?p=13506"},"modified":"2025-12-04T10:53:24","modified_gmt":"2025-12-04T09:53:24","slug":"eleccions-consell-escolar-2025","status":"publish","type":"post","link":"https:\/\/agora.xtec.cat\/ieslasedeta\/portada\/eleccions-consell-escolar-2025\/","title":{"rendered":"Eleccions Consell Escolar 2025"},"content":{"rendered":"\n<p>Del 17 al 21 de novembre es portaran a terme les <a href=\"https:\/\/www.edubcn.cat\/ca\/alumnat_i_familia\/consell_escolar_als_centres_educatius\">eleccions al consell escolar<\/a>. Aquest \u00f2rgan col\u00b7legiat de participaci\u00f3 de la comunitat escolar en el govern del centre, compta amb la representaci\u00f3 de tots els col\u00b7lectius que intervenen en la comunitat educativa: director\/a, professorat, alumnat, personal d&#8217;administraci\u00f3\/serveis i un representant de l\u2019ajuntament.<\/p>\n\n\n\n<p>Els membres del Consell Escolar s\u00f3n elegits per un per\u00edode de quatre anys i es renoven per meitats cada dos anys. La informaci\u00f3 sobre els candidatures la trobareu al plaf\u00f3 del vest\u00edbul de<br>l\u2019institut.<\/p>\n\n\n\n<h5 class=\"wp-block-heading\">Dates eleccions consell escolar Institut La Sedeta:<\/h5>\n\n\n\n<figure class=\"wp-block-table aligncenter\"><table class=\"has-fixed-layout\"><tbody><tr><td>DATA<\/td><td>HORARI<\/td><td>SECTOR<\/td><td>LLOC<\/td><\/tr><tr><td>Dilluns 17 de novembre<\/td><td>8:30 a 15:00<\/td><td>Alumnat<\/td><td>Vest\u00edbul<\/td><\/tr><tr><td>Dimarts 18 de novembre<\/td><td>15:00 a 19:30<\/td><td>Fam\u00edlies<\/td><td>Vest\u00edbul<\/td><\/tr><tr><td>Dimecres 19 de novembre<\/td><td>15:30<\/td><td>Professorat<\/td><td>Vest\u00edbul<\/td><\/tr><tr><td>Dimecres 19 de novembre<\/td><td>11:30<\/td><td>PAS<\/td><td>Consergeria<\/td><\/tr><\/tbody><\/table><\/figure>\n\n\n\n<p><\/p>\n\n\n\n<p><\/p>\n\n\n\n<p><\/p>\n\n\n\n<p><\/p>\n\n\n\n<p><\/p>\n\n\n\n<p>Us animem a participar activament en les eleccions d\u2019aquest \u00f2rgan de govern tan important per contribuir a crear l\u2019institut que volem.<br>El nou consell escolar ser\u00e0 constitu\u00eft en sessi\u00f3 extraordin\u00e0ria el <strong>dilluns 15 de desembre a les 18.00h<\/strong>.<\/p>\n\n\n\n<p><\/p>\n","protected":false},"excerpt":{"rendered":"<p>Del 17 al 21 de novembre es portaran a terme les eleccions al consell escolar. Aquest \u00f2rgan col\u00b7legiat de participaci\u00f3 de la comunitat escolar en el govern del centre, compta amb la representaci\u00f3 de tots els col\u00b7lectius que intervenen en la comunitat educativa: director\/a, professorat, alumnat, personal d&#8217;administraci\u00f3\/serveis i un representant de l\u2019ajuntament. Els membres [&hellip;]<\/p>\n","protected":false},"author":1,"featured_media":0,"comment_status":"open","ping_status":"open","sticky":false,"template":"","format":"standard","meta":{"_bbp_topic_count":0,"_bbp_reply_count":0,"_bbp_total_topic_count":0,"_bbp_total_reply_count":0,"_bbp_voice_count":0,"_bbp_anonymous_reply_count":0,"_bbp_topic_count_hidden":0,"_bbp_reply_count_hidden":0,"_bbp_forum_subforum_count":0,"site-sidebar-layout":"no-sidebar","site-content-layout":"","ast-site-content-layout":"normal-width-container","site-content-style":"default","site-sidebar-style":"default","ast-global-header-display":"","ast-banner-title-visibility":"","ast-main-header-display":"","ast-hfb-above-header-display":"","ast-hfb-below-header-display":"","ast-hfb-mobile-header-display":"","site-post-title":"","ast-breadcrumbs-content":"","ast-featured-img":"","footer-sml-layout":"","theme-transparent-header-meta":"","adv-header-id-meta":"","stick-header-meta":"","header-above-stick-meta":"","header-main-stick-meta":"","header-below-stick-meta":"","astra-migrate-meta-layouts":"set","ast-page-background-enabled":"default","ast-page-background-meta":{"desktop":{"background-color":"var(--ast-global-color-4)","background-image":"","background-repeat":"repeat","background-position":"center center","background-size":"auto","background-attachment":"scroll","background-type":"","background-media":"","overlay-type":"","overlay-color":"","overlay-opacity":"","overlay-gradient":""},"tablet":{"background-color":"","background-image":"","background-repeat":"repeat","background-position":"center center","background-size":"auto","background-attachment":"scroll","background-type":"","background-media":"","overlay-type":"","overlay-color":"","overlay-opacity":"","overlay-gradient":""},"mobile":{"background-color":"","background-image":"","background-repeat":"repeat","background-position":"center center","background-size":"auto","background-attachment":"scroll","background-type":"","background-media":"","overlay-type":"","overlay-color":"","overlay-opacity":"","overlay-gradient":""}},"ast-content-background-meta":{"desktop":{"background-color":"var(--ast-global-color-5)","background-image":"","background-repeat":"repeat","background-position":"center center","background-size":"auto","background-attachment":"scroll","background-type":"","background-media":"","overlay-type":"","overlay-color":"","overlay-opacity":"","overlay-gradient":""},"tablet":{"background-color":"var(--ast-global-color-5)","background-image":"","background-repeat":"repeat","background-position":"center center","background-size":"auto","background-attachment":"scroll","background-type":"","background-media":"","overlay-type":"","overlay-color":"","overlay-opacity":"","overlay-gradient":""},"mobile":{"background-color":"var(--ast-global-color-5)","background-image":"","background-repeat":"repeat","background-position":"center center","background-size":"auto","background-attachment":"scroll","background-type":"","background-media":"","overlay-type":"","overlay-color":"","overlay-opacity":"","overlay-gradient":""}},"footnotes":""},"categories":[29,428],"tags":[425],"class_list":["post-13506","post","type-post","status-publish","format-standard","hentry","category-portada","category-secretaria","tag-consell-escolar"],"post_mailing_queue_ids":[],"_links":{"self":[{"href":"https:\/\/agora.xtec.cat\/ieslasedeta\/wp-json\/wp\/v2\/posts\/13506","targetHints":{"allow":["GET"]}}],"collection":[{"href":"https:\/\/agora.xtec.cat\/ieslasedeta\/wp-json\/wp\/v2\/posts"}],"about":[{"href":"https:\/\/agora.xtec.cat\/ieslasedeta\/wp-json\/wp\/v2\/types\/post"}],"author":[{"embeddable":true,"href":"https:\/\/agora.xtec.cat\/ieslasedeta\/wp-json\/wp\/v2\/users\/1"}],"replies":[{"embeddable":true,"href":"https:\/\/agora.xtec.cat\/ieslasedeta\/wp-json\/wp\/v2\/comments?post=13506"}],"version-history":[{"count":4,"href":"https:\/\/agora.xtec.cat\/ieslasedeta\/wp-json\/wp\/v2\/posts\/13506\/revisions"}],"predecessor-version":[{"id":13570,"href":"https:\/\/agora.xtec.cat\/ieslasedeta\/wp-json\/wp\/v2\/posts\/13506\/revisions\/13570"}],"wp:attachment":[{"href":"https:\/\/agora.xtec.cat\/ieslasedeta\/wp-json\/wp\/v2\/media?parent=13506"}],"wp:term":[{"taxonomy":"category","embeddable":true,"href":"https:\/\/agora.xtec.cat\/ieslasedeta\/wp-json\/wp\/v2\/categories?post=13506"},{"taxonomy":"post_tag","embeddable":true,"href":"https:\/\/agora.xtec.cat\/ieslasedeta\/wp-json\/wp\/v2\/tags?post=13506"}],"curies":[{"name":"wp","href":"https:\/\/api.w.org\/{rel}","templated":true}]}}