{"id":13421,"date":"2025-11-04T09:48:19","date_gmt":"2025-11-04T08:48:19","guid":{"rendered":"https:\/\/agora.xtec.cat\/ieslasedeta\/?p=13421"},"modified":"2025-11-06T17:15:29","modified_gmt":"2025-11-06T16:15:29","slug":"senyalitzacio-de-linstitut-la-sedeta","status":"publish","type":"post","link":"https:\/\/agora.xtec.cat\/ieslasedeta\/2024-2025\/senyalitzacio-de-linstitut-la-sedeta\/","title":{"rendered":"Senyalitzaci\u00f3 de l\u2019Institut La Sedeta"},"content":{"rendered":"\n<p>El 19 de juny de 2022 es va inaugurar la senyalitzaci\u00f3 hist\u00f2rica de l\u2019Institut La Sedeta. Els vinils, col\u00b7locats als passadissos de les diferents plantes del centre per tal de no interferir en la vida escolar quotidiana, mostraran a l\u2019alumnat, al professorat i a les fam\u00edlies el passat i el present d\u2019aquest edifici singular, quines seccions de l\u2019antiga f\u00e0brica t\u00e8xtil ocupaven les aules de l\u2019actual centre educatiu.<br>El projecte ha estat molt participatiu. Els alumnes i professors de 4t A, 4t B i 4t C del curs 2021-2022 van fer una proposta inicial dels textos de la senyalitzaci\u00f3, la Comissi\u00f3 de seguiment del Projecte de recuperaci\u00f3 de la mem\u00f2ria oral de La Sedeta els va revisar i la historiadora Carolina Chifoni, va fer la redacci\u00f3 definitiva dels textos. Per fer aquesta senyalitzaci\u00f3 s\u2019han utilitzat fotografies i documents aportats per antigues treballadores i treballadors durant les entrevistes realitzades a l\u2019inici del projecte, per familiars de treballadors i altres persones vinculades als \u00f2rgans de direcci\u00f3 de la f\u00e0brica que tamb\u00e9 han contribu\u00eft al fons documental sobre la Sedeta. Aquest fons documental es va traslladar a l\u2019Arxiu del Districte de Gr\u00e0cia el passat mes de novembre.<\/p>\n\n\n\n<p><br>Podeu consultar els <a href=\"https:\/\/agora.xtec.cat\/ieslasedeta\/wp-content\/uploads\/usu656\/2025\/11\/Senyalitzacions-Institut-La-Sedeta-ESP-ENG.pdf\" data-type=\"link\" data-id=\"https:\/\/agora.xtec.cat\/ieslasedeta\/wp-content\/uploads\/usu656\/2025\/11\/Senyalitzacions-Institut-La-Sedeta-ESP-ENG.pdf\">textos de la senyalitzaci\u00f3 en castell\u00e0 i en angl\u00e8s<\/a><\/p>\n\n\n\n<p><\/p>\n","protected":false},"excerpt":{"rendered":"<p>El 19 de juny de 2022 es va inaugurar la senyalitzaci\u00f3 hist\u00f2rica de l\u2019Institut La Sedeta. Els vinils, col\u00b7locats als passadissos de les diferents plantes del centre per tal de no interferir en la vida escolar quotidiana, mostraran a l\u2019alumnat, al professorat i a les fam\u00edlies el passat i el present d\u2019aquest edifici singular, quines [&hellip;]<\/p>\n","protected":false},"author":1,"featured_media":0,"comment_status":"open","ping_status":"open","sticky":false,"template":"","format":"standard","meta":{"_bbp_topic_count":0,"_bbp_reply_count":0,"_bbp_total_topic_count":0,"_bbp_total_reply_count":0,"_bbp_voice_count":0,"_bbp_anonymous_reply_count":0,"_bbp_topic_count_hidden":0,"_bbp_reply_count_hidden":0,"_bbp_forum_subforum_count":0,"site-sidebar-layout":"default","site-content-layout":"","ast-site-content-layout":"default","site-content-style":"default","site-sidebar-style":"default","ast-global-header-display":"","ast-banner-title-visibility":"","ast-main-header-display":"","ast-hfb-above-header-display":"","ast-hfb-below-header-display":"","ast-hfb-mobile-header-display":"","site-post-title":"","ast-breadcrumbs-content":"","ast-featured-img":"","footer-sml-layout":"","theme-transparent-header-meta":"","adv-header-id-meta":"","stick-header-meta":"","header-above-stick-meta":"","header-main-stick-meta":"","header-below-stick-meta":"","astra-migrate-meta-layouts":"set","ast-page-background-enabled":"default","ast-page-background-meta":{"desktop":{"background-color":"var(--ast-global-color-4)","background-image":"","background-repeat":"repeat","background-position":"center center","background-size":"auto","background-attachment":"scroll","background-type":"","background-media":"","overlay-type":"","overlay-color":"","overlay-opacity":"","overlay-gradient":""},"tablet":{"background-color":"","background-image":"","background-repeat":"repeat","background-position":"center center","background-size":"auto","background-attachment":"scroll","background-type":"","background-media":"","overlay-type":"","overlay-color":"","overlay-opacity":"","overlay-gradient":""},"mobile":{"background-color":"","background-image":"","background-repeat":"repeat","background-position":"center center","background-size":"auto","background-attachment":"scroll","background-type":"","background-media":"","overlay-type":"","overlay-color":"","overlay-opacity":"","overlay-gradient":""}},"ast-content-background-meta":{"desktop":{"background-color":"var(--ast-global-color-5)","background-image":"","background-repeat":"repeat","background-position":"center center","background-size":"auto","background-attachment":"scroll","background-type":"","background-media":"","overlay-type":"","overlay-color":"","overlay-opacity":"","overlay-gradient":""},"tablet":{"background-color":"var(--ast-global-color-5)","background-image":"","background-repeat":"repeat","background-position":"center center","background-size":"auto","background-attachment":"scroll","background-type":"","background-media":"","overlay-type":"","overlay-color":"","overlay-opacity":"","overlay-gradient":""},"mobile":{"background-color":"var(--ast-global-color-5)","background-image":"","background-repeat":"repeat","background-position":"center center","background-size":"auto","background-attachment":"scroll","background-type":"","background-media":"","overlay-type":"","overlay-color":"","overlay-opacity":"","overlay-gradient":""}},"footnotes":""},"categories":[423],"tags":[422],"class_list":["post-13421","post","type-post","status-publish","format-standard","hentry","category-2024-2025","tag-historia-del-centre"],"post_mailing_queue_ids":[],"_links":{"self":[{"href":"https:\/\/agora.xtec.cat\/ieslasedeta\/wp-json\/wp\/v2\/posts\/13421","targetHints":{"allow":["GET"]}}],"collection":[{"href":"https:\/\/agora.xtec.cat\/ieslasedeta\/wp-json\/wp\/v2\/posts"}],"about":[{"href":"https:\/\/agora.xtec.cat\/ieslasedeta\/wp-json\/wp\/v2\/types\/post"}],"author":[{"embeddable":true,"href":"https:\/\/agora.xtec.cat\/ieslasedeta\/wp-json\/wp\/v2\/users\/1"}],"replies":[{"embeddable":true,"href":"https:\/\/agora.xtec.cat\/ieslasedeta\/wp-json\/wp\/v2\/comments?post=13421"}],"version-history":[{"count":2,"href":"https:\/\/agora.xtec.cat\/ieslasedeta\/wp-json\/wp\/v2\/posts\/13421\/revisions"}],"predecessor-version":[{"id":13425,"href":"https:\/\/agora.xtec.cat\/ieslasedeta\/wp-json\/wp\/v2\/posts\/13421\/revisions\/13425"}],"wp:attachment":[{"href":"https:\/\/agora.xtec.cat\/ieslasedeta\/wp-json\/wp\/v2\/media?parent=13421"}],"wp:term":[{"taxonomy":"category","embeddable":true,"href":"https:\/\/agora.xtec.cat\/ieslasedeta\/wp-json\/wp\/v2\/categories?post=13421"},{"taxonomy":"post_tag","embeddable":true,"href":"https:\/\/agora.xtec.cat\/ieslasedeta\/wp-json\/wp\/v2\/tags?post=13421"}],"curies":[{"name":"wp","href":"https:\/\/api.w.org\/{rel}","templated":true}]}}