{"id":421,"count":2,"description":"Aquesta \u00e0rea s'ocupa de <strong>l\u2019aprenentatge de les habilitats comunicatives en lleng\u00fces catalana i castellana<\/strong>, aix\u00ed com del <strong>foment de la lectura i la hist\u00f2ria de la literatura<\/strong> d'aquestes lleng\u00fces. Tamb\u00e9 aplega\u00a0<strong>el conreu i estudi de les lleng\u00fces cl\u00e0ssiques [llat\u00ed i grec] i la contribuci\u00f3 del m\u00f3n cl\u00e0ssic<\/strong>\u00a0a la nostra societat pel que fa a la llengua, la literatura, la filosofia, la ci\u00e8ncia, la t\u00e8cnica, l\u2019urbanisme, l\u2019arquitectura i les arts pl\u00e0stiques, entre d\u2019altres.\r\n<table style=\"background-color: #f79707;\">\r\n<tbody>\r\n<tr>\r\n<td style=\"text-align: center;\"><span style=\"color: #ffffff;\"><strong>Jacint Verdaguer<\/strong><\/span><\/td>\r\n<td style=\"text-align: center;\"><span style=\"color: #ffffff;\"><strong>Merc\u00e8 Rodoreda<\/strong><\/span><\/td>\r\n<td style=\"text-align: center;\"><span style=\"color: #ffffff;\"><strong>Federico G. Lorca<\/strong><\/span><\/td>\r\n<td style=\"text-align: center;\"><span style=\"color: #ffffff;\"><strong>Ana Mar\u00eda Matute<\/strong><\/span><\/td>\r\n<td style=\"text-align: center;\"><span style=\"color: #ffffff;\"><strong>Homer\u00a0<\/strong><\/span><\/td>\r\n<\/tr>\r\n<tr>\r\n<td><a href=\"http:\/\/www.enciclopedia.cat\/EC-GEC-0070084.xml\" target=\"_blank\" rel=\"noopener noreferrer\"><img class=\"alignnone size-thumbnail wp-image-511\" src=\"http:\/\/agora.xtec.cat\/ieslasedeta\/wp-content\/uploads\/usu656\/2015\/09\/Verdaguer1-150x150.jpg\" alt=\"Verdaguer\" width=\"150\" height=\"150\" \/><\/a><\/td>\r\n<td><a href=\"http:\/\/www.enciclopedia.cat\/EC-GEC-0056324.xml\" target=\"_blank\" rel=\"noopener noreferrer\"><img class=\"alignnone size-thumbnail wp-image-510\" src=\"http:\/\/agora.xtec.cat\/ieslasedeta\/wp-content\/uploads\/usu656\/2015\/09\/Rodoreda1-150x150.jpg\" alt=\"Rodoreda\" width=\"150\" height=\"150\" \/><\/a><\/td>\r\n<td><a href=\"http:\/\/www.enciclopedia.cat\/EC-GEC-0029103.xml\" target=\"_blank\" rel=\"noopener noreferrer\"><img class=\"alignnone size-thumbnail wp-image-506\" src=\"http:\/\/agora.xtec.cat\/ieslasedeta\/wp-content\/uploads\/usu656\/2015\/09\/lorca-150x150.jpg\" alt=\"lorca\" width=\"150\" height=\"150\" \/><\/a><\/td>\r\n<td><a href=\"http:\/\/www.enciclopedia.cat\/EC-GEC-0041432.xml\" target=\"_blank\" rel=\"noopener noreferrer\"><img class=\"alignnone size-thumbnail wp-image-507\" src=\"http:\/\/agora.xtec.cat\/ieslasedeta\/wp-content\/uploads\/usu656\/2015\/09\/matute-150x150.jpg\" alt=\"matute\" width=\"150\" height=\"150\" \/><\/a><\/td>\r\n<td><a href=\"http:\/\/www.enciclopedia.cat\/EC-GEC-0032860.xml\" target=\"_blank\" rel=\"noopener noreferrer\"><img class=\"alignnone size-thumbnail wp-image-513\" src=\"http:\/\/agora.xtec.cat\/ieslasedeta\/wp-content\/uploads\/usu656\/2015\/09\/homero_2-150x150.jpg\" alt=\"homero_2\" width=\"150\" height=\"150\" \/><\/a><\/td>\r\n<\/tr>\r\n<\/tbody>\r\n<\/table>\r\nPer saber-ne m\u00e9s sobre els criteris d'avaluaci\u00f3 de l'<a href=\"https:\/\/cdn.knightlab.com\/libs\/timeline3\/latest\/embed\/index.html?source=1ymt_MlzfQppFgYFHoffO3O7cotCHYesuYOmpxp_-dog&amp;font=Default&amp;lang=en&amp;initial_zoom=2&amp;height=650\">\u00e0mbit de Lleng\u00fces<\/a>, clica l'enlla\u00e7.","link":"https:\/\/agora.xtec.cat\/ieslasedeta\/categoria\/llengues-i-literatures\/","name":"Lleng\u00fces i Literatura","slug":"llengues-i-literatures","taxonomy":"category","parent":0,"meta":[],"_links":{"self":[{"href":"https:\/\/agora.xtec.cat\/ieslasedeta\/wp-json\/wp\/v2\/categories\/421","targetHints":{"allow":["GET"]}}],"collection":[{"href":"https:\/\/agora.xtec.cat\/ieslasedeta\/wp-json\/wp\/v2\/categories"}],"about":[{"href":"https:\/\/agora.xtec.cat\/ieslasedeta\/wp-json\/wp\/v2\/taxonomies\/category"}],"wp:post_type":[{"href":"https:\/\/agora.xtec.cat\/ieslasedeta\/wp-json\/wp\/v2\/posts?categories=421"}],"curies":[{"name":"wp","href":"https:\/\/api.w.org\/{rel}","templated":true}]}}