{"id":322,"count":2,"description":"","link":"https:\/\/agora.xtec.cat\/ieslaromanica\/tag\/ambit-artistic-i-tecnologic\/","name":"\u00c0mbit art\u00edstic i tecnol\u00f2gic","slug":"ambit-artistic-i-tecnologic","taxonomy":"post_tag","meta":[],"_links":{"self":[{"href":"https:\/\/agora.xtec.cat\/ieslaromanica\/wp-json\/wp\/v2\/tags\/322","targetHints":{"allow":["GET"]}}],"collection":[{"href":"https:\/\/agora.xtec.cat\/ieslaromanica\/wp-json\/wp\/v2\/tags"}],"about":[{"href":"https:\/\/agora.xtec.cat\/ieslaromanica\/wp-json\/wp\/v2\/taxonomies\/post_tag"}],"wp:post_type":[{"href":"https:\/\/agora.xtec.cat\/ieslaromanica\/wp-json\/wp\/v2\/posts?tags=322"}],"curies":[{"name":"wp","href":"https:\/\/api.w.org\/{rel}","templated":true}]}}