{"id":901,"date":"2016-12-19T16:43:58","date_gmt":"2016-12-19T15:43:58","guid":{"rendered":"http:\/\/agora.xtec.cat\/ieslaromanica\/?p=901"},"modified":"2016-12-22T20:19:17","modified_gmt":"2016-12-22T19:19:17","slug":"linstitut-la-romanica-amb-la-marato","status":"publish","type":"post","link":"https:\/\/agora.xtec.cat\/ieslaromanica\/general\/linstitut-la-romanica-amb-la-marato\/","title":{"rendered":"L&#8217;Institut La Rom\u00e0nica amb La Marat\u00f3"},"content":{"rendered":"<p style=\"text-align: center;\"><a href=\"http:\/\/agora.xtec.cat\/ieslaromanica\/wp-content\/uploads\/usu857\/2014\/09\/\u00edndice.png\"><img loading=\"lazy\" decoding=\"async\" class=\"alignnone wp-image-938\" src=\"http:\/\/agora.xtec.cat\/ieslaromanica\/wp-content\/uploads\/usu857\/2014\/09\/\u00edndice.png\" alt=\"indice\" width=\"372\" height=\"210\" \/><\/a><\/p>\n<p style=\"text-align: justify;\">La Marat\u00f3, a part de ser un programa de televisi\u00f3 de TV3 que acaba de complir 25 anys, \u00e9s actualment patrimoni de la ciutadania del nostre pa\u00eds.<\/p>\n<p style=\"text-align: justify;\">Aquest curs, novament, conscients de la necessitat d&#8217;obtenci\u00f3 de recursos econ\u00f2mics per a la recerca m\u00e8dica, l&#8217;Institut La Rom\u00e0nica hem tornat a col\u00b7laborar amb La Marat\u00f3. I ho hem fet amb tres propostes diferents:<\/p>\n<p style=\"text-align: justify;\">El dimecres 14 de desembre al mat\u00ed, els grups de 3r d&#8217;ESO van gaudir de les xerrades que metges i alumnat del darrer curs de Medecina fan als centres educatius, amb l&#8217;objectiu de donar a con\u00e8ixer les malalties per les quals La Marat\u00f3 est\u00e0 recaptant fons.<\/p>\n<p style=\"text-align: justify;\">En aquesta ocasi\u00f3, les xerrades les va fer l&#8217;Anna Carrillo Moreno, que va explicar al nostre alumnat, de forma din\u00e0mica i participativa, qu\u00e8 \u00e9s un ictus, les seves tipologies (ictus isqu\u00e8mic i ictus hemorr\u00e0gic), com detectar-lo r\u00e0pidament, les recomanacions per la seva prevenci\u00f3, els tractaments,\u00a0 les conseq\u00fc\u00e8ncies d&#8217;aquestes malalties, la necessitat d&#8217;investigar per poder trobar tractaments&#8230; i al final van veure dos v\u00eddeos amb casos reals de persones que han patit un ictus i lesions medul\u00b7lars i cerebrals traum\u00e0tiques.<\/p>\n<p><a href=\"http:\/\/agora.xtec.cat\/ieslaromanica\/wp-content\/uploads\/usu857\/2016\/12\/xerrada-marato-2.jpg\"><img loading=\"lazy\" decoding=\"async\" class=\"alignnone size-full wp-image-966\" src=\"http:\/\/agora.xtec.cat\/ieslaromanica\/wp-content\/uploads\/usu857\/2016\/12\/xerrada-marato-2.jpg\" alt=\"xerrada-marato-2\" width=\"1161\" height=\"818\" srcset=\"https:\/\/agora.xtec.cat\/ieslaromanica\/wp-content\/uploads\/usu857\/2016\/12\/xerrada-marato-2.jpg 1161w, https:\/\/agora.xtec.cat\/ieslaromanica\/wp-content\/uploads\/usu857\/2016\/12\/xerrada-marato-2-300x211.jpg 300w, https:\/\/agora.xtec.cat\/ieslaromanica\/wp-content\/uploads\/usu857\/2016\/12\/xerrada-marato-2-768x541.jpg 768w, https:\/\/agora.xtec.cat\/ieslaromanica\/wp-content\/uploads\/usu857\/2016\/12\/xerrada-marato-2-1024x721.jpg 1024w\" sizes=\"auto, (max-width: 1161px) 100vw, 1161px\" \/><\/a><\/p>\n<p style=\"text-align: justify;\">Tamb\u00e9 el dimecres 14, l&#8217;alumnat de l&#8217;Institut La Rom\u00e0nica que aix\u00ed ho va voler, va ballar la Flashmob de la can\u00e7\u00f3 de La Marat\u00f3 a la Pla\u00e7a de l&#8217;Ajuntament i es va emetre en directe pel programa &#8220;Divendres&#8221; de TV3. Pr\u00e8viament, s&#8217;havia donat a con\u00e8ixer l&#8217;enlla\u00e7 al tutorial de la can\u00e7\u00f3 per tal d&#8217;assajar a casa i s&#8217;havia fet un assaig a l&#8217;Institut, amb la gravaci\u00f3 d&#8217;una &#8220;Mannequin challenge&#8221; de la Flashmob de La Marat\u00f3 inclosa.<\/p>\n<p style=\"text-align: justify;\">L&#8217;objectiu va ser passar una estona en bona companyia, viure l&#8217;experi\u00e8ncia de veure bategar la Pla\u00e7a de l&#8217;Ajuntament de Barber\u00e0 com si fos un sol cor i ballar per una bona causa.<\/p>\n<p style=\"text-align: center;\"><a href=\"http:\/\/agora.xtec.cat\/ieslaromanica\/wp-content\/uploads\/usu857\/2016\/12\/flashmob-marato-14-12-16.jpg\"><img loading=\"lazy\" decoding=\"async\" class=\"alignnone size-full wp-image-968\" src=\"http:\/\/agora.xtec.cat\/ieslaromanica\/wp-content\/uploads\/usu857\/2016\/12\/flashmob-marato-14-12-16.jpg\" alt=\"flashmob-marato-14-12-16\" width=\"1479\" height=\"900\" srcset=\"https:\/\/agora.xtec.cat\/ieslaromanica\/wp-content\/uploads\/usu857\/2016\/12\/flashmob-marato-14-12-16.jpg 1479w, https:\/\/agora.xtec.cat\/ieslaromanica\/wp-content\/uploads\/usu857\/2016\/12\/flashmob-marato-14-12-16-300x183.jpg 300w, https:\/\/agora.xtec.cat\/ieslaromanica\/wp-content\/uploads\/usu857\/2016\/12\/flashmob-marato-14-12-16-768x467.jpg 768w, https:\/\/agora.xtec.cat\/ieslaromanica\/wp-content\/uploads\/usu857\/2016\/12\/flashmob-marato-14-12-16-1024x623.jpg 1024w\" sizes=\"auto, (max-width: 1479px) 100vw, 1479px\" \/><\/a><\/p>\n<p style=\"text-align: center;\"><a href=\"http:\/\/www.ccma.cat\/tv3\/alacarta\/divendres\/la-flashmob-de-la-marato-des-de-barbera-del-valles\/video\/5637552\/\">I ara, gaudiu de la Flashmob al seg\u00fcent enlla\u00e7 de TV3 a la Carta<\/a><\/p>\n<p style=\"text-align: justify;\">La darrera activitat duta a terme ha estat iniciativa del propi alumnat del centre. Durant la setmana del 12 al 16 de desembre, l&#8217;alumnat de Batxillerat durant el segon pati del mat\u00ed i Consergeria a la tarda, van vendre paperetes a 1 euro per al gran sorteig de quatre paneres.<\/p>\n<p style=\"text-align: justify;\">L&#8217;objectiu ha estat recaptar fons i donar-los, \u00edntegrament, a La Marat\u00f3, ja que els productes que conformaven les quatre paneres van ser aportats, de forma volunt\u00e0ria, pel professorat i personal del nostre centre.<\/p>\n<p style=\"text-align: justify;\">S&#8217;ha recaptat un total de 437 euros, que es destinaran a la Fundaci\u00f3 de La Marat\u00f3 per a la investigaci\u00f3 sobre l&#8217;ictus i les lesions medul\u00b7lars i cerebrals traum\u00e0tiques.<\/p>\n<p style=\"text-align: center;\"><a href=\"http:\/\/agora.xtec.cat\/ieslaromanica\/wp-content\/uploads\/usu857\/2014\/09\/20161205_170728-Reduida.jpg\"><img loading=\"lazy\" decoding=\"async\" class=\"alignnone size-full wp-image-936\" src=\"http:\/\/agora.xtec.cat\/ieslaromanica\/wp-content\/uploads\/usu857\/2014\/09\/20161205_170728-Reduida.jpg\" alt=\"20161205_170728-reduida\" width=\"1280\" height=\"881\" srcset=\"https:\/\/agora.xtec.cat\/ieslaromanica\/wp-content\/uploads\/usu857\/2014\/09\/20161205_170728-Reduida.jpg 1280w, https:\/\/agora.xtec.cat\/ieslaromanica\/wp-content\/uploads\/usu857\/2014\/09\/20161205_170728-Reduida-300x206.jpg 300w, https:\/\/agora.xtec.cat\/ieslaromanica\/wp-content\/uploads\/usu857\/2014\/09\/20161205_170728-Reduida-768x529.jpg 768w, https:\/\/agora.xtec.cat\/ieslaromanica\/wp-content\/uploads\/usu857\/2014\/09\/20161205_170728-Reduida-1024x705.jpg 1024w\" sizes=\"auto, (max-width: 1280px) 100vw, 1280px\" \/><\/a><\/p>\n<p style=\"text-align: justify;\">El dilluns 19 de desembre va tenir lloc el gran sorteig de les quatre paneres i els quatre n\u00fameros afortunats van ser: 437, 257, 308 i 071. Van\u00a0 guanyar les paneres dos alumnes, un professor i una professora del centre. De ben segur que els ajudaran a preparar uns suculents \u00e0pats durant aquestes vacances.<\/p>\n<p>\u00a0L&#8217;enhorabona!<\/p>\n","protected":false},"excerpt":{"rendered":"<p><a href=\"http:\/\/agora.xtec.cat\/ieslaromanica\/wp-content\/uploads\/usu857\/2014\/09\/\u00edndice.png\"><\/a><br \/>\nLa Marat\u00f3, a part de ser un programa de televisi\u00f3 de TV3 que acaba de complir 25 anys, \u00e9s actualment patrimoni de la ciutadania del nostre pa\u00eds.<br \/>\nAquest curs, novament, conscients de la necessitat d&#8217;obtenci\u00f3 de recursos econ\u00f2mics per a la recerca m\u00e8dica, l&#8217;Institut La&hellip;  <a href=\"https:\/\/agora.xtec.cat\/ieslaromanica\/general\/linstitut-la-romanica-amb-la-marato\/\" title=\"Read L&#8217;Institut La Rom\u00e0nica amb La Marat\u00f3\">Llegeix m\u00e9s\u00bb<\/a><\/p>\n","protected":false},"author":3,"featured_media":938,"comment_status":"open","ping_status":"open","sticky":false,"template":"","format":"standard","meta":{"_bbp_topic_count":0,"_bbp_reply_count":0,"_bbp_total_topic_count":0,"_bbp_total_reply_count":0,"_bbp_voice_count":0,"_bbp_anonymous_reply_count":0,"_bbp_topic_count_hidden":0,"_bbp_reply_count_hidden":0,"_bbp_forum_subforum_count":0,"footnotes":""},"categories":[3,6,1,29],"tags":[111,119,44],"class_list":["post-901","post","type-post","status-publish","format-standard","has-post-thumbnail","hentry","category-eso","category-eso-3","category-general","category-portada","tag-3r-eso","tag-la-marato","tag-xerrades"],"post_mailing_queue_ids":[],"_links":{"self":[{"href":"https:\/\/agora.xtec.cat\/ieslaromanica\/wp-json\/wp\/v2\/posts\/901","targetHints":{"allow":["GET"]}}],"collection":[{"href":"https:\/\/agora.xtec.cat\/ieslaromanica\/wp-json\/wp\/v2\/posts"}],"about":[{"href":"https:\/\/agora.xtec.cat\/ieslaromanica\/wp-json\/wp\/v2\/types\/post"}],"author":[{"embeddable":true,"href":"https:\/\/agora.xtec.cat\/ieslaromanica\/wp-json\/wp\/v2\/users\/3"}],"replies":[{"embeddable":true,"href":"https:\/\/agora.xtec.cat\/ieslaromanica\/wp-json\/wp\/v2\/comments?post=901"}],"version-history":[{"count":3,"href":"https:\/\/agora.xtec.cat\/ieslaromanica\/wp-json\/wp\/v2\/posts\/901\/revisions"}],"predecessor-version":[{"id":1017,"href":"https:\/\/agora.xtec.cat\/ieslaromanica\/wp-json\/wp\/v2\/posts\/901\/revisions\/1017"}],"wp:featuredmedia":[{"embeddable":true,"href":"https:\/\/agora.xtec.cat\/ieslaromanica\/wp-json\/wp\/v2\/media\/938"}],"wp:attachment":[{"href":"https:\/\/agora.xtec.cat\/ieslaromanica\/wp-json\/wp\/v2\/media?parent=901"}],"wp:term":[{"taxonomy":"category","embeddable":true,"href":"https:\/\/agora.xtec.cat\/ieslaromanica\/wp-json\/wp\/v2\/categories?post=901"},{"taxonomy":"post_tag","embeddable":true,"href":"https:\/\/agora.xtec.cat\/ieslaromanica\/wp-json\/wp\/v2\/tags?post=901"}],"curies":[{"name":"wp","href":"https:\/\/api.w.org\/{rel}","templated":true}]}}