{"id":899,"date":"2017-03-20T12:38:52","date_gmt":"2017-03-20T11:38:52","guid":{"rendered":"http:\/\/agora.xtec.cat\/ieslaromanica\/?p=899"},"modified":"2017-03-20T12:38:52","modified_gmt":"2017-03-20T11:38:52","slug":"resultats-de-les-eleccions-al-consell-escolar","status":"publish","type":"post","link":"https:\/\/agora.xtec.cat\/ieslaromanica\/general\/resultats-de-les-eleccions-al-consell-escolar\/","title":{"rendered":"Resultats de les Eleccions al Consell Escolar"},"content":{"rendered":"<p style=\"text-align: justify;\">Passades les eleccions per a la renovaci\u00f3 d&#8217;alguns membres del Consell Escolar, celebrades durant el primer trimestre del curs 2016\/2017, els presentem els resultats amb els nous membres que conformen l&#8217;actual Consell Escolar, m\u00e0xim \u00f2rgan de decisi\u00f3 del nostre centre:<\/p>\n<p style=\"text-align: center;\"><a href=\"http:\/\/agora.xtec.cat\/ieslaromanica\/wp-content\/uploads\/usu857\/2016\/12\/Resultats-eleccions-2016.pdf\">resultats-eleccions-2016<\/a><\/p>\n<p style=\"text-align: center;\">\n","protected":false},"excerpt":{"rendered":"<p>Passades les eleccions per a la renovaci\u00f3 d&#8217;alguns membres del Consell Escolar, celebrades durant el primer trimestre del curs 2016\/2017, els presentem els resultats amb els nous membres que conformen l&#8217;actual Consell Escolar, m\u00e0xim \u00f2rgan de decisi\u00f3 del nostre centre:<br \/>\n<a href=\"http:\/\/agora.xtec.cat\/ieslaromanica\/wp-content\/uploads\/usu857\/2016\/12\/Resultats-eleccions-2016.pdf\">resultats-eleccions-2016<\/a><\/p>\n","protected":false},"author":3,"featured_media":0,"comment_status":"open","ping_status":"open","sticky":false,"template":"","format":"standard","meta":{"_bbp_topic_count":0,"_bbp_reply_count":0,"_bbp_total_topic_count":0,"_bbp_total_reply_count":0,"_bbp_voice_count":0,"_bbp_anonymous_reply_count":0,"_bbp_topic_count_hidden":0,"_bbp_reply_count_hidden":0,"_bbp_forum_subforum_count":0,"footnotes":""},"categories":[31,1,29],"tags":[120,121],"class_list":["post-899","post","type-post","status-publish","format-standard","hentry","category-afa","category-general","category-portada","tag-consell-escolar","tag-eleccions"],"post_mailing_queue_ids":[],"_links":{"self":[{"href":"https:\/\/agora.xtec.cat\/ieslaromanica\/wp-json\/wp\/v2\/posts\/899","targetHints":{"allow":["GET"]}}],"collection":[{"href":"https:\/\/agora.xtec.cat\/ieslaromanica\/wp-json\/wp\/v2\/posts"}],"about":[{"href":"https:\/\/agora.xtec.cat\/ieslaromanica\/wp-json\/wp\/v2\/types\/post"}],"author":[{"embeddable":true,"href":"https:\/\/agora.xtec.cat\/ieslaromanica\/wp-json\/wp\/v2\/users\/3"}],"replies":[{"embeddable":true,"href":"https:\/\/agora.xtec.cat\/ieslaromanica\/wp-json\/wp\/v2\/comments?post=899"}],"version-history":[{"count":3,"href":"https:\/\/agora.xtec.cat\/ieslaromanica\/wp-json\/wp\/v2\/posts\/899\/revisions"}],"predecessor-version":[{"id":1238,"href":"https:\/\/agora.xtec.cat\/ieslaromanica\/wp-json\/wp\/v2\/posts\/899\/revisions\/1238"}],"wp:attachment":[{"href":"https:\/\/agora.xtec.cat\/ieslaromanica\/wp-json\/wp\/v2\/media?parent=899"}],"wp:term":[{"taxonomy":"category","embeddable":true,"href":"https:\/\/agora.xtec.cat\/ieslaromanica\/wp-json\/wp\/v2\/categories?post=899"},{"taxonomy":"post_tag","embeddable":true,"href":"https:\/\/agora.xtec.cat\/ieslaromanica\/wp-json\/wp\/v2\/tags?post=899"}],"curies":[{"name":"wp","href":"https:\/\/api.w.org\/{rel}","templated":true}]}}