{"id":3906,"date":"2018-06-27T13:53:42","date_gmt":"2018-06-27T11:53:42","guid":{"rendered":"http:\/\/agora.xtec.cat\/ieslaromanica\/?p=3906"},"modified":"2018-06-27T17:13:01","modified_gmt":"2018-06-27T15:13:01","slug":"projecte-fisica-al-parc","status":"publish","type":"post","link":"https:\/\/agora.xtec.cat\/ieslaromanica\/general\/projecte-fisica-al-parc\/","title":{"rendered":"PROJECTE: F\u00edsica al parc"},"content":{"rendered":"<p style=\"text-align: center;\"><a href=\"http:\/\/agora.xtec.cat\/ieslaromanica\/wp-content\/uploads\/usu857\/2018\/06\/imatge-web.png\"><img loading=\"lazy\" decoding=\"async\" class=\"alignnone size-full wp-image-3944\" src=\"http:\/\/agora.xtec.cat\/ieslaromanica\/wp-content\/uploads\/usu857\/2018\/06\/imatge-web.png\" alt=\"\" width=\"768\" height=\"693\" srcset=\"https:\/\/agora.xtec.cat\/ieslaromanica\/wp-content\/uploads\/usu857\/2018\/06\/imatge-web.png 768w, https:\/\/agora.xtec.cat\/ieslaromanica\/wp-content\/uploads\/usu857\/2018\/06\/imatge-web-300x271.png 300w\" sizes=\"auto, (max-width: 768px) 100vw, 768px\" \/><\/a><\/p>\n<p style=\"text-align: justify;\"><strong>&#8220;F\u00edsica al parc&#8221;<\/strong> \u00e9s un projecte dirigit a l&#8217;alumnat de F\u00edsica de 1r de Batxillerat, elaborat per la Lurdes Morral, amb l&#8217;objectiu aplicar tot all\u00f2 que els nois i noies han apr\u00e8s a les classes i al laboratori a trav\u00e9s d&#8217;una visita al Parc Catalunya de Sabadell, \u00e9s a dir, \u00e9s que \u00e9s un projecte de F\u00edsica aplicada.<\/p>\n<p style=\"text-align: justify;\">Abans, per\u00f2, han preparat el projecte a l&#8217;institut realitzant pr\u00e0ctiques senzilles de caiguda lliure, moviment parab\u00f2lic, moviment circular, moviment d&#8217;un p\u00e8ndul i han apr\u00e8s a utilitzar aplicacions com ImageMeter, que serveix per estimar dist\u00e0ncies, una que mesura acceleracions i tamb\u00e9 han gravat els moviments i han fet el tractament de les imatges amb el programa Tracker.<\/p>\n<p style=\"text-align: justify;\">A continuaci\u00f3, us presentem el blog del <strong>PROJECTE F\u00cdSICA AL PARC<\/strong>, per tal que el pugueu con\u00e8ixer:<\/p>\n<p style=\"text-align: justify;\"><a href=\"http:\/\/fisicaalparc.wordpress.com\">https:\/\/fisicaalparc.wordpress.com\/<\/a><\/p>\n<p style=\"text-align: justify;\">De totes aquestes mini experi\u00e8ncies, s&#8217;han realitzat uns tutorials per explicar com s&#8217;han realitzat i com cal emprar el programa i les aplicacions.<\/p>\n<p style=\"text-align: justify;\">Finalment, a mitjans de maig, van anar tot el mat\u00ed al Parc Catalunya i, per grups, van dissenyar pr\u00e0ctiques als tobogans, als gronxadors, a l&#8217;aranya i a l&#8217;skate a una escala major que al laboratori, van fer les mesures oportunes i van recollir tots els resultats en presentacions i v\u00eddeos que estan recollits a la web de f\u00edsicaalparc que us hem indicat.<\/p>\n<p style=\"text-align: justify;\">I aqu\u00ed teniu l&#8217;enlla\u00e7 a un v\u00eddeo on podeu veure un resum en imatges de tot el que s&#8217;ha dut a terme al Parc Catalunya. Ja veureu quina xulada!:<\/p>\n<p style=\"text-align: justify;\"><a href=\"https:\/\/www.youtube.com\/watch?v=XZiyPDcOqgY\">https:\/\/www.youtube.com\/watch?v=XZiyPDcOqgY<\/a><\/p>\n<p><iframe loading=\"lazy\" title=\"Video fisicaalparc\" width=\"500\" height=\"281\" src=\"https:\/\/www.youtube.com\/embed\/wJsETO5WMnQ?feature=oembed\" frameborder=\"0\" allow=\"accelerometer; autoplay; clipboard-write; encrypted-media; gyroscope; picture-in-picture; web-share\" referrerpolicy=\"strict-origin-when-cross-origin\" allowfullscreen><\/iframe><\/p>\n<p>&nbsp;<\/p>\n<p>&nbsp;<\/p>\n","protected":false},"excerpt":{"rendered":"<p><a href=\"http:\/\/agora.xtec.cat\/ieslaromanica\/wp-content\/uploads\/usu857\/2018\/06\/imatge-web.png\"><\/a><br \/>\n&#8220;F\u00edsica al parc&#8221; \u00e9s un projecte dirigit a l&#8217;alumnat de F\u00edsica de 1r de Batxillerat, elaborat per la Lurdes Morral, amb l&#8217;objectiu aplicar tot all\u00f2 que els nois i noies han apr\u00e8s a les classes i al laboratori a trav\u00e9s d&#8217;una visita al Parc&hellip;  <a href=\"https:\/\/agora.xtec.cat\/ieslaromanica\/general\/projecte-fisica-al-parc\/\" title=\"Read PROJECTE: F\u00edsica al parc\">Llegeix m\u00e9s\u00bb<\/a><\/p>\n","protected":false},"author":3,"featured_media":3944,"comment_status":"open","ping_status":"closed","sticky":false,"template":"","format":"standard","meta":{"_bbp_topic_count":0,"_bbp_reply_count":0,"_bbp_total_topic_count":0,"_bbp_total_reply_count":0,"_bbp_voice_count":0,"_bbp_anonymous_reply_count":0,"_bbp_topic_count_hidden":0,"_bbp_reply_count_hidden":0,"_bbp_forum_subforum_count":0,"footnotes":""},"categories":[8,1,29],"tags":[88,220,219,89],"class_list":["post-3906","post","type-post","status-publish","format-standard","has-post-thumbnail","hentry","category-batxillerat","category-general","category-portada","tag-batxillerat","tag-departament-de-fisica-i-quimica","tag-fisica-al-parc","tag-projectes"],"post_mailing_queue_ids":[],"_links":{"self":[{"href":"https:\/\/agora.xtec.cat\/ieslaromanica\/wp-json\/wp\/v2\/posts\/3906","targetHints":{"allow":["GET"]}}],"collection":[{"href":"https:\/\/agora.xtec.cat\/ieslaromanica\/wp-json\/wp\/v2\/posts"}],"about":[{"href":"https:\/\/agora.xtec.cat\/ieslaromanica\/wp-json\/wp\/v2\/types\/post"}],"author":[{"embeddable":true,"href":"https:\/\/agora.xtec.cat\/ieslaromanica\/wp-json\/wp\/v2\/users\/3"}],"replies":[{"embeddable":true,"href":"https:\/\/agora.xtec.cat\/ieslaromanica\/wp-json\/wp\/v2\/comments?post=3906"}],"version-history":[{"count":3,"href":"https:\/\/agora.xtec.cat\/ieslaromanica\/wp-json\/wp\/v2\/posts\/3906\/revisions"}],"predecessor-version":[{"id":3959,"href":"https:\/\/agora.xtec.cat\/ieslaromanica\/wp-json\/wp\/v2\/posts\/3906\/revisions\/3959"}],"wp:featuredmedia":[{"embeddable":true,"href":"https:\/\/agora.xtec.cat\/ieslaromanica\/wp-json\/wp\/v2\/media\/3944"}],"wp:attachment":[{"href":"https:\/\/agora.xtec.cat\/ieslaromanica\/wp-json\/wp\/v2\/media?parent=3906"}],"wp:term":[{"taxonomy":"category","embeddable":true,"href":"https:\/\/agora.xtec.cat\/ieslaromanica\/wp-json\/wp\/v2\/categories?post=3906"},{"taxonomy":"post_tag","embeddable":true,"href":"https:\/\/agora.xtec.cat\/ieslaromanica\/wp-json\/wp\/v2\/tags?post=3906"}],"curies":[{"name":"wp","href":"https:\/\/api.w.org\/{rel}","templated":true}]}}