{"id":3904,"date":"2018-07-10T17:25:37","date_gmt":"2018-07-10T15:25:37","guid":{"rendered":"http:\/\/agora.xtec.cat\/ieslaromanica\/?p=3904"},"modified":"2022-03-28T20:51:29","modified_gmt":"2022-03-28T18:51:29","slug":"graduacions-de-4t-deso-promocio-20142018","status":"publish","type":"post","link":"https:\/\/agora.xtec.cat\/ieslaromanica\/general\/graduacions-de-4t-deso-promocio-20142018\/","title":{"rendered":"GRADUACIONS de 4t d&#8217;ESO (PROMOCI\u00d3 2014\/2018)"},"content":{"rendered":"<h5 style=\"text-align: center;\"><a href=\"http:\/\/agora.xtec.cat\/ieslaromanica\/wp-content\/uploads\/usu857\/2018\/07\/DSC_0100.jpg\"><img loading=\"lazy\" decoding=\"async\" class=\"alignnone size-full wp-image-4053\" src=\"http:\/\/agora.xtec.cat\/ieslaromanica\/wp-content\/uploads\/usu857\/2018\/07\/DSC_0100.jpg\" alt=\"\" width=\"1189\" height=\"675\" srcset=\"https:\/\/agora.xtec.cat\/ieslaromanica\/wp-content\/uploads\/usu857\/2018\/07\/DSC_0100.jpg 1189w, https:\/\/agora.xtec.cat\/ieslaromanica\/wp-content\/uploads\/usu857\/2018\/07\/DSC_0100-300x170.jpg 300w, https:\/\/agora.xtec.cat\/ieslaromanica\/wp-content\/uploads\/usu857\/2018\/07\/DSC_0100-768x436.jpg 768w, https:\/\/agora.xtec.cat\/ieslaromanica\/wp-content\/uploads\/usu857\/2018\/07\/DSC_0100-1024x581.jpg 1024w\" sizes=\"auto, (max-width: 1189px) 100vw, 1189px\" \/><\/a><\/h5>\n<h5 style=\"text-align: center;\">Fotografies a c\u00e0rrec de Daniel Ma\u00f1\u00e9, fins a data d&#8217;avui, fot\u00f2graf oficial de l&#8217;Institut La Rom\u00e0nica.<\/h5>\n<h5 style=\"text-align: center;\">Dani, gr\u00e0cies per la teva generositat i per les teves inoblidables fotografies!<\/h5>\n<p style=\"text-align: justify;\">TMC, dijous 26 de juny de 2018. Es fa el silenci. Fam\u00edlies, professorat i els nois i noies resten expectants. Estan a punt d&#8217;iniciar-se els actes de la graduaci\u00f3 i de comiat de l&#8217;alumnat de 4t d&#8217;ESO.<\/p>\n<p style=\"text-align: justify;\">Comencem amb m\u00fasica, de la m\u00e0 de la Combo Jove de 2n dels divendres, de l&#8217;Escola de M\u00fasica de Barber\u00e0 del Vall\u00e8s:<\/p>\n<p style=\"text-align: center;\"><a href=\"http:\/\/agora.xtec.cat\/ieslaromanica\/wp-content\/uploads\/usu857\/2018\/07\/DSC_0005.jpg\"><img loading=\"lazy\" decoding=\"async\" class=\"alignnone size-full wp-image-4055\" src=\"http:\/\/agora.xtec.cat\/ieslaromanica\/wp-content\/uploads\/usu857\/2018\/07\/DSC_0005.jpg\" alt=\"\" width=\"1204\" height=\"800\" srcset=\"https:\/\/agora.xtec.cat\/ieslaromanica\/wp-content\/uploads\/usu857\/2018\/07\/DSC_0005.jpg 1204w, https:\/\/agora.xtec.cat\/ieslaromanica\/wp-content\/uploads\/usu857\/2018\/07\/DSC_0005-300x199.jpg 300w, https:\/\/agora.xtec.cat\/ieslaromanica\/wp-content\/uploads\/usu857\/2018\/07\/DSC_0005-768x510.jpg 768w, https:\/\/agora.xtec.cat\/ieslaromanica\/wp-content\/uploads\/usu857\/2018\/07\/DSC_0005-1024x680.jpg 1024w\" sizes=\"auto, (max-width: 1204px) 100vw, 1204px\" \/><\/a><\/p>\n<p style=\"text-align: justify;\">A continuaci\u00f3, es fan uns emotius parlaments dirigits a l&#8217;alumnat que avui es gradua en l&#8217;ESO, per part de qui m\u00e9s ha estat amb tots ells i elles, i que s\u00f3n els seus tutors i tutores i la coordinadora de 4t d&#8217;ESO, seguint l&#8217;ordre seg\u00fcent: la Maria Teresa S\u00e1nchez Costa, tutora de 4t E, fent el parlament introductori de caire m\u00e9s transcendent, a continuaci\u00f3 la Isabel Morente, Coordinadora de 4t, comen\u00e7ar\u00e0 els parlaments de caire m\u00e9s ir\u00f2nic, despr\u00e9s l&#8217;Ester Alc\u00f3n, tutora de 4t A, el duo c\u00f2mic format per l&#8217;Esther Perarnau i el Miquel Mart\u00ednez, tutors de 4t B i 4t C, i la Conchi Moreno, tutora de 4t D, tancant els parlaments:<\/p>\n<p style=\"text-align: center;\"><a href=\"http:\/\/agora.xtec.cat\/ieslaromanica\/wp-content\/uploads\/usu857\/2018\/07\/DSC_0029.jpg\"><img loading=\"lazy\" decoding=\"async\" class=\"alignnone size-full wp-image-4056\" src=\"http:\/\/agora.xtec.cat\/ieslaromanica\/wp-content\/uploads\/usu857\/2018\/07\/DSC_0029.jpg\" alt=\"\" width=\"1204\" height=\"800\" srcset=\"https:\/\/agora.xtec.cat\/ieslaromanica\/wp-content\/uploads\/usu857\/2018\/07\/DSC_0029.jpg 1204w, https:\/\/agora.xtec.cat\/ieslaromanica\/wp-content\/uploads\/usu857\/2018\/07\/DSC_0029-300x199.jpg 300w, https:\/\/agora.xtec.cat\/ieslaromanica\/wp-content\/uploads\/usu857\/2018\/07\/DSC_0029-768x510.jpg 768w, https:\/\/agora.xtec.cat\/ieslaromanica\/wp-content\/uploads\/usu857\/2018\/07\/DSC_0029-1024x680.jpg 1024w\" sizes=\"auto, (max-width: 1204px) 100vw, 1204px\" \/><\/a><\/p>\n<h5 style=\"text-align: center;\">Nois i noies, mai us oblidarem.<\/h5>\n<h5 style=\"text-align: center;\">Molta sort en aquests nous camins que aviat encetareu!!!<\/h5>\n<p style=\"text-align: justify;\">A continuaci\u00f3, la Carmen Arag\u00f3n, com a Directora de l&#8217;Institut La Rom\u00e0nica i el Sr. Juan Antonio Grimaldo, com a Regidor d&#8217;Educaci\u00f3 i Formaci\u00f3 Continuada, varen fer tamb\u00e9 els seus parlaments:<\/p>\n<p style=\"text-align: center;\"><a href=\"http:\/\/agora.xtec.cat\/ieslaromanica\/wp-content\/uploads\/usu857\/2018\/07\/DSC_0035.jpg\"><img loading=\"lazy\" decoding=\"async\" class=\"alignnone wp-image-4057\" src=\"http:\/\/agora.xtec.cat\/ieslaromanica\/wp-content\/uploads\/usu857\/2018\/07\/DSC_0035.jpg\" alt=\"\" width=\"318\" height=\"211\" srcset=\"https:\/\/agora.xtec.cat\/ieslaromanica\/wp-content\/uploads\/usu857\/2018\/07\/DSC_0035.jpg 1204w, https:\/\/agora.xtec.cat\/ieslaromanica\/wp-content\/uploads\/usu857\/2018\/07\/DSC_0035-300x199.jpg 300w, https:\/\/agora.xtec.cat\/ieslaromanica\/wp-content\/uploads\/usu857\/2018\/07\/DSC_0035-768x510.jpg 768w, https:\/\/agora.xtec.cat\/ieslaromanica\/wp-content\/uploads\/usu857\/2018\/07\/DSC_0035-1024x680.jpg 1024w\" sizes=\"auto, (max-width: 318px) 100vw, 318px\" \/><\/a> <a href=\"http:\/\/agora.xtec.cat\/ieslaromanica\/wp-content\/uploads\/usu857\/2018\/07\/DSC_0036-1.jpg\"><img loading=\"lazy\" decoding=\"async\" class=\"alignnone wp-image-4058\" src=\"http:\/\/agora.xtec.cat\/ieslaromanica\/wp-content\/uploads\/usu857\/2018\/07\/DSC_0036-1.jpg\" alt=\"\" width=\"320\" height=\"213\" srcset=\"https:\/\/agora.xtec.cat\/ieslaromanica\/wp-content\/uploads\/usu857\/2018\/07\/DSC_0036-1.jpg 1204w, https:\/\/agora.xtec.cat\/ieslaromanica\/wp-content\/uploads\/usu857\/2018\/07\/DSC_0036-1-300x199.jpg 300w, https:\/\/agora.xtec.cat\/ieslaromanica\/wp-content\/uploads\/usu857\/2018\/07\/DSC_0036-1-768x510.jpg 768w, https:\/\/agora.xtec.cat\/ieslaromanica\/wp-content\/uploads\/usu857\/2018\/07\/DSC_0036-1-1024x680.jpg 1024w\" sizes=\"auto, (max-width: 320px) 100vw, 320px\" \/><\/a><\/p>\n<p style=\"text-align: justify;\">En Ricard D\u00edaz, membre de l&#8217;Organitzaci\u00f3 Temps, especialistes en la gesti\u00f3 del dol, tamb\u00e9 va participar recordant-nos la import\u00e0ncia de viure plenament, en record de l&#8217;ONA:<\/p>\n<p style=\"text-align: justify;\"><a href=\"http:\/\/agora.xtec.cat\/ieslaromanica\/wp-content\/uploads\/usu857\/2018\/07\/DSC_0037.jpg\"><img loading=\"lazy\" decoding=\"async\" class=\"alignnone size-full wp-image-4059\" src=\"http:\/\/agora.xtec.cat\/ieslaromanica\/wp-content\/uploads\/usu857\/2018\/07\/DSC_0037.jpg\" alt=\"\" width=\"1204\" height=\"800\" srcset=\"https:\/\/agora.xtec.cat\/ieslaromanica\/wp-content\/uploads\/usu857\/2018\/07\/DSC_0037.jpg 1204w, https:\/\/agora.xtec.cat\/ieslaromanica\/wp-content\/uploads\/usu857\/2018\/07\/DSC_0037-300x199.jpg 300w, https:\/\/agora.xtec.cat\/ieslaromanica\/wp-content\/uploads\/usu857\/2018\/07\/DSC_0037-768x510.jpg 768w, https:\/\/agora.xtec.cat\/ieslaromanica\/wp-content\/uploads\/usu857\/2018\/07\/DSC_0037-1024x680.jpg 1024w\" sizes=\"auto, (max-width: 1204px) 100vw, 1204px\" \/><\/a><\/p>\n<p style=\"text-align: justify;\">Seguidament, va tenir lloc el lliurament dels Diplomes en agra\u00efment a l&#8217;alumnat de 4t d&#8217;ESO que, de forma volunt\u00e0ria, ha ajudat a alguns alumnes de 1r d&#8217;ESO a fer el pas de l&#8217;escola a l&#8217;institut. <strong>Gr\u00e0cies!<\/strong><\/p>\n<p style=\"text-align: justify;\">I arrib\u00e0 el moment m\u00e9s esperat per tota la comunitat educativa: el lliurament de les orles als cinc grups de 4t d&#8217;ESO, de la m\u00e0 de la coordinadora de 4t i cada un dels tutors i tutores de grup. Mirem a c\u00e0mera&#8230;<\/p>\n<p style=\"text-align: center;\"><a href=\"http:\/\/agora.xtec.cat\/ieslaromanica\/wp-content\/uploads\/usu857\/2018\/07\/DSC_0050.jpg\"><img loading=\"lazy\" decoding=\"async\" class=\"alignnone size-full wp-image-4061\" src=\"http:\/\/agora.xtec.cat\/ieslaromanica\/wp-content\/uploads\/usu857\/2018\/07\/DSC_0050.jpg\" alt=\"\" width=\"1175\" height=\"537\" srcset=\"https:\/\/agora.xtec.cat\/ieslaromanica\/wp-content\/uploads\/usu857\/2018\/07\/DSC_0050.jpg 1175w, https:\/\/agora.xtec.cat\/ieslaromanica\/wp-content\/uploads\/usu857\/2018\/07\/DSC_0050-300x137.jpg 300w, https:\/\/agora.xtec.cat\/ieslaromanica\/wp-content\/uploads\/usu857\/2018\/07\/DSC_0050-768x351.jpg 768w, https:\/\/agora.xtec.cat\/ieslaromanica\/wp-content\/uploads\/usu857\/2018\/07\/DSC_0050-1024x468.jpg 1024w\" sizes=\"auto, (max-width: 1175px) 100vw, 1175px\" \/><\/a><\/p>\n<h5 style=\"text-align: center;\">4t d&#8217;ESO A<\/h5>\n<p>&nbsp;<\/p>\n<p style=\"text-align: center;\"><a href=\"http:\/\/agora.xtec.cat\/ieslaromanica\/wp-content\/uploads\/usu857\/2018\/07\/DSC_0060.jpg\"><img loading=\"lazy\" decoding=\"async\" class=\"alignnone size-full wp-image-4062\" src=\"http:\/\/agora.xtec.cat\/ieslaromanica\/wp-content\/uploads\/usu857\/2018\/07\/DSC_0060.jpg\" alt=\"\" width=\"1147\" height=\"575\" srcset=\"https:\/\/agora.xtec.cat\/ieslaromanica\/wp-content\/uploads\/usu857\/2018\/07\/DSC_0060.jpg 1147w, https:\/\/agora.xtec.cat\/ieslaromanica\/wp-content\/uploads\/usu857\/2018\/07\/DSC_0060-300x150.jpg 300w, https:\/\/agora.xtec.cat\/ieslaromanica\/wp-content\/uploads\/usu857\/2018\/07\/DSC_0060-768x385.jpg 768w, https:\/\/agora.xtec.cat\/ieslaromanica\/wp-content\/uploads\/usu857\/2018\/07\/DSC_0060-1024x513.jpg 1024w\" sizes=\"auto, (max-width: 1147px) 100vw, 1147px\" \/><\/a><\/p>\n<h5 style=\"text-align: center;\">4t d&#8217;ESO B<\/h5>\n<p>&nbsp;<\/p>\n<p style=\"text-align: center;\"><a href=\"http:\/\/agora.xtec.cat\/ieslaromanica\/wp-content\/uploads\/usu857\/2018\/07\/DSC_0064.jpg\"><img loading=\"lazy\" decoding=\"async\" class=\"alignnone size-full wp-image-4063\" src=\"http:\/\/agora.xtec.cat\/ieslaromanica\/wp-content\/uploads\/usu857\/2018\/07\/DSC_0064.jpg\" alt=\"\" width=\"1153\" height=\"521\" srcset=\"https:\/\/agora.xtec.cat\/ieslaromanica\/wp-content\/uploads\/usu857\/2018\/07\/DSC_0064.jpg 1153w, https:\/\/agora.xtec.cat\/ieslaromanica\/wp-content\/uploads\/usu857\/2018\/07\/DSC_0064-300x136.jpg 300w, https:\/\/agora.xtec.cat\/ieslaromanica\/wp-content\/uploads\/usu857\/2018\/07\/DSC_0064-768x347.jpg 768w, https:\/\/agora.xtec.cat\/ieslaromanica\/wp-content\/uploads\/usu857\/2018\/07\/DSC_0064-1024x463.jpg 1024w\" sizes=\"auto, (max-width: 1153px) 100vw, 1153px\" \/><\/a><\/p>\n<h5 style=\"text-align: center;\">4t d&#8217;ESO C<\/h5>\n<p>&nbsp;<\/p>\n<p style=\"text-align: center;\"><a href=\"http:\/\/agora.xtec.cat\/ieslaromanica\/wp-content\/uploads\/usu857\/2018\/07\/DSC_0070.jpg\"><img loading=\"lazy\" decoding=\"async\" class=\"alignnone size-full wp-image-4064\" src=\"http:\/\/agora.xtec.cat\/ieslaromanica\/wp-content\/uploads\/usu857\/2018\/07\/DSC_0070.jpg\" alt=\"\" width=\"1137\" height=\"613\" srcset=\"https:\/\/agora.xtec.cat\/ieslaromanica\/wp-content\/uploads\/usu857\/2018\/07\/DSC_0070.jpg 1137w, https:\/\/agora.xtec.cat\/ieslaromanica\/wp-content\/uploads\/usu857\/2018\/07\/DSC_0070-300x162.jpg 300w, https:\/\/agora.xtec.cat\/ieslaromanica\/wp-content\/uploads\/usu857\/2018\/07\/DSC_0070-768x414.jpg 768w, https:\/\/agora.xtec.cat\/ieslaromanica\/wp-content\/uploads\/usu857\/2018\/07\/DSC_0070-1024x552.jpg 1024w\" sizes=\"auto, (max-width: 1137px) 100vw, 1137px\" \/><\/a><\/p>\n<h5 style=\"text-align: center;\">4t d&#8217;ESO D<\/h5>\n<p>&nbsp;<\/p>\n<p style=\"text-align: center;\"><a href=\"http:\/\/agora.xtec.cat\/ieslaromanica\/wp-content\/uploads\/usu857\/2018\/07\/DSC_0076-retallada.jpg\"><img loading=\"lazy\" decoding=\"async\" class=\"alignnone size-full wp-image-4065\" src=\"http:\/\/agora.xtec.cat\/ieslaromanica\/wp-content\/uploads\/usu857\/2018\/07\/DSC_0076-retallada.jpg\" alt=\"\" width=\"1125\" height=\"523\" srcset=\"https:\/\/agora.xtec.cat\/ieslaromanica\/wp-content\/uploads\/usu857\/2018\/07\/DSC_0076-retallada.jpg 1125w, https:\/\/agora.xtec.cat\/ieslaromanica\/wp-content\/uploads\/usu857\/2018\/07\/DSC_0076-retallada-300x139.jpg 300w, https:\/\/agora.xtec.cat\/ieslaromanica\/wp-content\/uploads\/usu857\/2018\/07\/DSC_0076-retallada-768x357.jpg 768w, https:\/\/agora.xtec.cat\/ieslaromanica\/wp-content\/uploads\/usu857\/2018\/07\/DSC_0076-retallada-1024x476.jpg 1024w\" sizes=\"auto, (max-width: 1125px) 100vw, 1125px\" \/><\/a><\/p>\n<h5 style=\"text-align: center;\">4t d&#8217;ESO E<\/h5>\n<p>&nbsp;<\/p>\n<p style=\"text-align: justify;\">Un grup de noies, de forma coral, demanaren pujar a cantar una can\u00e7\u00f3, a mode d&#8217;himne dels adolescents i les adolescents, &#8220;Camina&#8221;:<\/p>\n<p style=\"text-align: center;\"><a href=\"http:\/\/agora.xtec.cat\/ieslaromanica\/wp-content\/uploads\/usu857\/2018\/07\/DSC_0094.jpg\"><img loading=\"lazy\" decoding=\"async\" class=\"alignnone size-full wp-image-4068\" src=\"http:\/\/agora.xtec.cat\/ieslaromanica\/wp-content\/uploads\/usu857\/2018\/07\/DSC_0094.jpg\" alt=\"\" width=\"1204\" height=\"800\" srcset=\"https:\/\/agora.xtec.cat\/ieslaromanica\/wp-content\/uploads\/usu857\/2018\/07\/DSC_0094.jpg 1204w, https:\/\/agora.xtec.cat\/ieslaromanica\/wp-content\/uploads\/usu857\/2018\/07\/DSC_0094-300x199.jpg 300w, https:\/\/agora.xtec.cat\/ieslaromanica\/wp-content\/uploads\/usu857\/2018\/07\/DSC_0094-768x510.jpg 768w, https:\/\/agora.xtec.cat\/ieslaromanica\/wp-content\/uploads\/usu857\/2018\/07\/DSC_0094-1024x680.jpg 1024w\" sizes=\"auto, (max-width: 1204px) 100vw, 1204px\" \/><\/a><\/p>\n<p style=\"text-align: justify;\">Les tutores i el p\u00fablic, gaudint de l&#8217;actuaci\u00f3:<\/p>\n<p style=\"text-align: center;\"><a href=\"http:\/\/agora.xtec.cat\/ieslaromanica\/wp-content\/uploads\/usu857\/2018\/07\/DSC_0093.jpg\"><img loading=\"lazy\" decoding=\"async\" class=\"alignnone size-full wp-image-4069\" src=\"http:\/\/agora.xtec.cat\/ieslaromanica\/wp-content\/uploads\/usu857\/2018\/07\/DSC_0093.jpg\" alt=\"\" width=\"1038\" height=\"618\" srcset=\"https:\/\/agora.xtec.cat\/ieslaromanica\/wp-content\/uploads\/usu857\/2018\/07\/DSC_0093.jpg 1038w, https:\/\/agora.xtec.cat\/ieslaromanica\/wp-content\/uploads\/usu857\/2018\/07\/DSC_0093-300x179.jpg 300w, https:\/\/agora.xtec.cat\/ieslaromanica\/wp-content\/uploads\/usu857\/2018\/07\/DSC_0093-768x457.jpg 768w, https:\/\/agora.xtec.cat\/ieslaromanica\/wp-content\/uploads\/usu857\/2018\/07\/DSC_0093-1024x610.jpg 1024w\" sizes=\"auto, (max-width: 1038px) 100vw, 1038px\" \/><\/a><\/p>\n<p style=\"text-align: justify;\">I per finalitzar, es va poder gaudir a l&#8217;escenari del Teatre Municipal Cooperativa de l&#8217;actuaci\u00f3 de la colla bastonera de l&#8217;Institut La Rom\u00e0nica, de la m\u00e0 de l&#8217;Adri\u00e0 Ortiz i el m\u00fasic Joan Macias Bonet. Tot un luxe!:<\/p>\n<p style=\"text-align: justify;\"><a href=\"http:\/\/agora.xtec.cat\/ieslaromanica\/wp-content\/uploads\/usu857\/2018\/07\/DSC_0102.jpg\"><img loading=\"lazy\" decoding=\"async\" class=\"alignnone size-full wp-image-4071\" src=\"http:\/\/agora.xtec.cat\/ieslaromanica\/wp-content\/uploads\/usu857\/2018\/07\/DSC_0102.jpg\" alt=\"\" width=\"1204\" height=\"800\" srcset=\"https:\/\/agora.xtec.cat\/ieslaromanica\/wp-content\/uploads\/usu857\/2018\/07\/DSC_0102.jpg 1204w, https:\/\/agora.xtec.cat\/ieslaromanica\/wp-content\/uploads\/usu857\/2018\/07\/DSC_0102-300x199.jpg 300w, https:\/\/agora.xtec.cat\/ieslaromanica\/wp-content\/uploads\/usu857\/2018\/07\/DSC_0102-768x510.jpg 768w, https:\/\/agora.xtec.cat\/ieslaromanica\/wp-content\/uploads\/usu857\/2018\/07\/DSC_0102-1024x680.jpg 1024w\" sizes=\"auto, (max-width: 1204px) 100vw, 1204px\" \/><\/a><\/p>\n<p style=\"text-align: justify;\">Molts dels nois i noies que heu acabat 4t d\u2019ESO seguireu a l&#8217;Institut La Rom\u00e0nica uns anys m\u00e9s, fent Batxillerat o Cicles Formatius, per\u00f2 alguns altres, en aquests moments, esteu a punt d\u2019aixecar el vol per sempre m\u00e9s.<\/p>\n<p style=\"text-align: justify;\">Esperem, de tot cor, que guardeu per sempre m\u00e9s un bon record dels anys que heu format part de la gran fam\u00edlia de l\u2019Institut La Rom\u00e0nica, de les experi\u00e8ncies, els aprenentatges i les coneixences que us emporteu a la vostra motxilla personal.<\/p>\n<p style=\"text-align: justify;\">I RECORDEU QUE&#8230; AQUESTA, SEMPRE, SER\u00c0 CASA VOSTRA.<\/p>\n<h5 style=\"text-align: justify;\">Molta SORT!<\/h5>\n","protected":false},"excerpt":{"rendered":"<p><a href=\"http:\/\/agora.xtec.cat\/ieslaromanica\/wp-content\/uploads\/usu857\/2018\/07\/DSC_0100.jpg\"><\/a><br \/>\nFotografies a c\u00e0rrec de Daniel Ma\u00f1\u00e9, fins a data d&#8217;avui, fot\u00f2graf oficial de l&#8217;Institut La Rom\u00e0nica.<br \/>\nDani, gr\u00e0cies per la teva generositat i per les teves inoblidables fotografies!<br \/>\nTMC, dijous 26 de juny de 2018. Es fa el silenci. Fam\u00edlies, professorat i els nois i noies&hellip;  <a href=\"https:\/\/agora.xtec.cat\/ieslaromanica\/general\/graduacions-de-4t-deso-promocio-20142018\/\" title=\"Read GRADUACIONS de 4t d&#8217;ESO (PROMOCI\u00d3 2014\/2018)\">Llegeix m\u00e9s\u00bb<\/a><\/p>\n","protected":false},"author":3,"featured_media":4053,"comment_status":"open","ping_status":"closed","sticky":false,"template":"","format":"standard","meta":{"_bbp_topic_count":0,"_bbp_reply_count":0,"_bbp_total_topic_count":0,"_bbp_total_reply_count":0,"_bbp_voice_count":0,"_bbp_anonymous_reply_count":0,"_bbp_topic_count_hidden":0,"_bbp_reply_count_hidden":0,"_bbp_forum_subforum_count":0,"footnotes":""},"categories":[3,7,1,29],"tags":[376,166],"class_list":["post-3904","post","type-post","status-publish","format-standard","has-post-thumbnail","hentry","category-eso","category-eso-4","category-general","category-portada","tag-graduacions","tag-graduacions-4t-eso"],"post_mailing_queue_ids":[],"_links":{"self":[{"href":"https:\/\/agora.xtec.cat\/ieslaromanica\/wp-json\/wp\/v2\/posts\/3904","targetHints":{"allow":["GET"]}}],"collection":[{"href":"https:\/\/agora.xtec.cat\/ieslaromanica\/wp-json\/wp\/v2\/posts"}],"about":[{"href":"https:\/\/agora.xtec.cat\/ieslaromanica\/wp-json\/wp\/v2\/types\/post"}],"author":[{"embeddable":true,"href":"https:\/\/agora.xtec.cat\/ieslaromanica\/wp-json\/wp\/v2\/users\/3"}],"replies":[{"embeddable":true,"href":"https:\/\/agora.xtec.cat\/ieslaromanica\/wp-json\/wp\/v2\/comments?post=3904"}],"version-history":[{"count":3,"href":"https:\/\/agora.xtec.cat\/ieslaromanica\/wp-json\/wp\/v2\/posts\/3904\/revisions"}],"predecessor-version":[{"id":4073,"href":"https:\/\/agora.xtec.cat\/ieslaromanica\/wp-json\/wp\/v2\/posts\/3904\/revisions\/4073"}],"wp:featuredmedia":[{"embeddable":true,"href":"https:\/\/agora.xtec.cat\/ieslaromanica\/wp-json\/wp\/v2\/media\/4053"}],"wp:attachment":[{"href":"https:\/\/agora.xtec.cat\/ieslaromanica\/wp-json\/wp\/v2\/media?parent=3904"}],"wp:term":[{"taxonomy":"category","embeddable":true,"href":"https:\/\/agora.xtec.cat\/ieslaromanica\/wp-json\/wp\/v2\/categories?post=3904"},{"taxonomy":"post_tag","embeddable":true,"href":"https:\/\/agora.xtec.cat\/ieslaromanica\/wp-json\/wp\/v2\/tags?post=3904"}],"curies":[{"name":"wp","href":"https:\/\/api.w.org\/{rel}","templated":true}]}}