{"id":3902,"date":"2018-07-10T17:24:56","date_gmt":"2018-07-10T15:24:56","guid":{"rendered":"http:\/\/agora.xtec.cat\/ieslaromanica\/?p=3902"},"modified":"2018-07-10T17:24:56","modified_gmt":"2018-07-10T15:24:56","slug":"graduacio-de-2n-de-batxillerat-2018","status":"publish","type":"post","link":"https:\/\/agora.xtec.cat\/ieslaromanica\/general\/graduacio-de-2n-de-batxillerat-2018\/","title":{"rendered":"GRADUACI\u00d3 de 2n de Batxillerat 2018"},"content":{"rendered":"<p style=\"text-align: center;\"><a href=\"http:\/\/agora.xtec.cat\/ieslaromanica\/wp-content\/uploads\/usu857\/2018\/07\/DSC_0147.jpg\"><img loading=\"lazy\" decoding=\"async\" class=\"alignnone size-full wp-image-4025\" src=\"http:\/\/agora.xtec.cat\/ieslaromanica\/wp-content\/uploads\/usu857\/2018\/07\/DSC_0147.jpg\" alt=\"\" width=\"1204\" height=\"800\" srcset=\"https:\/\/agora.xtec.cat\/ieslaromanica\/wp-content\/uploads\/usu857\/2018\/07\/DSC_0147.jpg 1204w, https:\/\/agora.xtec.cat\/ieslaromanica\/wp-content\/uploads\/usu857\/2018\/07\/DSC_0147-300x199.jpg 300w, https:\/\/agora.xtec.cat\/ieslaromanica\/wp-content\/uploads\/usu857\/2018\/07\/DSC_0147-768x510.jpg 768w, https:\/\/agora.xtec.cat\/ieslaromanica\/wp-content\/uploads\/usu857\/2018\/07\/DSC_0147-1024x680.jpg 1024w\" sizes=\"auto, (max-width: 1204px) 100vw, 1204px\" \/><\/a><\/p>\n<p style=\"text-align: justify;\">Fotografies a c\u00e0rrec de l&#8217;Elisa Rom\u00e1n.<\/p>\n<p style=\"text-align: justify;\">Una graduaci\u00f3 \u00e9s un moment molt especial i esperat per l&#8217;alumnat i, en el cas de la de 2n de Batxillerat, es tracta d&#8217;un acte solemne de reconeixement pels anys que l&#8217;alumnat ha estat al nostre institut, la majoria fent l&#8217;ESO i Batxillerat, i de comiat.<\/p>\n<p style=\"text-align: justify;\">L&#8217;acte, que va tenir lloc al TMC el dimarts 18 de juny, va comen\u00e7ar\u00a0amb\u00a0l&#8217;actuaci\u00f3 del grup\u00a0&#8220;Vacato Twice&#8221;, format per joves talents:<\/p>\n<p style=\"text-align: justify;\"><a href=\"http:\/\/agora.xtec.cat\/ieslaromanica\/wp-content\/uploads\/usu857\/2018\/07\/DSC_0016.jpg\"><img loading=\"lazy\" decoding=\"async\" class=\"alignnone size-full wp-image-4027\" src=\"http:\/\/agora.xtec.cat\/ieslaromanica\/wp-content\/uploads\/usu857\/2018\/07\/DSC_0016.jpg\" alt=\"\" width=\"1189\" height=\"707\" srcset=\"https:\/\/agora.xtec.cat\/ieslaromanica\/wp-content\/uploads\/usu857\/2018\/07\/DSC_0016.jpg 1189w, https:\/\/agora.xtec.cat\/ieslaromanica\/wp-content\/uploads\/usu857\/2018\/07\/DSC_0016-300x178.jpg 300w, https:\/\/agora.xtec.cat\/ieslaromanica\/wp-content\/uploads\/usu857\/2018\/07\/DSC_0016-768x457.jpg 768w, https:\/\/agora.xtec.cat\/ieslaromanica\/wp-content\/uploads\/usu857\/2018\/07\/DSC_0016-1024x609.jpg 1024w\" sizes=\"auto, (max-width: 1189px) 100vw, 1189px\" \/><\/a><\/p>\n<p style=\"text-align: justify;\">A continuaci\u00f3, comen\u00e7aren els parlaments. El primer va ser el de la Nieves de la Flor, que va parlar en nom de totes les tutores de Batxillerat, despr\u00e9s el de la Carmen Arag\u00f3n, com a Directora de l&#8217;Institut La Rom\u00e0nica i, per acabar, el de\u00a0la Sra. S\u00edlvia Fuster, com Alcaldessa de Barber\u00e0 del Vall\u00e8s:<\/p>\n<p style=\"text-align: center;\"><a href=\"http:\/\/agora.xtec.cat\/ieslaromanica\/wp-content\/uploads\/usu857\/2018\/07\/DSC_0030.jpg\"><img loading=\"lazy\" decoding=\"async\" class=\"alignnone wp-image-4043\" src=\"http:\/\/agora.xtec.cat\/ieslaromanica\/wp-content\/uploads\/usu857\/2018\/07\/DSC_0030.jpg\" alt=\"\" width=\"285\" height=\"189\" \/><\/a>\u00a0 \u00a0<a href=\"http:\/\/agora.xtec.cat\/ieslaromanica\/wp-content\/uploads\/usu857\/2018\/07\/DSC_0032.jpg\"><img loading=\"lazy\" decoding=\"async\" class=\"alignnone wp-image-4042\" src=\"http:\/\/agora.xtec.cat\/ieslaromanica\/wp-content\/uploads\/usu857\/2018\/07\/DSC_0032.jpg\" alt=\"\" width=\"323\" height=\"251\" srcset=\"https:\/\/agora.xtec.cat\/ieslaromanica\/wp-content\/uploads\/usu857\/2018\/07\/DSC_0032.jpg 603w, https:\/\/agora.xtec.cat\/ieslaromanica\/wp-content\/uploads\/usu857\/2018\/07\/DSC_0032-300x234.jpg 300w\" sizes=\"auto, (max-width: 323px) 100vw, 323px\" \/><\/a>\u00a0 \u00a0<a href=\"http:\/\/agora.xtec.cat\/ieslaromanica\/wp-content\/uploads\/usu857\/2018\/07\/DSC_0034.jpg\"><img loading=\"lazy\" decoding=\"async\" class=\"alignnone wp-image-4041\" src=\"http:\/\/agora.xtec.cat\/ieslaromanica\/wp-content\/uploads\/usu857\/2018\/07\/DSC_0034.jpg\" alt=\"\" width=\"276\" height=\"251\" srcset=\"https:\/\/agora.xtec.cat\/ieslaromanica\/wp-content\/uploads\/usu857\/2018\/07\/DSC_0034.jpg 654w, https:\/\/agora.xtec.cat\/ieslaromanica\/wp-content\/uploads\/usu857\/2018\/07\/DSC_0034-300x274.jpg 300w\" sizes=\"auto, (max-width: 276px) 100vw, 276px\" \/><\/a><\/p>\n<p>Despr\u00e9s dels parlaments, Nerea Ruiz, membre de l&#8217;Organitzaci\u00f3 Temps (especialistes en la gesti\u00f3 del dol) ens va llegir un conte sobre la import\u00e0ncia de gaudir al m\u00e0xim de la vida:<\/p>\n<p style=\"text-align: justify;\"><a href=\"http:\/\/agora.xtec.cat\/ieslaromanica\/wp-content\/uploads\/usu857\/2018\/07\/DSC_0036.jpg\"><img loading=\"lazy\" decoding=\"async\" class=\"size-full wp-image-4016 aligncenter\" src=\"http:\/\/agora.xtec.cat\/ieslaromanica\/wp-content\/uploads\/usu857\/2018\/07\/DSC_0036.jpg\" alt=\"\" width=\"1204\" height=\"800\" srcset=\"https:\/\/agora.xtec.cat\/ieslaromanica\/wp-content\/uploads\/usu857\/2018\/07\/DSC_0036.jpg 1204w, https:\/\/agora.xtec.cat\/ieslaromanica\/wp-content\/uploads\/usu857\/2018\/07\/DSC_0036-300x199.jpg 300w, https:\/\/agora.xtec.cat\/ieslaromanica\/wp-content\/uploads\/usu857\/2018\/07\/DSC_0036-768x510.jpg 768w, https:\/\/agora.xtec.cat\/ieslaromanica\/wp-content\/uploads\/usu857\/2018\/07\/DSC_0036-1024x680.jpg 1024w\" sizes=\"auto, (max-width: 1204px) 100vw, 1204px\" \/><\/a><\/p>\n<p style=\"text-align: justify;\">Igual que el curs passat, es va fer el lliurament dels diplomes a l\u2019alumnat que ha participat durant aquest curs en el Projecte Lecxit. que, com sabran, es tracta d\u2019un programa de voluntariat amb l\u2019objectiu de promoure l\u2019\u00e8xit educatiu a trav\u00e9s de la lectura, en el qual l\u2019alumnat de segon de Batxillerat ha ajudat l\u2019alumnat de 4t i 5\u00e8 de Prim\u00e0ria de les nostres escoles a millorar la lectura. Les alumnes participants, enguany, han estat: Nuria Ba\u00f1os, Laura P\u00e9rez, Carla Miguel i Mar Ojeda:<\/p>\n<p style=\"text-align: center;\"><a href=\"http:\/\/agora.xtec.cat\/ieslaromanica\/wp-content\/uploads\/usu857\/2018\/07\/DSC_0039.jpg\"><img loading=\"lazy\" decoding=\"async\" class=\"alignnone size-full wp-image-4017\" src=\"http:\/\/agora.xtec.cat\/ieslaromanica\/wp-content\/uploads\/usu857\/2018\/07\/DSC_0039.jpg\" alt=\"\" width=\"1204\" height=\"800\" srcset=\"https:\/\/agora.xtec.cat\/ieslaromanica\/wp-content\/uploads\/usu857\/2018\/07\/DSC_0039.jpg 1204w, https:\/\/agora.xtec.cat\/ieslaromanica\/wp-content\/uploads\/usu857\/2018\/07\/DSC_0039-300x199.jpg 300w, https:\/\/agora.xtec.cat\/ieslaromanica\/wp-content\/uploads\/usu857\/2018\/07\/DSC_0039-768x510.jpg 768w, https:\/\/agora.xtec.cat\/ieslaromanica\/wp-content\/uploads\/usu857\/2018\/07\/DSC_0039-1024x680.jpg 1024w\" sizes=\"auto, (max-width: 1204px) 100vw, 1204px\" \/><\/a><\/p>\n<h5 style=\"text-align: center;\">Moltes gr\u00e0cies per la vostra tasca!<\/h5>\n<p>&nbsp;<\/p>\n<p style=\"text-align: justify;\">La m\u00fasica d&#8217;Adri\u00e0 Molina a la guitarra i la veu de Clara Gonz\u00e1lez, tots dos alumnes de 2n de Batxillerat, es conjuntaren per mostrar\u00a0tot el seu art i la seva for\u00e7a interpretativa:<\/p>\n<p style=\"text-align: center;\"><a href=\"http:\/\/agora.xtec.cat\/ieslaromanica\/wp-content\/uploads\/usu857\/2018\/07\/DSC_0046.jpg\"><img loading=\"lazy\" decoding=\"async\" class=\"alignnone size-full wp-image-4018\" src=\"http:\/\/agora.xtec.cat\/ieslaromanica\/wp-content\/uploads\/usu857\/2018\/07\/DSC_0046.jpg\" alt=\"\" width=\"1204\" height=\"800\" srcset=\"https:\/\/agora.xtec.cat\/ieslaromanica\/wp-content\/uploads\/usu857\/2018\/07\/DSC_0046.jpg 1204w, https:\/\/agora.xtec.cat\/ieslaromanica\/wp-content\/uploads\/usu857\/2018\/07\/DSC_0046-300x199.jpg 300w, https:\/\/agora.xtec.cat\/ieslaromanica\/wp-content\/uploads\/usu857\/2018\/07\/DSC_0046-768x510.jpg 768w, https:\/\/agora.xtec.cat\/ieslaromanica\/wp-content\/uploads\/usu857\/2018\/07\/DSC_0046-1024x680.jpg 1024w\" sizes=\"auto, (max-width: 1204px) 100vw, 1204px\" \/><\/a><\/p>\n<p style=\"text-align: justify;\">I arrib\u00e0 el moment m\u00e9s esperat per a fam\u00edlies, professorat i alumnat: el lliurament de les orles als tres grups de 2n de Batxillerat, a c\u00e0rrec de la Coordinadora de Batxillerat, S\u00edlvia Vallesp\u00edn, i de les tres tutores: Nieves de la Flor, Gemma Mart\u00ed i Esther Parrilla:<\/p>\n<p style=\"text-align: center;\"><a href=\"http:\/\/agora.xtec.cat\/ieslaromanica\/wp-content\/uploads\/usu857\/2018\/07\/DSC_0066.jpg\"><img loading=\"lazy\" decoding=\"async\" class=\"alignnone size-full wp-image-4028\" src=\"http:\/\/agora.xtec.cat\/ieslaromanica\/wp-content\/uploads\/usu857\/2018\/07\/DSC_0066.jpg\" alt=\"\" width=\"1115\" height=\"453\" srcset=\"https:\/\/agora.xtec.cat\/ieslaromanica\/wp-content\/uploads\/usu857\/2018\/07\/DSC_0066.jpg 1115w, https:\/\/agora.xtec.cat\/ieslaromanica\/wp-content\/uploads\/usu857\/2018\/07\/DSC_0066-300x122.jpg 300w, https:\/\/agora.xtec.cat\/ieslaromanica\/wp-content\/uploads\/usu857\/2018\/07\/DSC_0066-768x312.jpg 768w, https:\/\/agora.xtec.cat\/ieslaromanica\/wp-content\/uploads\/usu857\/2018\/07\/DSC_0066-1024x416.jpg 1024w\" sizes=\"auto, (max-width: 1115px) 100vw, 1115px\" \/><\/a><\/p>\n<h5 style=\"text-align: center;\">2n de Batxillerat A<\/h5>\n<p>&nbsp;<\/p>\n<p style=\"text-align: center;\"><a href=\"http:\/\/agora.xtec.cat\/ieslaromanica\/wp-content\/uploads\/usu857\/2018\/07\/DSC_0073.jpg\"><img loading=\"lazy\" decoding=\"async\" class=\"alignnone wp-image-4029\" src=\"http:\/\/agora.xtec.cat\/ieslaromanica\/wp-content\/uploads\/usu857\/2018\/07\/DSC_0073.jpg\" alt=\"\" width=\"1111\" height=\"463\" srcset=\"https:\/\/agora.xtec.cat\/ieslaromanica\/wp-content\/uploads\/usu857\/2018\/07\/DSC_0073.jpg 1039w, https:\/\/agora.xtec.cat\/ieslaromanica\/wp-content\/uploads\/usu857\/2018\/07\/DSC_0073-300x125.jpg 300w, https:\/\/agora.xtec.cat\/ieslaromanica\/wp-content\/uploads\/usu857\/2018\/07\/DSC_0073-768x320.jpg 768w, https:\/\/agora.xtec.cat\/ieslaromanica\/wp-content\/uploads\/usu857\/2018\/07\/DSC_0073-1024x427.jpg 1024w\" sizes=\"auto, (max-width: 1111px) 100vw, 1111px\" \/><\/a><\/p>\n<h5 style=\"text-align: center;\">2n de Batxillerat B<\/h5>\n<p>&nbsp;<\/p>\n<p style=\"text-align: center;\"><a href=\"http:\/\/agora.xtec.cat\/ieslaromanica\/wp-content\/uploads\/usu857\/2018\/07\/DSC_0088.jpg\"><img loading=\"lazy\" decoding=\"async\" class=\"alignnone size-full wp-image-4030\" src=\"http:\/\/agora.xtec.cat\/ieslaromanica\/wp-content\/uploads\/usu857\/2018\/07\/DSC_0088.jpg\" alt=\"\" width=\"1116\" height=\"327\" srcset=\"https:\/\/agora.xtec.cat\/ieslaromanica\/wp-content\/uploads\/usu857\/2018\/07\/DSC_0088.jpg 1116w, https:\/\/agora.xtec.cat\/ieslaromanica\/wp-content\/uploads\/usu857\/2018\/07\/DSC_0088-300x88.jpg 300w, https:\/\/agora.xtec.cat\/ieslaromanica\/wp-content\/uploads\/usu857\/2018\/07\/DSC_0088-768x225.jpg 768w, https:\/\/agora.xtec.cat\/ieslaromanica\/wp-content\/uploads\/usu857\/2018\/07\/DSC_0088-1024x300.jpg 1024w\" sizes=\"auto, (max-width: 1116px) 100vw, 1116px\" \/><\/a><\/p>\n<h5 style=\"text-align: center;\">2n de Batxillerat C<\/h5>\n<p>&nbsp;<\/p>\n<p style=\"text-align: justify;\">A continuaci\u00f3, es va fer pujar a l&#8217;escenari als cinc nois i noies de Batxillerat que han aconseguit una Matr\u00edcula d&#8217;Honor enguany: Goio Garc\u00eda, Andrea Vilchez i Jos\u00e9 Mart\u00edn de 2n B, Irene Botella de 2n A i Clara Gonz\u00e1lez de 2n C:<\/p>\n<p style=\"text-align: center;\"><a href=\"http:\/\/agora.xtec.cat\/ieslaromanica\/wp-content\/uploads\/usu857\/2018\/07\/DSC_0103.jpg\"><img loading=\"lazy\" decoding=\"async\" class=\"alignnone wp-image-4033\" src=\"http:\/\/agora.xtec.cat\/ieslaromanica\/wp-content\/uploads\/usu857\/2018\/07\/DSC_0103.jpg\" alt=\"\" width=\"1077\" height=\"695\" srcset=\"https:\/\/agora.xtec.cat\/ieslaromanica\/wp-content\/uploads\/usu857\/2018\/07\/DSC_0103.jpg 699w, https:\/\/agora.xtec.cat\/ieslaromanica\/wp-content\/uploads\/usu857\/2018\/07\/DSC_0103-300x194.jpg 300w\" sizes=\"auto, (max-width: 1077px) 100vw, 1077px\" \/><\/a><\/p>\n<h5 style=\"text-align: center;\">L&#8217;Enhorabona pel vostre esfor\u00e7, treball i const\u00e0ncia!<\/h5>\n<p>&nbsp;<\/p>\n<p style=\"text-align: justify;\">Seguidament, es va fer el lliurament del 4t Premi a l&#8217;Excel\u00b7l\u00e8ncia Carles Garcia, a l&#8217;alumne amb la millor nota i expedient de 2n de Batxillerat, que va recaure en Goio Garcia:<\/p>\n<p style=\"text-align: center;\"><a href=\"http:\/\/agora.xtec.cat\/ieslaromanica\/wp-content\/uploads\/usu857\/2018\/07\/DSC_0116.jpg\"><img loading=\"lazy\" decoding=\"async\" class=\"alignnone wp-image-4023\" src=\"http:\/\/agora.xtec.cat\/ieslaromanica\/wp-content\/uploads\/usu857\/2018\/07\/DSC_0116.jpg\" alt=\"\" width=\"1078\" height=\"716\" srcset=\"https:\/\/agora.xtec.cat\/ieslaromanica\/wp-content\/uploads\/usu857\/2018\/07\/DSC_0116.jpg 1204w, https:\/\/agora.xtec.cat\/ieslaromanica\/wp-content\/uploads\/usu857\/2018\/07\/DSC_0116-300x199.jpg 300w, https:\/\/agora.xtec.cat\/ieslaromanica\/wp-content\/uploads\/usu857\/2018\/07\/DSC_0116-768x510.jpg 768w, https:\/\/agora.xtec.cat\/ieslaromanica\/wp-content\/uploads\/usu857\/2018\/07\/DSC_0116-1024x680.jpg 1024w\" sizes=\"auto, (max-width: 1078px) 100vw, 1078px\" \/><\/a><\/p>\n<h5 style=\"text-align: center;\">Felicitats Goio!!!<\/h5>\n<p style=\"text-align: justify;\">A continuaci\u00f3, l&#8217;alumne Ra\u00fal Mu\u00f1oz va ballar fent un tribut a Lady Gaga i a Beyonce, on va mostrar tota la seva for\u00e7a interpretativa:<\/p>\n<p style=\"text-align: justify;\"><a href=\"http:\/\/agora.xtec.cat\/ieslaromanica\/wp-content\/uploads\/usu857\/2018\/07\/DSC_0119.jpg\"><img loading=\"lazy\" decoding=\"async\" class=\" wp-image-4039 aligncenter\" src=\"http:\/\/agora.xtec.cat\/ieslaromanica\/wp-content\/uploads\/usu857\/2018\/07\/DSC_0119.jpg\" alt=\"\" width=\"749\" height=\"498\" \/><\/a><\/p>\n<p style=\"text-align: justify;\">I la cirereta del past\u00eds va ser quan l&#8217;alumnat de Biologia de 2n de Batxillerat va cridar a l&#8217;escenari al professor Josep Colom, per rendir-li un sincer homenatge als seus 38 anys de carrera, on tota la comunitat educativa es va afegir, en motiu de la seva Jubilaci\u00f3. Entre el p\u00fablic hi havia pares i mares que havien estat alumnes seus, tamb\u00e9 la directora de l&#8217;institut i diversos professors i professores ho han estat i, tal i com el propi Josep Colom va comentar, tamb\u00e9 l&#8217;Alcaldessa de Barber\u00e0 del Vall\u00e8s va ser alumna seva<\/p>\n<p style=\"text-align: center;\"><a href=\"http:\/\/agora.xtec.cat\/ieslaromanica\/wp-content\/uploads\/usu857\/2018\/07\/DSC_0157.jpg\"><img loading=\"lazy\" decoding=\"async\" class=\"alignnone size-full wp-image-4026\" src=\"http:\/\/agora.xtec.cat\/ieslaromanica\/wp-content\/uploads\/usu857\/2018\/07\/DSC_0157.jpg\" alt=\"\" width=\"1204\" height=\"800\" srcset=\"https:\/\/agora.xtec.cat\/ieslaromanica\/wp-content\/uploads\/usu857\/2018\/07\/DSC_0157.jpg 1204w, https:\/\/agora.xtec.cat\/ieslaromanica\/wp-content\/uploads\/usu857\/2018\/07\/DSC_0157-300x199.jpg 300w, https:\/\/agora.xtec.cat\/ieslaromanica\/wp-content\/uploads\/usu857\/2018\/07\/DSC_0157-768x510.jpg 768w, https:\/\/agora.xtec.cat\/ieslaromanica\/wp-content\/uploads\/usu857\/2018\/07\/DSC_0157-1024x680.jpg 1024w\" sizes=\"auto, (max-width: 1204px) 100vw, 1204px\" \/><\/a><\/p>\n<h5 style=\"text-align: center;\">Un sincer homenatge de tota la comunitat educativa!<\/h5>\n<p>&nbsp;<\/p>\n<p style=\"text-align: justify;\">Han estat molts els anys que l\u2019alumnat que ara acabeu l\u2019etapa de Batxillerat us heu estat formant a l\u2019Institut La Rom\u00e0nica i moltes les vostres experi\u00e8ncies. Molts vau arribar amb 11 o 12 anys i, literalment, us hem vist cr\u00e9ixer. Ara, tota la comunitat educativa volem desitjar-vos molta sort ens els nous camins que aviat emprendreu. I recordeu que aquesta \u00e9s casa vostra.<\/p>\n<h5 style=\"text-align: justify;\">SORT!!!<\/h5>\n","protected":false},"excerpt":{"rendered":"<p><a href=\"http:\/\/agora.xtec.cat\/ieslaromanica\/wp-content\/uploads\/usu857\/2018\/07\/DSC_0147.jpg\"><\/a><br \/>\nFotografies a c\u00e0rrec de l&#8217;Elisa Rom\u00e1n.<br \/>\nUna graduaci\u00f3 \u00e9s un moment molt especial i esperat per l&#8217;alumnat i, en el cas de la de 2n de Batxillerat, es tracta d&#8217;un acte solemne de reconeixement pels anys que l&#8217;alumnat ha estat al nostre institut, la majoria&hellip;  <a href=\"https:\/\/agora.xtec.cat\/ieslaromanica\/general\/graduacio-de-2n-de-batxillerat-2018\/\" title=\"Read GRADUACI\u00d3 de 2n de Batxillerat 2018\">Llegeix m\u00e9s\u00bb<\/a><\/p>\n","protected":false},"author":3,"featured_media":4025,"comment_status":"open","ping_status":"closed","sticky":false,"template":"","format":"standard","meta":{"_bbp_topic_count":0,"_bbp_reply_count":0,"_bbp_total_topic_count":0,"_bbp_total_reply_count":0,"_bbp_voice_count":0,"_bbp_anonymous_reply_count":0,"_bbp_topic_count_hidden":0,"_bbp_reply_count_hidden":0,"_bbp_forum_subforum_count":0,"footnotes":""},"categories":[73,8,1,29],"tags":[165],"class_list":["post-3902","post","type-post","status-publish","format-standard","has-post-thumbnail","hentry","category-2-batx","category-batxillerat","category-general","category-portada","tag-graduacio-de-2n-de-batxillerat"],"post_mailing_queue_ids":[],"_links":{"self":[{"href":"https:\/\/agora.xtec.cat\/ieslaromanica\/wp-json\/wp\/v2\/posts\/3902","targetHints":{"allow":["GET"]}}],"collection":[{"href":"https:\/\/agora.xtec.cat\/ieslaromanica\/wp-json\/wp\/v2\/posts"}],"about":[{"href":"https:\/\/agora.xtec.cat\/ieslaromanica\/wp-json\/wp\/v2\/types\/post"}],"author":[{"embeddable":true,"href":"https:\/\/agora.xtec.cat\/ieslaromanica\/wp-json\/wp\/v2\/users\/3"}],"replies":[{"embeddable":true,"href":"https:\/\/agora.xtec.cat\/ieslaromanica\/wp-json\/wp\/v2\/comments?post=3902"}],"version-history":[{"count":3,"href":"https:\/\/agora.xtec.cat\/ieslaromanica\/wp-json\/wp\/v2\/posts\/3902\/revisions"}],"predecessor-version":[{"id":4074,"href":"https:\/\/agora.xtec.cat\/ieslaromanica\/wp-json\/wp\/v2\/posts\/3902\/revisions\/4074"}],"wp:featuredmedia":[{"embeddable":true,"href":"https:\/\/agora.xtec.cat\/ieslaromanica\/wp-json\/wp\/v2\/media\/4025"}],"wp:attachment":[{"href":"https:\/\/agora.xtec.cat\/ieslaromanica\/wp-json\/wp\/v2\/media?parent=3902"}],"wp:term":[{"taxonomy":"category","embeddable":true,"href":"https:\/\/agora.xtec.cat\/ieslaromanica\/wp-json\/wp\/v2\/categories?post=3902"},{"taxonomy":"post_tag","embeddable":true,"href":"https:\/\/agora.xtec.cat\/ieslaromanica\/wp-json\/wp\/v2\/tags?post=3902"}],"curies":[{"name":"wp","href":"https:\/\/api.w.org\/{rel}","templated":true}]}}