{"id":3750,"date":"2018-06-19T23:46:41","date_gmt":"2018-06-19T21:46:41","guid":{"rendered":"http:\/\/agora.xtec.cat\/ieslaromanica\/?p=3750"},"modified":"2018-06-20T00:15:54","modified_gmt":"2018-06-19T22:15:54","slug":"guanyadores-dels-premis-al-millor-dossier-de-fp-dual","status":"publish","type":"post","link":"https:\/\/agora.xtec.cat\/ieslaromanica\/general\/guanyadores-dels-premis-al-millor-dossier-de-fp-dual\/","title":{"rendered":"Guanyadores del Primer Concurs de Dossiers d&#8217;Estades Formatives en Alternan\u00e7a Dual"},"content":{"rendered":"<p style=\"text-align: justify;\">La Rosa M\u00aa Mar\u00edn i la Laia Vilasar\u00f3, alumnes del CFGS de Fabricaci\u00f3 de productes farmac\u00e8utics, biotecnol\u00f2gics i afins a l&#8217;INS La Rom\u00e0nica, han guanyat dos dels tres premis al Millor Dossier de FP DUAL.<\/p>\n<p style=\"text-align: justify;\">El dia 12 de juny, dins la Jornada de Cloenda de la xarxa de suport a la FP Dual, es van lliurar els tres premis corresponents al Primer Concurs de Dossiers d&#8217;Estades Formatives en Alternan\u00e7a Dual, al qual es van presentar m\u00e9s d&#8217;un centenar de dossiers d&#8217;instituts de tota Catalunya. Dos d&#8217;aquests tres premis els van guanyar les nostres alumnes\u00a0Rosa M\u00aa Mar\u00edn i Laia Vilasar\u00f3.<\/p>\n<p style=\"text-align: justify;\">Enhorabona a totes dues!!!!<\/p>\n\r\n\t<div class=\"slideshow_container slideshow_container_style-light\" style=\"height: 400px; \" data-slideshow-id=\"3751\" data-style-name=\"style-light\" data-style-version=\"2.3.1\" >\r\n\r\n\t\t\t\t\t<div class=\"slideshow_loading_icon\"><\/div>\r\n\t\t\r\n\t\t<div class=\"slideshow_content\" style=\"display: none;\">\r\n\r\n\t\t\t<div class=\"slideshow_view\">\r\n\t\t\t\t<div class=\"slideshow_slide slideshow_slide_image\">\r\n\t\t\t\t\t\t\t\t\t\t\t<img src=\"https:\/\/agora.xtec.cat\/ieslaromanica\/wp-content\/uploads\/usu857\/2018\/06\/IMG_20180619_174624.jpg\" alt=\"Laia Vilasar\u00f3\" width=\"3963\" height=\"2110\" \/>\r\n\t\t\t\t\t\t\t\t\t\t<div class=\"slideshow_description_box slideshow_transparent\">\r\n\t\t\t\t\t\t<div class=\"slideshow_title\">Laia Vilasar\u00f3<\/div>\t\t\t\t\t\t\t\t\t\t\t<\/div>\r\n\t\t\t\t<\/div>\r\n\r\n\t\t\t\t\t\t<div style=\"clear: both;\"><\/div><\/div><div class=\"slideshow_view\">\r\n\t\t\t\t<div class=\"slideshow_slide slideshow_slide_image\">\r\n\t\t\t\t\t\t\t\t\t\t\t<img src=\"https:\/\/agora.xtec.cat\/ieslaromanica\/wp-content\/uploads\/usu857\/2018\/06\/20180614_130312.jpg\" alt=\"Rosa M\u00aa Mar\u00edn\" width=\"3094\" height=\"2048\" \/>\r\n\t\t\t\t\t\t\t\t\t\t<div class=\"slideshow_description_box slideshow_transparent\">\r\n\t\t\t\t\t\t<div class=\"slideshow_title\">Rosa M\u00aa Mar\u00edn<\/div>\t\t\t\t\t\t\t\t\t\t\t<\/div>\r\n\t\t\t\t<\/div>\r\n\r\n\t\t\t\t\t\t<div style=\"clear: both;\"><\/div><\/div>\r\n\t\t<\/div>\r\n\r\n\t\t<div class=\"slideshow_controlPanel slideshow_transparent\" style=\"display: none;\"><ul><li class=\"slideshow_togglePlay\" data-play-text=\"Visualitza\" data-pause-text=\"Pausa\"><\/li><\/ul><\/div>\r\n\r\n\t\t<div class=\"slideshow_button slideshow_previous slideshow_transparent\" role=\"button\" data-previous-text=\"Anterior\" style=\"display: none;\"><\/div>\r\n\t\t<div class=\"slideshow_button slideshow_next slideshow_transparent\" role=\"button\" data-next-text=\"Seg\u00fcent\" style=\"display: none;\"><\/div>\r\n\r\n\t\t<div class=\"slideshow_pagination\" style=\"display: none;\" data-go-to-text=\"V\u00e9s a la diapositiva\"><div class=\"slideshow_pagination_center\"><\/div><\/div>\r\n\r\n\t\t<!-- WordPress Slideshow Version 2.3.1 -->\r\n\r\n\t\t\t<\/div>\r\n\r\n\n<p>&nbsp;<\/p>\n<p>&nbsp;<\/p>\n","protected":false},"excerpt":{"rendered":"<p>La Rosa M\u00aa Mar\u00edn i la Laia Vilasar\u00f3, alumnes del CFGS de Fabricaci\u00f3 de productes farmac\u00e8utics, biotecnol\u00f2gics i afins a l&#8217;INS La Rom\u00e0nica, han guanyat dos dels tres premis al Millor Dossier de FP DUAL.<br \/>\nEl dia 12 de juny, dins la Jornada de Cloenda de&hellip;  <a href=\"https:\/\/agora.xtec.cat\/ieslaromanica\/general\/guanyadores-dels-premis-al-millor-dossier-de-fp-dual\/\" title=\"Read Guanyadores del Primer Concurs de Dossiers d&#8217;Estades Formatives en Alternan\u00e7a Dual\">Llegeix m\u00e9s\u00bb<\/a><\/p>\n","protected":false},"author":35,"featured_media":3757,"comment_status":"open","ping_status":"closed","sticky":false,"template":"","format":"standard","meta":{"_bbp_topic_count":0,"_bbp_reply_count":0,"_bbp_total_topic_count":0,"_bbp_total_reply_count":0,"_bbp_voice_count":0,"_bbp_anonymous_reply_count":0,"_bbp_topic_count_hidden":0,"_bbp_reply_count_hidden":0,"_bbp_forum_subforum_count":0,"footnotes":""},"categories":[30,1,29],"tags":[],"class_list":["post-3750","post","type-post","status-publish","format-standard","has-post-thumbnail","hentry","category-cicles-formatius","category-general","category-portada"],"post_mailing_queue_ids":[],"_links":{"self":[{"href":"https:\/\/agora.xtec.cat\/ieslaromanica\/wp-json\/wp\/v2\/posts\/3750","targetHints":{"allow":["GET"]}}],"collection":[{"href":"https:\/\/agora.xtec.cat\/ieslaromanica\/wp-json\/wp\/v2\/posts"}],"about":[{"href":"https:\/\/agora.xtec.cat\/ieslaromanica\/wp-json\/wp\/v2\/types\/post"}],"author":[{"embeddable":true,"href":"https:\/\/agora.xtec.cat\/ieslaromanica\/wp-json\/wp\/v2\/users\/35"}],"replies":[{"embeddable":true,"href":"https:\/\/agora.xtec.cat\/ieslaromanica\/wp-json\/wp\/v2\/comments?post=3750"}],"version-history":[{"count":3,"href":"https:\/\/agora.xtec.cat\/ieslaromanica\/wp-json\/wp\/v2\/posts\/3750\/revisions"}],"predecessor-version":[{"id":3761,"href":"https:\/\/agora.xtec.cat\/ieslaromanica\/wp-json\/wp\/v2\/posts\/3750\/revisions\/3761"}],"wp:featuredmedia":[{"embeddable":true,"href":"https:\/\/agora.xtec.cat\/ieslaromanica\/wp-json\/wp\/v2\/media\/3757"}],"wp:attachment":[{"href":"https:\/\/agora.xtec.cat\/ieslaromanica\/wp-json\/wp\/v2\/media?parent=3750"}],"wp:term":[{"taxonomy":"category","embeddable":true,"href":"https:\/\/agora.xtec.cat\/ieslaromanica\/wp-json\/wp\/v2\/categories?post=3750"},{"taxonomy":"post_tag","embeddable":true,"href":"https:\/\/agora.xtec.cat\/ieslaromanica\/wp-json\/wp\/v2\/tags?post=3750"}],"curies":[{"name":"wp","href":"https:\/\/api.w.org\/{rel}","templated":true}]}}