{"id":3740,"date":"2018-07-14T14:26:28","date_gmt":"2018-07-14T12:26:28","guid":{"rendered":"http:\/\/agora.xtec.cat\/ieslaromanica\/?p=3740"},"modified":"2020-01-08T09:46:31","modified_gmt":"2020-01-08T08:46:31","slug":"dos-grans-mestres-sens-jubilen","status":"publish","type":"post","link":"https:\/\/agora.xtec.cat\/ieslaromanica\/general\/dos-grans-mestres-sens-jubilen\/","title":{"rendered":"Dos grans MESTRES se&#8217;ns jubilen"},"content":{"rendered":"<p>&nbsp;<\/p>\n<h5 style=\"text-align: center;\"><a href=\"http:\/\/agora.xtec.cat\/ieslaromanica\/wp-content\/uploads\/usu857\/2018\/07\/dani-i-josep-retallada-1.jpg\"><img loading=\"lazy\" decoding=\"async\" class=\"alignnone size-full wp-image-4163\" src=\"http:\/\/agora.xtec.cat\/ieslaromanica\/wp-content\/uploads\/usu857\/2018\/07\/dani-i-josep-retallada-1.jpg\" alt=\"\" width=\"1000\" height=\"1504\" srcset=\"https:\/\/agora.xtec.cat\/ieslaromanica\/wp-content\/uploads\/usu857\/2018\/07\/dani-i-josep-retallada-1.jpg 1000w, https:\/\/agora.xtec.cat\/ieslaromanica\/wp-content\/uploads\/usu857\/2018\/07\/dani-i-josep-retallada-1-199x300.jpg 199w, https:\/\/agora.xtec.cat\/ieslaromanica\/wp-content\/uploads\/usu857\/2018\/07\/dani-i-josep-retallada-1-768x1155.jpg 768w, https:\/\/agora.xtec.cat\/ieslaromanica\/wp-content\/uploads\/usu857\/2018\/07\/dani-i-josep-retallada-1-681x1024.jpg 681w\" sizes=\"auto, (max-width: 1000px) 100vw, 1000px\" \/><\/a><\/h5>\n<h5 style=\"text-align: center;\">Pel seu aspecte, per la seva forma de fer les classes i per la seva capacitat de connectar amb l&#8217;alumnat, ning\u00fa no ho diria, per\u00f2 ja se&#8217;ns han jubilat.<\/h5>\n<p style=\"text-align: justify;\">No calen presentacions, els coneixeu sobradament. S\u00f3n el Josep Colom i el Daniel Ma\u00f1\u00e9, dos pilars, dues peces clau, dos pals de paller de l&#8217;Institut La Rom\u00e0nica.<\/p>\n<p style=\"text-align: justify;\">Tots dos professors del Departament de Ci\u00e8ncies Naturals, treballadors incansables, matiners, compromesos amb el m\u00f3n de l&#8217;educaci\u00f3, creatius, innovadors, discrets, resolutius i de molt bona pasta. Els podr\u00edem definir, ambd\u00f3s, com a MESTRES en el sentit m\u00e9s ampli de la paraula i, alhora, ho han estat tant per a l&#8217;alumnat durant generacions com per al professorat, ja que per a tots els companys i companyes de professi\u00f3 s\u00f3n dos models a seguir i dos exemples per a les noves generacions de professors i professores, ja que combinen el mestratge de la seva mat\u00e8ria d&#8217;especialitzaci\u00f3 (les Ci\u00e8ncies Naturals) amb la capacitat de\u00a0donar lli\u00e7ons de vida.<\/p>\n<p style=\"text-align: justify;\"><a href=\"http:\/\/agora.xtec.cat\/ieslaromanica\/wp-content\/uploads\/usu857\/2018\/06\/josep.jpg\"><img loading=\"lazy\" decoding=\"async\" class=\" wp-image-3746 alignleft\" src=\"http:\/\/agora.xtec.cat\/ieslaromanica\/wp-content\/uploads\/usu857\/2018\/06\/josep.jpg\" alt=\"\" width=\"280\" height=\"374\" srcset=\"https:\/\/agora.xtec.cat\/ieslaromanica\/wp-content\/uploads\/usu857\/2018\/06\/josep.jpg 233w, https:\/\/agora.xtec.cat\/ieslaromanica\/wp-content\/uploads\/usu857\/2018\/06\/josep-225x300.jpg 225w\" sizes=\"auto, (max-width: 280px) 100vw, 280px\" \/><\/a>El JOSEP COLOM i PERPI\u00d1\u00c1 va arribar a l&#8217;Institut La Rom\u00e0nica el 24 d&#8217;Octubre de 1979. S\u00ed, ho heu comptat b\u00e9, fa 39 anys, amb l&#8217;institut recent inaugurat. I en aquests moments, era el professor m\u00e9s &#8220;antic&#8221;\u00a0del centre.<\/p>\n<p style=\"text-align: justify;\">Llicenciat amb Ci\u00e8ncies Biol\u00f2giques, va arribar ple d&#8217;il\u00b7lusions al nostre flamant institut i, tot i haver de fer un llarg trajecte des de Barcelona amunt i avall,\u00a0 s&#8217;hi va quedar per sempre m\u00e9s i, us podem ben assegurar que, a la darrera reuni\u00f3 interna, seguia amb la mateixa empenta i capacitat de treball.<\/p>\n<p style=\"text-align: justify;\">El Josep, a part de la doc\u00e8ncia, durant tots aquests anys, ha tingut diversos c\u00e0rrecs rellevants. Per exemple, ha estat Cap d&#8217;Estudis, Cap de Departament i Coordinador de Nivell, fruit de la seva capacitat organitzativa, i de gesti\u00f3.<\/p>\n<p style=\"text-align: justify;\">Un do que t\u00e9 el Josep i que ha marcat la seva forma de treballar, ha estat la capacitat de saber manar sense aixecar, mai, la veu, amb\u00a0paci\u00e8ncia, const\u00e0ncia i serenor, que demostra la seva capacitat de lideratge, de comandament i de saber estar innats.<\/p>\n<p style=\"text-align: justify;\">Amb 39 anys de doc\u00e8ncia al nostre institut, ha estat professor de pares i de mares de l&#8217;alumnat actual, ha estat professor de molts dels nostres professors i professores del centre i de l&#8217;actual Directora i, com ell mateix va comentar en l&#8217;acte de graduaci\u00f3 de 2n de Batxillerat, tamb\u00e9 de l&#8217;Alcaldessa de Barber\u00e0.<\/p>\n<p style=\"text-align: justify;\">Parlant del dia de la Graduaci\u00f3 de 2n de Batxillerat, el passat mes de juny, el Josep va poder rebre el millor dels homenatges, que \u00e9s el procedent del propi alumnat, en aquest cas el de Biologia de 2n de Batxillerat, que el va fer pujar a l&#8217;escenari per\u00a0retre-li un sincer homenatge p\u00fablic, en agra\u00efment per tots aquests anys de doc\u00e8ncia al nostre institut on, amb els seus aplaudiments, es va afegir tota la comunitat educativa.<\/p>\n<p style=\"text-align: center;\"><a href=\"http:\/\/agora.xtec.cat\/ieslaromanica\/wp-content\/uploads\/usu857\/2018\/07\/DSC_0157.jpg\"><img loading=\"lazy\" decoding=\"async\" class=\"size-full wp-image-4026 aligncenter\" src=\"http:\/\/agora.xtec.cat\/ieslaromanica\/wp-content\/uploads\/usu857\/2018\/07\/DSC_0157.jpg\" alt=\"\" width=\"1204\" height=\"800\" srcset=\"https:\/\/agora.xtec.cat\/ieslaromanica\/wp-content\/uploads\/usu857\/2018\/07\/DSC_0157.jpg 1204w, https:\/\/agora.xtec.cat\/ieslaromanica\/wp-content\/uploads\/usu857\/2018\/07\/DSC_0157-300x199.jpg 300w, https:\/\/agora.xtec.cat\/ieslaromanica\/wp-content\/uploads\/usu857\/2018\/07\/DSC_0157-768x510.jpg 768w, https:\/\/agora.xtec.cat\/ieslaromanica\/wp-content\/uploads\/usu857\/2018\/07\/DSC_0157-1024x680.jpg 1024w\" sizes=\"auto, (max-width: 1204px) 100vw, 1204px\" \/><\/a><\/p>\n<h5 style=\"text-align: center;\">Gr\u00e0cies, Josep, per aquests 39 anys de bon mestratge!<\/h5>\n<p>&nbsp;<\/p>\n<p style=\"text-align: justify;\"><a href=\"http:\/\/agora.xtec.cat\/ieslaromanica\/wp-content\/uploads\/usu857\/2018\/06\/dani.jpg\"><img loading=\"lazy\" decoding=\"async\" class=\"wp-image-3745 alignleft\" src=\"http:\/\/agora.xtec.cat\/ieslaromanica\/wp-content\/uploads\/usu857\/2018\/06\/dani.jpg\" alt=\"\" width=\"280\" height=\"390\" srcset=\"https:\/\/agora.xtec.cat\/ieslaromanica\/wp-content\/uploads\/usu857\/2018\/06\/dani.jpg 225w, https:\/\/agora.xtec.cat\/ieslaromanica\/wp-content\/uploads\/usu857\/2018\/06\/dani-216x300.jpg 216w\" sizes=\"auto, (max-width: 280px) 100vw, 280px\" \/><\/a>El DANIEL MA\u00d1\u00c9 SUAU va arribar a l&#8217;Institut La Rom\u00e0nica el 9 de setembre de 1996, despr\u00e9s d&#8217;una dilatada carrera docent com a mestre d&#8217;EGB i de Prim\u00e0ria, ja que el Daniel \u00e9s Diplomat amb Professorat d&#8217;EGB en l&#8217;especialitat de Ci\u00e8ncies.<\/p>\n<p style=\"text-align: justify;\">Els anys com a mestre a l&#8217;Escola Elisa Badia de Barber\u00e0 varen deixar una forta petjada. A mode d&#8217;an\u00e8cdota, els explicar\u00e9 que quan jo mateixa hi vaig treballar a finals dels anys 90, en guardaven un gran record i alguna fotografia vaig poder tenir a les mans que mostrava a un jove mestre, en aquella \u00e8poca lluint una bona melena, apassionat per la seva tasca docent.<\/p>\n<p style=\"text-align: justify;\">I amb aquesta mateixa passi\u00f3 pel m\u00f3n de l&#8217;ensenyament i de les ci\u00e8ncies naturals va arribar al nostre centre.<\/p>\n<p style=\"text-align: justify;\">Per molt que volgu\u00e9ssim arribar de bon mat\u00ed els primers i primeres a l&#8217;institut, en aquests m\u00e9s de 20 anys ell sempre ha estat el primer en arribar, en arremangar-se i en posar-se a preparar les classes, les activitats i els materials per a portar-ho tot a terme, fruit del seu esperit perfeccionista.<\/p>\n<p style=\"text-align: justify;\">Del Dani podr\u00edem, perfectament,\u00a0utilitzar els mateixos elogis que hem utilitzat per al Josep, i quedar\u00edem curts. Ell tamb\u00e9 ha dut a terme c\u00e0rrecs importants, com Coordinador de Nivell i Cap de Departament.<\/p>\n<p style=\"text-align: justify;\">Destacar\u00edem la seva generositat en la seva dedicaci\u00f3 a la tasca docent i a l&#8217;institut,\u00a0ja que, durant anys, s&#8217;ha posat darrera d&#8217;una c\u00e0mera fotogr\u00e0fica que l&#8217;ha portat a fer un seguiment, incansable, de totes les festes, actes i activitats extraescolars, per poder-les immortalitzar, convertint-se en el nostre &#8220;camer\u00e0man&#8221; fins al darrer dia, a la Graduaci\u00f3 de 4t d&#8217;ESO.<\/p>\n<p style=\"text-align: justify;\">Un professor vocacional, proper, sincer, perseverant, humil i discret. Aquests darrers dies l&#8217;hem perseguit per poder-li fer, en algun moment, un homenatge o un acte de comiat, per\u00f2 no ho hem aconseguit fins al darrer dia, al darrer claustre. All\u00e0 ja no es va poder escapar de rebre un calor\u00f3s i sincer aplaudiment de tot el professorat, al costat del seu bon amic i company, el Josep.<\/p>\n<p><a href=\"http:\/\/agora.xtec.cat\/ieslaromanica\/wp-content\/uploads\/usu857\/2018\/06\/dani-amb-fill.jpg\"><img loading=\"lazy\" decoding=\"async\" class=\"size-full wp-image-3742 aligncenter\" src=\"http:\/\/agora.xtec.cat\/ieslaromanica\/wp-content\/uploads\/usu857\/2018\/06\/dani-amb-fill.jpg\" alt=\"\" width=\"1187\" height=\"689\" srcset=\"https:\/\/agora.xtec.cat\/ieslaromanica\/wp-content\/uploads\/usu857\/2018\/06\/dani-amb-fill.jpg 1187w, https:\/\/agora.xtec.cat\/ieslaromanica\/wp-content\/uploads\/usu857\/2018\/06\/dani-amb-fill-300x174.jpg 300w, https:\/\/agora.xtec.cat\/ieslaromanica\/wp-content\/uploads\/usu857\/2018\/06\/dani-amb-fill-768x446.jpg 768w, https:\/\/agora.xtec.cat\/ieslaromanica\/wp-content\/uploads\/usu857\/2018\/06\/dani-amb-fill-1024x594.jpg 1024w\" sizes=\"auto, (max-width: 1187px) 100vw, 1187px\" \/><\/a><\/p>\n<h5 style=\"text-align: center;\">Gr\u00e0cies, Dani. De ben segur que tornar\u00e0s a l&#8217;institut, potser, per immortalitzar fotogr\u00e0ficament les properes activitats o, simplement, fent de pare.<\/h5>\n<p>&nbsp;<\/p>\n<p style=\"text-align: justify;\">Josep i Dani, heu estat uns grans MESTRES per al nostre alumnat i uns grans companys per a tot el professorat. Se&#8217;ns fa dif\u00edcil pensar que us heu jubilat i us trobarem a faltar. Per\u00f2 recordeu, sempre, que formeu part d&#8217;aquesta gran fam\u00edlia que \u00e9s l&#8217;Institut La Rom\u00e0nica i que aquesta \u00e9s casa vostra.<\/p>\n<h5 style=\"text-align: center;\">GR\u00c0CIES\u00a0per tots aquests anys i molta SORT en aquesta nova etapa de les vostres vides!<\/h5>\n","protected":false},"excerpt":{"rendered":"<p>&nbsp;<br \/>\n<a href=\"http:\/\/agora.xtec.cat\/ieslaromanica\/wp-content\/uploads\/usu857\/2018\/07\/dani-i-josep-retallada-1.jpg\"><\/a><br \/>\nPel seu aspecte, per la seva forma de fer les classes i per la seva capacitat de connectar amb l&#8217;alumnat, ning\u00fa no ho diria, per\u00f2 ja se&#8217;ns han jubilat.<br \/>\nNo calen presentacions, els coneixeu sobradament. S\u00f3n el Josep Colom i el Daniel Ma\u00f1\u00e9, dos pilars,&hellip;  <a href=\"https:\/\/agora.xtec.cat\/ieslaromanica\/general\/dos-grans-mestres-sens-jubilen\/\" title=\"Read Dos grans MESTRES se&#8217;ns jubilen\">Llegeix m\u00e9s\u00bb<\/a><\/p>\n","protected":false},"author":3,"featured_media":4159,"comment_status":"open","ping_status":"closed","sticky":false,"template":"","format":"standard","meta":{"_bbp_topic_count":0,"_bbp_reply_count":0,"_bbp_total_topic_count":0,"_bbp_total_reply_count":0,"_bbp_voice_count":0,"_bbp_anonymous_reply_count":0,"_bbp_topic_count_hidden":0,"_bbp_reply_count_hidden":0,"_bbp_forum_subforum_count":0,"footnotes":""},"categories":[1,29],"tags":[167],"class_list":["post-3740","post","type-post","status-publish","format-standard","has-post-thumbnail","hentry","category-general","category-portada","tag-jubilacio"],"post_mailing_queue_ids":[],"_links":{"self":[{"href":"https:\/\/agora.xtec.cat\/ieslaromanica\/wp-json\/wp\/v2\/posts\/3740","targetHints":{"allow":["GET"]}}],"collection":[{"href":"https:\/\/agora.xtec.cat\/ieslaromanica\/wp-json\/wp\/v2\/posts"}],"about":[{"href":"https:\/\/agora.xtec.cat\/ieslaromanica\/wp-json\/wp\/v2\/types\/post"}],"author":[{"embeddable":true,"href":"https:\/\/agora.xtec.cat\/ieslaromanica\/wp-json\/wp\/v2\/users\/3"}],"replies":[{"embeddable":true,"href":"https:\/\/agora.xtec.cat\/ieslaromanica\/wp-json\/wp\/v2\/comments?post=3740"}],"version-history":[{"count":3,"href":"https:\/\/agora.xtec.cat\/ieslaromanica\/wp-json\/wp\/v2\/posts\/3740\/revisions"}],"predecessor-version":[{"id":16371,"href":"https:\/\/agora.xtec.cat\/ieslaromanica\/wp-json\/wp\/v2\/posts\/3740\/revisions\/16371"}],"wp:featuredmedia":[{"embeddable":true,"href":"https:\/\/agora.xtec.cat\/ieslaromanica\/wp-json\/wp\/v2\/media\/4159"}],"wp:attachment":[{"href":"https:\/\/agora.xtec.cat\/ieslaromanica\/wp-json\/wp\/v2\/media?parent=3740"}],"wp:term":[{"taxonomy":"category","embeddable":true,"href":"https:\/\/agora.xtec.cat\/ieslaromanica\/wp-json\/wp\/v2\/categories?post=3740"},{"taxonomy":"post_tag","embeddable":true,"href":"https:\/\/agora.xtec.cat\/ieslaromanica\/wp-json\/wp\/v2\/tags?post=3740"}],"curies":[{"name":"wp","href":"https:\/\/api.w.org\/{rel}","templated":true}]}}