{"id":3732,"date":"2018-06-22T20:24:15","date_gmt":"2018-06-22T18:24:15","guid":{"rendered":"http:\/\/agora.xtec.cat\/ieslaromanica\/?p=3732"},"modified":"2018-06-27T11:50:33","modified_gmt":"2018-06-27T09:50:33","slug":"31e-concurs-literari-castell-de-barbera","status":"publish","type":"post","link":"https:\/\/agora.xtec.cat\/ieslaromanica\/general\/31e-concurs-literari-castell-de-barbera\/","title":{"rendered":"31\u00e8 Concurs Literari CASTELL DE BARBER\u00c0"},"content":{"rendered":"<p style=\"text-align: justify;\"><a href=\"http:\/\/agora.xtec.cat\/ieslaromanica\/wp-content\/uploads\/usu857\/2018\/06\/CB-0072.jpg\"><img loading=\"lazy\" decoding=\"async\" class=\"alignnone size-full wp-image-3763\" src=\"http:\/\/agora.xtec.cat\/ieslaromanica\/wp-content\/uploads\/usu857\/2018\/06\/CB-0072.jpg\" alt=\"\" width=\"3000\" height=\"2000\" srcset=\"https:\/\/agora.xtec.cat\/ieslaromanica\/wp-content\/uploads\/usu857\/2018\/06\/CB-0072.jpg 3000w, https:\/\/agora.xtec.cat\/ieslaromanica\/wp-content\/uploads\/usu857\/2018\/06\/CB-0072-300x200.jpg 300w, https:\/\/agora.xtec.cat\/ieslaromanica\/wp-content\/uploads\/usu857\/2018\/06\/CB-0072-768x512.jpg 768w, https:\/\/agora.xtec.cat\/ieslaromanica\/wp-content\/uploads\/usu857\/2018\/06\/CB-0072-1024x683.jpg 1024w\" sizes=\"auto, (max-width: 3000px) 100vw, 3000px\" \/><\/a>Ell dijous 24 de maig va tenir lloc, al Teatre Municipal Cooperativa, l&#8217;acte de lliurament dels premis del 31\u00e8 Concurs Literari CASTELL DE BARBER\u00c0, on l&#8217;alumnat de tots els nivells de la nostra poblaci\u00f3 va poder mostrar la seva creativitat liter\u00e0ria.<\/p>\n<p style=\"text-align: justify;\">Ens complau comunicar-vos els noms de les alumnes guanyadores de l&#8217;Institut La Rom\u00e0nica:<\/p>\n<p>A. CONTE I NARRACI\u00d3 BREU:<\/p>\n<ul>\n<li><span style=\"font-family: sans-serif; font-size: small;\"><u>Categoria E &#8211; Educaci\u00f3 secund\u00e0ria obligat\u00f2ria &#8211; 3r i 4t<\/u>:<br \/>\n<\/span><\/li>\n<\/ul>\n<p><strong>\u00a0\u00a0\u00a0\u00a0 2n PREMI: DANA VICENTE HERREROS, de 3r B<\/strong><\/p>\n<ul>\n<li><span style=\"font-family: sans-serif; font-size: small;\"><u>Categoria F &#8211; Educaci\u00f3 tecnicoprofessional. Batxillerat<\/u>:<br \/>\n<\/span><br \/>\n<strong>1r PREMI: N\u00daRIA BA\u00d1OS S\u00c1NCHEZ, de 1r C de Batxillerat<\/strong><br \/>\n<strong> 2n PREMI: ANNA BERN\u00c9 NAVARRO, de 2n C de Batxillerat<\/strong><span style=\"font-family: sans-serif; font-size: small;\"><br \/>\n<\/span><\/li>\n<\/ul>\n<p>B. POESIA:<\/p>\n<ul>\n<li><span style=\"font-family: sans-serif; font-size: small;\"><u>Categoria M &#8211; Educaci\u00f3 secund\u00e0ria obligat\u00f2ria<\/u>:<br \/>\n<\/span><\/li>\n<\/ul>\n<p><span style=\"font-family: sans-serif; font-size: small;\">\u00a0\u00a0\u00a0\u00a0\u00a0<\/span><strong>2n PREMI: DANA VICENTE HERREROS, de 3r B<\/strong><\/p>\n<p style=\"text-align: justify;\">\n<p style=\"text-align: justify;\">Si voleu con\u00e8ixer els noms de tot l&#8217;alumnat guardonat, aqu\u00ed teniu l&#8217;enlla\u00e7:<\/p>\n<p style=\"text-align: justify;\"><a href=\"http:\/\/www.bdv.cat\/sites\/default\/files\/common\/Educacio\/premis_31e_concurs_literari_castell_barbera_1.pdf\">guardonades i guardonats<\/a><\/p>\n<p style=\"text-align: center;\"><a href=\"http:\/\/agora.xtec.cat\/ieslaromanica\/wp-content\/uploads\/usu857\/2018\/06\/castell-barbera-2018.jpg\"><img loading=\"lazy\" decoding=\"async\" class=\" wp-image-3741 alignleft\" src=\"http:\/\/agora.xtec.cat\/ieslaromanica\/wp-content\/uploads\/usu857\/2018\/06\/castell-barbera-2018.jpg\" alt=\"\" width=\"191\" height=\"191\" srcset=\"https:\/\/agora.xtec.cat\/ieslaromanica\/wp-content\/uploads\/usu857\/2018\/06\/castell-barbera-2018.jpg 180w, https:\/\/agora.xtec.cat\/ieslaromanica\/wp-content\/uploads\/usu857\/2018\/06\/castell-barbera-2018-150x150.jpg 150w\" sizes=\"auto, (max-width: 191px) 100vw, 191px\" \/><\/a><\/p>\n<h5>Gr\u00e0cies per fer-nos gaudir de la lectura<\/h5>\n<h5>L&#8217;enhorabona a totes!<\/h5>\n<p>&nbsp;<\/p>\n<p>&nbsp;<\/p>\n<p>&nbsp;<\/p>\n<p>&nbsp;<\/p>\n<p>&nbsp;<\/p>\n<p>&nbsp;<\/p>\n","protected":false},"excerpt":{"rendered":"<p><a href=\"http:\/\/agora.xtec.cat\/ieslaromanica\/wp-content\/uploads\/usu857\/2018\/06\/CB-0072.jpg\"><\/a>Ell dijous 24 de maig va tenir lloc, al Teatre Municipal Cooperativa, l&#8217;acte de lliurament dels premis del 31\u00e8 Concurs Literari CASTELL DE BARBER\u00c0, on l&#8217;alumnat de tots els nivells de la nostra poblaci\u00f3 va poder mostrar la seva creativitat liter\u00e0ria.<br \/>\nEns complau comunicar-vos els&hellip;  <a href=\"https:\/\/agora.xtec.cat\/ieslaromanica\/general\/31e-concurs-literari-castell-de-barbera\/\" title=\"Read 31\u00e8 Concurs Literari CASTELL DE BARBER\u00c0\">Llegeix m\u00e9s\u00bb<\/a><\/p>\n","protected":false},"author":3,"featured_media":3763,"comment_status":"open","ping_status":"closed","sticky":false,"template":"","format":"standard","meta":{"_bbp_topic_count":0,"_bbp_reply_count":0,"_bbp_total_topic_count":0,"_bbp_total_reply_count":0,"_bbp_voice_count":0,"_bbp_anonymous_reply_count":0,"_bbp_topic_count_hidden":0,"_bbp_reply_count_hidden":0,"_bbp_forum_subforum_count":0,"footnotes":""},"categories":[1,29],"tags":[208],"class_list":["post-3732","post","type-post","status-publish","format-standard","has-post-thumbnail","hentry","category-general","category-portada","tag-concurs-literari-castell-de-barbera"],"post_mailing_queue_ids":[],"_links":{"self":[{"href":"https:\/\/agora.xtec.cat\/ieslaromanica\/wp-json\/wp\/v2\/posts\/3732","targetHints":{"allow":["GET"]}}],"collection":[{"href":"https:\/\/agora.xtec.cat\/ieslaromanica\/wp-json\/wp\/v2\/posts"}],"about":[{"href":"https:\/\/agora.xtec.cat\/ieslaromanica\/wp-json\/wp\/v2\/types\/post"}],"author":[{"embeddable":true,"href":"https:\/\/agora.xtec.cat\/ieslaromanica\/wp-json\/wp\/v2\/users\/3"}],"replies":[{"embeddable":true,"href":"https:\/\/agora.xtec.cat\/ieslaromanica\/wp-json\/wp\/v2\/comments?post=3732"}],"version-history":[{"count":3,"href":"https:\/\/agora.xtec.cat\/ieslaromanica\/wp-json\/wp\/v2\/posts\/3732\/revisions"}],"predecessor-version":[{"id":3932,"href":"https:\/\/agora.xtec.cat\/ieslaromanica\/wp-json\/wp\/v2\/posts\/3732\/revisions\/3932"}],"wp:featuredmedia":[{"embeddable":true,"href":"https:\/\/agora.xtec.cat\/ieslaromanica\/wp-json\/wp\/v2\/media\/3763"}],"wp:attachment":[{"href":"https:\/\/agora.xtec.cat\/ieslaromanica\/wp-json\/wp\/v2\/media?parent=3732"}],"wp:term":[{"taxonomy":"category","embeddable":true,"href":"https:\/\/agora.xtec.cat\/ieslaromanica\/wp-json\/wp\/v2\/categories?post=3732"},{"taxonomy":"post_tag","embeddable":true,"href":"https:\/\/agora.xtec.cat\/ieslaromanica\/wp-json\/wp\/v2\/tags?post=3732"}],"curies":[{"name":"wp","href":"https:\/\/api.w.org\/{rel}","templated":true}]}}