{"id":3710,"date":"2018-06-27T11:00:58","date_gmt":"2018-06-27T09:00:58","guid":{"rendered":"http:\/\/agora.xtec.cat\/ieslaromanica\/?p=3710"},"modified":"2018-06-27T11:00:58","modified_gmt":"2018-06-27T09:00:58","slug":"el-taekwondo-i-els-valors-de-lesport","status":"publish","type":"post","link":"https:\/\/agora.xtec.cat\/ieslaromanica\/general\/el-taekwondo-i-els-valors-de-lesport\/","title":{"rendered":"El TAEKWONDO i els valors de l&#8217;esport"},"content":{"rendered":"<p style=\"text-align: center;\"><a href=\"http:\/\/agora.xtec.cat\/ieslaromanica\/wp-content\/uploads\/usu857\/2018\/06\/20180613_103100.jpg\"><img loading=\"lazy\" decoding=\"async\" class=\"alignnone size-full wp-image-3711\" src=\"http:\/\/agora.xtec.cat\/ieslaromanica\/wp-content\/uploads\/usu857\/2018\/06\/20180613_103100.jpg\" alt=\"\" width=\"1116\" height=\"785\" srcset=\"https:\/\/agora.xtec.cat\/ieslaromanica\/wp-content\/uploads\/usu857\/2018\/06\/20180613_103100.jpg 1116w, https:\/\/agora.xtec.cat\/ieslaromanica\/wp-content\/uploads\/usu857\/2018\/06\/20180613_103100-300x211.jpg 300w, https:\/\/agora.xtec.cat\/ieslaromanica\/wp-content\/uploads\/usu857\/2018\/06\/20180613_103100-768x540.jpg 768w, https:\/\/agora.xtec.cat\/ieslaromanica\/wp-content\/uploads\/usu857\/2018\/06\/20180613_103100-1024x720.jpg 1024w\" sizes=\"auto, (max-width: 1116px) 100vw, 1116px\" \/><\/a><\/p>\n<p style=\"text-align: justify;\">Des de fa uns anys, el Treball de S\u00edntesi de 3r d&#8217;ESO del nostre centre, &#8220;Un m\u00f3n plural i divers&#8221;, compta amb una activitat molt interessant d&#8217;iniciaci\u00f3 al <strong>Taekwondo<\/strong>, que pret\u00e9n ser un tastet d&#8217;aquesta art marcial i de tots el valors que comporta aquesta disciplina esportiva.<\/p>\n<p style=\"text-align: justify;\">Ara, m\u00e9s que mai, els valors s\u00f3n una prioritat que cal mimar i potenciar des dels centres educatius i tots els agents educatius de la nostra societat, com pot ser l&#8217;esport, i aquesta activitat n&#8217;\u00e9s una bona oportunitat.<\/p>\n<p style=\"text-align: justify;\">El\u00a0Taekwondo\u00a0\u00e9s una\u00a0art marcial\u00a0d\u2019origen\u00a0core\u00e0. Destaca per la varietat i l\u2019espectacularitat de les seves t\u00e8cniques, i actualment, \u00e9s una de les arts marcials m\u00e9s conegudes i practicades arreu del m\u00f3n.<\/p>\n<p style=\"text-align: justify;\">\u00c9s curi\u00f3s observar com l&#8217;alumnat se sorpr\u00e8n de qu\u00e8 a trav\u00e9s d&#8217;una disciplina esportiva i de de competici\u00f3 ol\u00edmpica es poden treballar els valors, com la disciplina, la const\u00e0ncia o la solidaritat. La forma de presentar el Taekwondo als nois i noies tamb\u00e9 els sorpr\u00e8n, ja que quan es parla d&#8217;aquest esport no remarquen els aspectes competitius, ni agressius, sin\u00f3 com a l&#8217;aprenentatge de t\u00e8cniques d&#8217;autodefensa personal.<\/p>\n<p style=\"text-align: justify;\"><a href=\"http:\/\/agora.xtec.cat\/ieslaromanica\/wp-content\/uploads\/usu857\/2018\/06\/20180615_095129.jpg\"><img loading=\"lazy\" decoding=\"async\" class=\"alignnone size-full wp-image-3911\" src=\"http:\/\/agora.xtec.cat\/ieslaromanica\/wp-content\/uploads\/usu857\/2018\/06\/20180615_095129.jpg\" alt=\"\" width=\"1633\" height=\"1006\" srcset=\"https:\/\/agora.xtec.cat\/ieslaromanica\/wp-content\/uploads\/usu857\/2018\/06\/20180615_095129.jpg 1633w, https:\/\/agora.xtec.cat\/ieslaromanica\/wp-content\/uploads\/usu857\/2018\/06\/20180615_095129-300x185.jpg 300w, https:\/\/agora.xtec.cat\/ieslaromanica\/wp-content\/uploads\/usu857\/2018\/06\/20180615_095129-768x473.jpg 768w, https:\/\/agora.xtec.cat\/ieslaromanica\/wp-content\/uploads\/usu857\/2018\/06\/20180615_095129-1024x631.jpg 1024w\" sizes=\"auto, (max-width: 1633px) 100vw, 1633px\" \/><\/a><\/p>\n<p style=\"text-align: justify;\">Som afortunats i afortunades de comptar a l&#8217;Institut La Rom\u00e0nica amb la Cristina\u00a0Salado Alonso i la Candi Fortes Gim\u00e9nez, dues esportistes d&#8217;elit que viuen la passi\u00f3 del Taekwondo i transmeten els valors de l&#8217;esport. Totes dues tenen un palmar\u00e8s impressionant de premis, en tractar-se de dues campiones de Taekwondo de Catalunya, d&#8217;Espanya, d&#8217;Europa, de tot tipus de competicions internacionals, campiones del m\u00f3n i campiones ol\u00edmpiques.<\/p>\n<p style=\"text-align: center;\"><a href=\"http:\/\/agora.xtec.cat\/ieslaromanica\/wp-content\/uploads\/usu857\/2018\/06\/candi-cristina.jpg\"><img loading=\"lazy\" decoding=\"async\" class=\"alignnone size-full wp-image-3736\" src=\"http:\/\/agora.xtec.cat\/ieslaromanica\/wp-content\/uploads\/usu857\/2018\/06\/candi-cristina.jpg\" alt=\"\" width=\"1405\" height=\"1681\" srcset=\"https:\/\/agora.xtec.cat\/ieslaromanica\/wp-content\/uploads\/usu857\/2018\/06\/candi-cristina.jpg 1405w, https:\/\/agora.xtec.cat\/ieslaromanica\/wp-content\/uploads\/usu857\/2018\/06\/candi-cristina-251x300.jpg 251w, https:\/\/agora.xtec.cat\/ieslaromanica\/wp-content\/uploads\/usu857\/2018\/06\/candi-cristina-768x919.jpg 768w, https:\/\/agora.xtec.cat\/ieslaromanica\/wp-content\/uploads\/usu857\/2018\/06\/candi-cristina-856x1024.jpg 856w\" sizes=\"auto, (max-width: 1405px) 100vw, 1405px\" \/><\/a><\/p>\n<p style=\"text-align: justify;\">Juntes, dirigeixen una Escola de Taekwondo a Sabadell i, com a professionals altament qualificades, s&#8217;han especialitzat en la preparaci\u00f3 per a cintur\u00f3 negre i l&#8217;alta competici\u00f3. Per\u00f2, a m\u00e9s, treballen amb tot tipus d&#8217;alumnat, de totes les edats i practicant tot tipus de modalitats, entre les quals estan aquests tastets a centres educatius, com el nostre.<\/p>\n<p style=\"text-align: center;\"><a href=\"http:\/\/agora.xtec.cat\/ieslaromanica\/wp-content\/uploads\/usu857\/2018\/06\/20180613_101554.jpg\"><img loading=\"lazy\" decoding=\"async\" class=\"alignnone size-full wp-image-3712\" src=\"http:\/\/agora.xtec.cat\/ieslaromanica\/wp-content\/uploads\/usu857\/2018\/06\/20180613_101554.jpg\" alt=\"\" width=\"1015\" height=\"1242\" srcset=\"https:\/\/agora.xtec.cat\/ieslaromanica\/wp-content\/uploads\/usu857\/2018\/06\/20180613_101554.jpg 1015w, https:\/\/agora.xtec.cat\/ieslaromanica\/wp-content\/uploads\/usu857\/2018\/06\/20180613_101554-245x300.jpg 245w, https:\/\/agora.xtec.cat\/ieslaromanica\/wp-content\/uploads\/usu857\/2018\/06\/20180613_101554-768x940.jpg 768w, https:\/\/agora.xtec.cat\/ieslaromanica\/wp-content\/uploads\/usu857\/2018\/06\/20180613_101554-837x1024.jpg 837w\" sizes=\"auto, (max-width: 1015px) 100vw, 1015px\" \/><\/a><\/p>\n<p style=\"text-align: justify;\">L&#8217;alumnat de 3r d&#8217;ESO s\u00f3n privilegiats de poder gaudir d&#8217;aquesta disciplina esportiva i comptar amb aquestes dues especialistes que, en les seves pr\u00f2pies paraules, tenen com a objectiu educar i fomentar els valors a trav\u00e9s de l\u2019esport.<\/p>\n","protected":false},"excerpt":{"rendered":"<p><a href=\"http:\/\/agora.xtec.cat\/ieslaromanica\/wp-content\/uploads\/usu857\/2018\/06\/20180613_103100.jpg\"><\/a><br \/>\nDes de fa uns anys, el Treball de S\u00edntesi de 3r d&#8217;ESO del nostre centre, &#8220;Un m\u00f3n plural i divers&#8221;, compta amb una activitat molt interessant d&#8217;iniciaci\u00f3 al Taekwondo, que pret\u00e9n ser un tastet d&#8217;aquesta art marcial i de tots el valors que comporta&hellip;  <a href=\"https:\/\/agora.xtec.cat\/ieslaromanica\/general\/el-taekwondo-i-els-valors-de-lesport\/\" title=\"Read El TAEKWONDO i els valors de l&#8217;esport\">Llegeix m\u00e9s\u00bb<\/a><\/p>\n","protected":false},"author":3,"featured_media":3711,"comment_status":"open","ping_status":"closed","sticky":false,"template":"","format":"standard","meta":{"_bbp_topic_count":0,"_bbp_reply_count":0,"_bbp_total_topic_count":0,"_bbp_total_reply_count":0,"_bbp_voice_count":0,"_bbp_anonymous_reply_count":0,"_bbp_topic_count_hidden":0,"_bbp_reply_count_hidden":0,"_bbp_forum_subforum_count":0,"footnotes":""},"categories":[1,29],"tags":[217,218],"class_list":["post-3710","post","type-post","status-publish","format-standard","has-post-thumbnail","hentry","category-general","category-portada","tag-taekwondo","tag-treball-de-sintesi"],"post_mailing_queue_ids":[],"_links":{"self":[{"href":"https:\/\/agora.xtec.cat\/ieslaromanica\/wp-json\/wp\/v2\/posts\/3710","targetHints":{"allow":["GET"]}}],"collection":[{"href":"https:\/\/agora.xtec.cat\/ieslaromanica\/wp-json\/wp\/v2\/posts"}],"about":[{"href":"https:\/\/agora.xtec.cat\/ieslaromanica\/wp-json\/wp\/v2\/types\/post"}],"author":[{"embeddable":true,"href":"https:\/\/agora.xtec.cat\/ieslaromanica\/wp-json\/wp\/v2\/users\/3"}],"replies":[{"embeddable":true,"href":"https:\/\/agora.xtec.cat\/ieslaromanica\/wp-json\/wp\/v2\/comments?post=3710"}],"version-history":[{"count":3,"href":"https:\/\/agora.xtec.cat\/ieslaromanica\/wp-json\/wp\/v2\/posts\/3710\/revisions"}],"predecessor-version":[{"id":3922,"href":"https:\/\/agora.xtec.cat\/ieslaromanica\/wp-json\/wp\/v2\/posts\/3710\/revisions\/3922"}],"wp:featuredmedia":[{"embeddable":true,"href":"https:\/\/agora.xtec.cat\/ieslaromanica\/wp-json\/wp\/v2\/media\/3711"}],"wp:attachment":[{"href":"https:\/\/agora.xtec.cat\/ieslaromanica\/wp-json\/wp\/v2\/media?parent=3710"}],"wp:term":[{"taxonomy":"category","embeddable":true,"href":"https:\/\/agora.xtec.cat\/ieslaromanica\/wp-json\/wp\/v2\/categories?post=3710"},{"taxonomy":"post_tag","embeddable":true,"href":"https:\/\/agora.xtec.cat\/ieslaromanica\/wp-json\/wp\/v2\/tags?post=3710"}],"curies":[{"name":"wp","href":"https:\/\/api.w.org\/{rel}","templated":true}]}}