{"id":3668,"date":"2018-06-14T11:12:32","date_gmt":"2018-06-14T09:12:32","guid":{"rendered":"http:\/\/agora.xtec.cat\/ieslaromanica\/?p=3668"},"modified":"2018-06-14T21:46:13","modified_gmt":"2018-06-14T19:46:13","slug":"ricardo","status":"publish","type":"post","link":"https:\/\/agora.xtec.cat\/ieslaromanica\/general\/ricardo\/","title":{"rendered":"mSchools Student Awards"},"content":{"rendered":"<p style=\"text-align: center;\"><a href=\"http:\/\/agora.xtec.cat\/ieslaromanica\/wp-content\/uploads\/usu857\/2018\/06\/20180609_104422.jpg\"><img loading=\"lazy\" decoding=\"async\" class=\"alignnone size-full wp-image-3702\" src=\"http:\/\/agora.xtec.cat\/ieslaromanica\/wp-content\/uploads\/usu857\/2018\/06\/20180609_104422.jpg\" alt=\"\" width=\"1575\" height=\"852\" srcset=\"https:\/\/agora.xtec.cat\/ieslaromanica\/wp-content\/uploads\/usu857\/2018\/06\/20180609_104422.jpg 1575w, https:\/\/agora.xtec.cat\/ieslaromanica\/wp-content\/uploads\/usu857\/2018\/06\/20180609_104422-300x162.jpg 300w, https:\/\/agora.xtec.cat\/ieslaromanica\/wp-content\/uploads\/usu857\/2018\/06\/20180609_104422-768x415.jpg 768w, https:\/\/agora.xtec.cat\/ieslaromanica\/wp-content\/uploads\/usu857\/2018\/06\/20180609_104422-1024x554.jpg 1024w\" sizes=\"auto, (max-width: 1575px) 100vw, 1575px\" \/><\/a><\/p>\n<p style=\"text-align: justify;\">S\u00f3n aquests, dies dif\u00edcils per la comunitat educativa del nostre institut, per\u00f2, tot i aix\u00f2, tamb\u00e9 hi han petits moments d\u2019alegria com el que us volem compartir.<\/p>\n<p style=\"text-align: justify;\">Des de l\u2019inici d\u2019aquest curs, el professor Ricardo B\u00e1rcena del Departament de Tecnologies ha posat en marxa,\u00a0de forma experimental, la proposta did\u00e0ctica <strong><em>App Education<\/em>,<\/strong> dins el <strong>Programa<em> mschools,<\/em><\/strong> en els cursos de 3r d&#8217;ESO de Tecnologia i 4t d&#8217;ESO d\u2019Inform\u00e0tica de l&#8217;Institut La Rom\u00e0nica.<\/p>\n<p style=\"text-align: justify;\"><em>mSchools<\/em> \u00e9s un programa de <em>mEducaci\u00f3<\/em> amb m\u00faltiples facetes, impulsat per Mobile World Capital Barcelona i amb la col\u00b7laboraci\u00f3 de la Generalitat de Catalunya, l\u2019Ajuntament de Barcelona i GSMA.<\/p>\n<p style=\"text-align: justify;\">Tot i les dificultats trobades al llarg d\u2019aquest curs, hi ha hagut un grup d\u2019alumnes que ha aconseguit arribar a donar forma el seu <strong>Projecte <em>Help<\/em><\/strong> i presentar-ho al <strong><em>mschools Student Awards<\/em><\/strong>, la fase concurs del projecte <em>mschools,<\/em> on hem aconseguit molt bons resultats. Un exemple d\u2019aix\u00f2, ha estat la classificaci\u00f3 per a la fase final del <em>mSchools Student Awards <\/em>d&#8217;un equip de cinc alumnes del nostre institut d\u2019entre m\u00e9s de <strong>50.000 aspirants<\/strong> d\u2019arreu de Catalunya.<\/p>\n<p style=\"text-align: center;\"><a href=\"http:\/\/agora.xtec.cat\/ieslaromanica\/wp-content\/uploads\/usu857\/2018\/06\/IMG-20180609-WA0008.jpg\"><img loading=\"lazy\" decoding=\"async\" class=\"alignnone size-full wp-image-3707\" src=\"http:\/\/agora.xtec.cat\/ieslaromanica\/wp-content\/uploads\/usu857\/2018\/06\/IMG-20180609-WA0008.jpg\" alt=\"\" width=\"841\" height=\"1463\" srcset=\"https:\/\/agora.xtec.cat\/ieslaromanica\/wp-content\/uploads\/usu857\/2018\/06\/IMG-20180609-WA0008.jpg 841w, https:\/\/agora.xtec.cat\/ieslaromanica\/wp-content\/uploads\/usu857\/2018\/06\/IMG-20180609-WA0008-172x300.jpg 172w, https:\/\/agora.xtec.cat\/ieslaromanica\/wp-content\/uploads\/usu857\/2018\/06\/IMG-20180609-WA0008-768x1336.jpg 768w, https:\/\/agora.xtec.cat\/ieslaromanica\/wp-content\/uploads\/usu857\/2018\/06\/IMG-20180609-WA0008-589x1024.jpg 589w\" sizes=\"auto, (max-width: 841px) 100vw, 841px\" \/><\/a><\/p>\n<h5 style=\"text-align: center;\">Heu aconseguit tot un repte i, ser-hi, ja \u00e9s tot un premi en si mateix.\u00a0 L&#8217;enhorabona!<\/h5>\n<p>&nbsp;<\/p>\n<p style=\"text-align: justify;\">El dissabte dia 9 de juny a les 9:30 del mat\u00ed, a la Farga de l&#8217;Hospitalet, despr\u00e9s d\u2019unes setmanes de mot treball, per fi es va celebrar la final dels <em>mschools Student awards,<\/em> i all\u00e0 va estar representat l&#8217;Institut La Rom\u00e0nica amb l\u2019equip <strong>ZettaByes<\/strong>, format per <strong>Sergi Ortiz, Pol Ubago, Joan S\u00e1nchez, Pol Soriano i El\u00edas Jaghjough,<\/strong> i el seu projecte <em><strong>HELP<\/strong><\/em>:<\/p>\n<h5 style=\"text-align: center;\"><a href=\"http:\/\/agora.xtec.cat\/ieslaromanica\/wp-content\/uploads\/usu857\/2018\/06\/20180609_092404.jpg\"><img loading=\"lazy\" decoding=\"async\" class=\"alignnone size-full wp-image-3696\" src=\"http:\/\/agora.xtec.cat\/ieslaromanica\/wp-content\/uploads\/usu857\/2018\/06\/20180609_092404.jpg\" alt=\"\" width=\"912\" height=\"1184\" srcset=\"https:\/\/agora.xtec.cat\/ieslaromanica\/wp-content\/uploads\/usu857\/2018\/06\/20180609_092404.jpg 912w, https:\/\/agora.xtec.cat\/ieslaromanica\/wp-content\/uploads\/usu857\/2018\/06\/20180609_092404-231x300.jpg 231w, https:\/\/agora.xtec.cat\/ieslaromanica\/wp-content\/uploads\/usu857\/2018\/06\/20180609_092404-768x997.jpg 768w, https:\/\/agora.xtec.cat\/ieslaromanica\/wp-content\/uploads\/usu857\/2018\/06\/20180609_092404-789x1024.jpg 789w\" sizes=\"auto, (max-width: 912px) 100vw, 912px\" \/><\/a><\/h5>\n<h5 style=\"text-align: center;\">Si els veieu pels passadissos, els podeu felicitar.<\/h5>\n<p>&nbsp;<\/p>\n<p style=\"text-align: justify;\">Si teniu curiositat, aquest \u00e9s l\u2019enlla\u00e7 a la web on han anat penjant part del seu treball:<\/p>\n<p style=\"text-align: justify;\"><a href=\"https:\/\/zettabyteschool.wixsite.com\/zb-help\" data-saferedirecturl=\"https:\/\/www.google.com\/url?hl=ca&amp;q=https:\/\/zettabyteschool.wixsite.com\/zb-help&amp;source=gmail&amp;ust=1528461348389000&amp;usg=AFQjCNG03TIglw3QAbVsFPBVGR1AdRU39w\">https:\/\/zettabyteschool.wixsite.com\/zb-help<\/a><\/p>\n<h5 style=\"text-align: center;\"><\/h5>\n<p style=\"text-align: justify;\"><strong>HELP<\/strong> \u00e9s una aplicaci\u00f3 dirigida, b\u00e0sicament, al col\u00b7lectiu femen\u00ed, que pret\u00e9n donar seguretat en situacions de vulnerabilitat de les dones creant una xarxa d\u2019ajuda per tal de dissuadir als agressors. Una xarxa social on les dones s\u00f3n les que decideixen els membres del seu cercle de confian\u00e7a i al que podran demanar ajuda de forma r\u00e0pida, f\u00e0cil i efica\u00e7 si es troben en una situaci\u00f3 de perill.<\/p>\n<p style=\"text-align: justify;\">L\u2019aplicaci\u00f3 permetr\u00e0 geolocalitzar la posici\u00f3 de la usu\u00e0ria i enviar la petici\u00f3 <em>HELP<\/em> als seus contactes per tal de que puguin soc\u00f3rrer-la, a la vegada que s\u2019enviar\u00e0 l\u2019av\u00eds al 112 si fos necessari. Aquesta <em>app<\/em> no substitueix les funcions del 112, les complementa en el moment m\u00e9s important, aquell en que pot iniciar-se una agressi\u00f3 i encara no ha pogut arribar el 112 al lloc dels fets o no se\u2019ls ha pogut avisar.<\/p>\n<h5 style=\"text-align: justify;\">Aqu\u00ed teniu el tr\u00edptic explicatiu:<\/h5>\n<p style=\"text-align: center;\"><a href=\"http:\/\/agora.xtec.cat\/ieslaromanica\/wp-content\/uploads\/usu857\/2018\/06\/Tr\u00edptic-2-Catal\u00e0.jpg\"><img loading=\"lazy\" decoding=\"async\" class=\"alignnone size-full wp-image-3694\" src=\"http:\/\/agora.xtec.cat\/ieslaromanica\/wp-content\/uploads\/usu857\/2018\/06\/Tr\u00edptic-2-Catal\u00e0.jpg\" alt=\"\" width=\"1122\" height=\"793\" srcset=\"https:\/\/agora.xtec.cat\/ieslaromanica\/wp-content\/uploads\/usu857\/2018\/06\/Tr\u00edptic-2-Catal\u00e0.jpg 1122w, https:\/\/agora.xtec.cat\/ieslaromanica\/wp-content\/uploads\/usu857\/2018\/06\/Tr\u00edptic-2-Catal\u00e0-300x212.jpg 300w, https:\/\/agora.xtec.cat\/ieslaromanica\/wp-content\/uploads\/usu857\/2018\/06\/Tr\u00edptic-2-Catal\u00e0-768x543.jpg 768w, https:\/\/agora.xtec.cat\/ieslaromanica\/wp-content\/uploads\/usu857\/2018\/06\/Tr\u00edptic-2-Catal\u00e0-1024x724.jpg 1024w\" sizes=\"auto, (max-width: 1122px) 100vw, 1122px\" \/><\/a><\/p>\n<p style=\"text-align: justify;\">Han creat tamb\u00e9 un v\u00eddeo promocional de l&#8217;<em>app,<\/em>\u00a0per tal de mostrar de forma pr\u00e0ctica i visual, com funcionaria en un cas real. Diuen, que val m\u00e9s una imatge que mil paraules. El v\u00eddeo ha estat protagonitzat per les companyes Nuria Manch\u00f3n, Nuria Carmona i Judith Teixidor de 4t A:<\/p>\n<p style=\"text-align: center;\"><a href=\"http:\/\/agora.xtec.cat\/ieslaromanica\/wp-content\/uploads\/usu857\/2018\/06\/20180609_101710.jpg\"><img loading=\"lazy\" decoding=\"async\" class=\"alignnone size-full wp-image-3700\" src=\"http:\/\/agora.xtec.cat\/ieslaromanica\/wp-content\/uploads\/usu857\/2018\/06\/20180609_101710.jpg\" alt=\"\" width=\"922\" height=\"1204\" srcset=\"https:\/\/agora.xtec.cat\/ieslaromanica\/wp-content\/uploads\/usu857\/2018\/06\/20180609_101710.jpg 922w, https:\/\/agora.xtec.cat\/ieslaromanica\/wp-content\/uploads\/usu857\/2018\/06\/20180609_101710-230x300.jpg 230w, https:\/\/agora.xtec.cat\/ieslaromanica\/wp-content\/uploads\/usu857\/2018\/06\/20180609_101710-768x1003.jpg 768w, https:\/\/agora.xtec.cat\/ieslaromanica\/wp-content\/uploads\/usu857\/2018\/06\/20180609_101710-784x1024.jpg 784w\" sizes=\"auto, (max-width: 922px) 100vw, 922px\" \/><\/a><\/p>\n<h5 style=\"text-align: center;\">I&#8230; aqu\u00ed teniu el v\u00eddeo promocional:<\/h5>\n<p>&nbsp;<\/p>\n<p style=\"text-align: center;\"><iframe loading=\"lazy\" src=\"https:\/\/www.youtube.com\/embed\/6BhsRDaJz9E\" width=\"650\" height=\"420\" frameborder=\"0\" allowfullscreen=\"allowfullscreen\"><\/iframe><\/p>\n<p style=\"text-align: justify;\">El Projecte<strong><em> HELP<\/em><\/strong> ja va crear molta expectaci\u00f3 dins la comunitat educativa de l\u2019institut, fins i tot m\u00e9s enll\u00e0 de l\u2019\u00e0mbit m\u00e9s proper al centre, abans de la seva presentaci\u00f3 en societat. A la Farga de l\u2019Hospitalet, lloc on es duia a terme la final, no va ser menys. Un gran nombre d\u2019assistents com a p\u00fablic es va apropar a l\u2019estand on Sergi Ortiz, Pol Ubago, Joan S\u00e1nchez, Pol Soriano i El\u00edas Jaghjough els van explicar els objectius de l\u2019<em>app<\/em>, el seu funcionament, el model de negoci i d\u2019altres caracter\u00edstiques que els van resultar molt interessants. Fins i tot el jurat va mostrar un gran inter\u00e8s per detalls m\u00e9s concrets del projecte:<\/p>\n<p style=\"text-align: center;\"><a href=\"http:\/\/agora.xtec.cat\/ieslaromanica\/wp-content\/uploads\/usu857\/2018\/06\/20180609_112455.jpg\"><img loading=\"lazy\" decoding=\"async\" class=\"alignnone size-full wp-image-3706\" src=\"http:\/\/agora.xtec.cat\/ieslaromanica\/wp-content\/uploads\/usu857\/2018\/06\/20180609_112455.jpg\" alt=\"\" width=\"1594\" height=\"916\" srcset=\"https:\/\/agora.xtec.cat\/ieslaromanica\/wp-content\/uploads\/usu857\/2018\/06\/20180609_112455.jpg 1594w, https:\/\/agora.xtec.cat\/ieslaromanica\/wp-content\/uploads\/usu857\/2018\/06\/20180609_112455-300x172.jpg 300w, https:\/\/agora.xtec.cat\/ieslaromanica\/wp-content\/uploads\/usu857\/2018\/06\/20180609_112455-768x441.jpg 768w, https:\/\/agora.xtec.cat\/ieslaromanica\/wp-content\/uploads\/usu857\/2018\/06\/20180609_112455-1024x588.jpg 1024w\" sizes=\"auto, (max-width: 1594px) 100vw, 1594px\" \/><\/a><\/p>\n<p style=\"text-align: center;\"><a href=\"http:\/\/agora.xtec.cat\/ieslaromanica\/wp-content\/uploads\/usu857\/2018\/06\/20180609_095107.jpg\"><img loading=\"lazy\" decoding=\"async\" class=\"alignnone size-full wp-image-3699\" src=\"http:\/\/agora.xtec.cat\/ieslaromanica\/wp-content\/uploads\/usu857\/2018\/06\/20180609_095107.jpg\" alt=\"\" width=\"1652\" height=\"929\" srcset=\"https:\/\/agora.xtec.cat\/ieslaromanica\/wp-content\/uploads\/usu857\/2018\/06\/20180609_095107.jpg 1652w, https:\/\/agora.xtec.cat\/ieslaromanica\/wp-content\/uploads\/usu857\/2018\/06\/20180609_095107-300x169.jpg 300w, https:\/\/agora.xtec.cat\/ieslaromanica\/wp-content\/uploads\/usu857\/2018\/06\/20180609_095107-768x432.jpg 768w, https:\/\/agora.xtec.cat\/ieslaromanica\/wp-content\/uploads\/usu857\/2018\/06\/20180609_095107-1024x576.jpg 1024w\" sizes=\"auto, (max-width: 1652px) 100vw, 1652px\" \/><\/a><\/p>\n<p style=\"text-align: justify;\">Molt bons comentaris respecte de la idea de l\u2019app i molts vots rebuts per part del p\u00fablic en un sistema de votaci\u00f3 semblant al d\u2019Eurovisi\u00f3, el qu\u00e8 sempre \u00e9s un <em>handicap<\/em>. Fins i tot va haver qui va comentar que s\u2019enduia els tr\u00edptics de l\u2019aplicaci\u00f3 per a la seva empresa per tal de fer-ne difusi\u00f3 all\u00e0, motiu de satisfacci\u00f3 per a l\u2019equip vista la transcend\u00e8ncia del seu projecte m\u00e9s enll\u00e0 del concurs.<\/p>\n<h5 style=\"text-align: justify;\">Aqu\u00ed teniu el tr\u00edptic informatiu sobre el Grup ZettaBytes:<\/h5>\n<p style=\"text-align: justify;\"><a href=\"http:\/\/agora.xtec.cat\/ieslaromanica\/wp-content\/uploads\/usu857\/2018\/06\/Tr\u00edptic-1-Catal\u00e0.jpg\"><img loading=\"lazy\" decoding=\"async\" class=\"alignnone size-full wp-image-3695\" src=\"http:\/\/agora.xtec.cat\/ieslaromanica\/wp-content\/uploads\/usu857\/2018\/06\/Tr\u00edptic-1-Catal\u00e0.jpg\" alt=\"\" width=\"1122\" height=\"793\" srcset=\"https:\/\/agora.xtec.cat\/ieslaromanica\/wp-content\/uploads\/usu857\/2018\/06\/Tr\u00edptic-1-Catal\u00e0.jpg 1122w, https:\/\/agora.xtec.cat\/ieslaromanica\/wp-content\/uploads\/usu857\/2018\/06\/Tr\u00edptic-1-Catal\u00e0-300x212.jpg 300w, https:\/\/agora.xtec.cat\/ieslaromanica\/wp-content\/uploads\/usu857\/2018\/06\/Tr\u00edptic-1-Catal\u00e0-768x543.jpg 768w, https:\/\/agora.xtec.cat\/ieslaromanica\/wp-content\/uploads\/usu857\/2018\/06\/Tr\u00edptic-1-Catal\u00e0-1024x724.jpg 1024w\" sizes=\"auto, (max-width: 1122px) 100vw, 1122px\" \/><\/a><\/p>\n<p style=\"text-align: justify;\">Un cop finalitzada la jornada i ja a l\u2019acte de lliurament de premis, hi va haver una petita decepci\u00f3 al no resultar guanyadors en la seva categoria, segurament per un <em>speech<\/em> (presentaci\u00f3) de 2 minuts en angl\u00e8s que no va sortir del tot b\u00e9 per culpa dels nervis del moment i de la falta de temps per assajar-ho els dies previs.<\/p>\n<p style=\"text-align: justify;\">Tot i aix\u00f2, aquest resultat i les bones valoracions rebudes al llarg del mat\u00ed han refor\u00e7at les ganes de l\u2019equip per continuar en el desenvolupament de l<em>\u2019app<\/em> i tirar endavant el projecte. Els propers passos, fer difusi\u00f3 del seu treball i de les seves idees a nivell local per trobar els col\u00b7laboradors i patrocinadors que els permetin desenvolupar aquest projecte tan necessari en el temps que viu la nostra societat.<\/p>\n<p style=\"text-align: center;\"><a href=\"http:\/\/agora.xtec.cat\/ieslaromanica\/wp-content\/uploads\/usu857\/2018\/06\/20180609_092454.jpg\"><img loading=\"lazy\" decoding=\"async\" class=\"alignnone size-full wp-image-3697\" src=\"http:\/\/agora.xtec.cat\/ieslaromanica\/wp-content\/uploads\/usu857\/2018\/06\/20180609_092454.jpg\" alt=\"\" width=\"929\" height=\"1322\" srcset=\"https:\/\/agora.xtec.cat\/ieslaromanica\/wp-content\/uploads\/usu857\/2018\/06\/20180609_092454.jpg 929w, https:\/\/agora.xtec.cat\/ieslaromanica\/wp-content\/uploads\/usu857\/2018\/06\/20180609_092454-211x300.jpg 211w, https:\/\/agora.xtec.cat\/ieslaromanica\/wp-content\/uploads\/usu857\/2018\/06\/20180609_092454-768x1093.jpg 768w, https:\/\/agora.xtec.cat\/ieslaromanica\/wp-content\/uploads\/usu857\/2018\/06\/20180609_092454-720x1024.jpg 720w\" sizes=\"auto, (max-width: 929px) 100vw, 929px\" \/><\/a><\/p>\n<p style=\"text-align: justify;\"><em>App education<\/em> \u00e9s una proposta did\u00e0ctica dirigida a 3r i 4t d\u2019ESO, Batxillerat i Cicles Formatius, centrada en el disseny d\u2019aplicacions i el desenvolupament de prototips, amb el suport de professionals en actiu d\u2019empreses l\u00edders en el sector i disponible en angl\u00e8s i catal\u00e0.<\/p>\n<p style=\"text-align: justify;\"><em>mSchools<\/em> ha celebrat la seva cinquena edici\u00f3, acollint un total de 580 concursants, 118 projectes finalistes, on ens trob\u00e0vem nosaltres, i m\u00e9s de 2000 persones assistents:<\/p>\n<p style=\"text-align: center;\"><a href=\"http:\/\/agora.xtec.cat\/ieslaromanica\/wp-content\/uploads\/usu857\/2018\/06\/20180609_104630.jpg\"><img loading=\"lazy\" decoding=\"async\" class=\"alignnone size-full wp-image-3704\" src=\"http:\/\/agora.xtec.cat\/ieslaromanica\/wp-content\/uploads\/usu857\/2018\/06\/20180609_104630.jpg\" alt=\"\" width=\"1481\" height=\"733\" srcset=\"https:\/\/agora.xtec.cat\/ieslaromanica\/wp-content\/uploads\/usu857\/2018\/06\/20180609_104630.jpg 1481w, https:\/\/agora.xtec.cat\/ieslaromanica\/wp-content\/uploads\/usu857\/2018\/06\/20180609_104630-300x148.jpg 300w, https:\/\/agora.xtec.cat\/ieslaromanica\/wp-content\/uploads\/usu857\/2018\/06\/20180609_104630-768x380.jpg 768w, https:\/\/agora.xtec.cat\/ieslaromanica\/wp-content\/uploads\/usu857\/2018\/06\/20180609_104630-1024x507.jpg 1024w\" sizes=\"auto, (max-width: 1481px) 100vw, 1481px\" \/><\/a><\/p>\n<h5 style=\"text-align: left;\">Tota la comunitat educativa estem molt orgullosos de la vostra capacitat de treball, de persist\u00e8ncia i la vostra capacitat d&#8217;innovaci\u00f3.<\/h5>\n<p>&nbsp;<\/p>\n","protected":false},"excerpt":{"rendered":"<p><a href=\"http:\/\/agora.xtec.cat\/ieslaromanica\/wp-content\/uploads\/usu857\/2018\/06\/20180609_104422.jpg\"><\/a><br \/>\nS\u00f3n aquests, dies dif\u00edcils per la comunitat educativa del nostre institut, per\u00f2, tot i aix\u00f2, tamb\u00e9 hi han petits moments d\u2019alegria com el que us volem compartir.<br \/>\nDes de l\u2019inici d\u2019aquest curs, el professor Ricardo B\u00e1rcena del Departament de Tecnologies ha posat en marxa,\u00a0de forma&hellip;  <a href=\"https:\/\/agora.xtec.cat\/ieslaromanica\/general\/ricardo\/\" title=\"Read mSchools Student Awards\">Llegeix m\u00e9s\u00bb<\/a><\/p>\n","protected":false},"author":3,"featured_media":3702,"comment_status":"open","ping_status":"closed","sticky":false,"template":"","format":"standard","meta":{"_bbp_topic_count":0,"_bbp_reply_count":0,"_bbp_total_topic_count":0,"_bbp_total_reply_count":0,"_bbp_voice_count":0,"_bbp_anonymous_reply_count":0,"_bbp_topic_count_hidden":0,"_bbp_reply_count_hidden":0,"_bbp_forum_subforum_count":0,"footnotes":""},"categories":[3,7,1,29],"tags":[216,215],"class_list":["post-3668","post","type-post","status-publish","format-standard","has-post-thumbnail","hentry","category-eso","category-eso-4","category-general","category-portada","tag-departament-de-tecnologies","tag-mschools"],"post_mailing_queue_ids":[],"_links":{"self":[{"href":"https:\/\/agora.xtec.cat\/ieslaromanica\/wp-json\/wp\/v2\/posts\/3668","targetHints":{"allow":["GET"]}}],"collection":[{"href":"https:\/\/agora.xtec.cat\/ieslaromanica\/wp-json\/wp\/v2\/posts"}],"about":[{"href":"https:\/\/agora.xtec.cat\/ieslaromanica\/wp-json\/wp\/v2\/types\/post"}],"author":[{"embeddable":true,"href":"https:\/\/agora.xtec.cat\/ieslaromanica\/wp-json\/wp\/v2\/users\/3"}],"replies":[{"embeddable":true,"href":"https:\/\/agora.xtec.cat\/ieslaromanica\/wp-json\/wp\/v2\/comments?post=3668"}],"version-history":[{"count":3,"href":"https:\/\/agora.xtec.cat\/ieslaromanica\/wp-json\/wp\/v2\/posts\/3668\/revisions"}],"predecessor-version":[{"id":3731,"href":"https:\/\/agora.xtec.cat\/ieslaromanica\/wp-json\/wp\/v2\/posts\/3668\/revisions\/3731"}],"wp:featuredmedia":[{"embeddable":true,"href":"https:\/\/agora.xtec.cat\/ieslaromanica\/wp-json\/wp\/v2\/media\/3702"}],"wp:attachment":[{"href":"https:\/\/agora.xtec.cat\/ieslaromanica\/wp-json\/wp\/v2\/media?parent=3668"}],"wp:term":[{"taxonomy":"category","embeddable":true,"href":"https:\/\/agora.xtec.cat\/ieslaromanica\/wp-json\/wp\/v2\/categories?post=3668"},{"taxonomy":"post_tag","embeddable":true,"href":"https:\/\/agora.xtec.cat\/ieslaromanica\/wp-json\/wp\/v2\/tags?post=3668"}],"curies":[{"name":"wp","href":"https:\/\/api.w.org\/{rel}","templated":true}]}}