{"id":3614,"date":"2018-05-18T11:02:16","date_gmt":"2018-05-18T09:02:16","guid":{"rendered":"http:\/\/agora.xtec.cat\/ieslaromanica\/?p=3614"},"modified":"2018-05-18T11:16:02","modified_gmt":"2018-05-18T09:16:02","slug":"lorca-a-escena","status":"publish","type":"post","link":"https:\/\/agora.xtec.cat\/ieslaromanica\/general\/lorca-a-escena\/","title":{"rendered":"LORCA a escena"},"content":{"rendered":"<p style=\"text-align: center;\"><a href=\"http:\/\/agora.xtec.cat\/ieslaromanica\/wp-content\/uploads\/usu857\/2014\/09\/20180517_204904.jpg\"><img loading=\"lazy\" decoding=\"async\" class=\"alignnone size-full wp-image-3612\" src=\"http:\/\/agora.xtec.cat\/ieslaromanica\/wp-content\/uploads\/usu857\/2014\/09\/20180517_204904.jpg\" alt=\"\" width=\"1288\" height=\"966\" srcset=\"https:\/\/agora.xtec.cat\/ieslaromanica\/wp-content\/uploads\/usu857\/2014\/09\/20180517_204904.jpg 1288w, https:\/\/agora.xtec.cat\/ieslaromanica\/wp-content\/uploads\/usu857\/2014\/09\/20180517_204904-300x225.jpg 300w, https:\/\/agora.xtec.cat\/ieslaromanica\/wp-content\/uploads\/usu857\/2014\/09\/20180517_204904-768x576.jpg 768w, https:\/\/agora.xtec.cat\/ieslaromanica\/wp-content\/uploads\/usu857\/2014\/09\/20180517_204904-1024x768.jpg 1024w, https:\/\/agora.xtec.cat\/ieslaromanica\/wp-content\/uploads\/usu857\/2014\/09\/20180517_204904-200x150.jpg 200w\" sizes=\"auto, (max-width: 1288px) 100vw, 1288px\" \/><\/a><\/p>\n<p style=\"text-align: justify;\">Poc ens esper\u00e0vem enguany que el Grup de Teatre de l&#8217;Institut La Rom\u00e0nica, procedent del taller extraescolar de l&#8217;AMPA, port\u00e9s a escena un cl\u00e0ssic com &#8220;La casa de Bernarda Alba&#8221; de Federico Garc\u00eda Lorca.<\/p>\n<p style=\"text-align: justify;\">De la m\u00e0 del director Antonio Castillo, ens tenien ben acostumades i acostumats al g\u00e8nere de la com\u00e8dia, amb obres procedents de la literatura o del cinema infantil i juvenil, com &#8220;Peter Pan&#8221;, &#8220;Toy Stoy&#8221; o &#8220;Matilda&#8221;.<\/p>\n<p style=\"text-align: justify;\">El sal ha estat espectacular. Les nostres actrius se&#8217;ns han fet grans i han estat capaces de representar, amb gran talent, aquesta obra de g\u00e8nere dram\u00e0tic. La caracteritzaci\u00f3 dels personatges ha estat s\u00f2bria, vestides de negre o de blanc, i el decorat s&#8217;ha servit d&#8217;unes cadires i d&#8217;unes fla\u00e7ades de roba blanca per mostrar el m\u00e9s rigor\u00f3s dol de totes les dones d&#8217;una fam\u00edlia.<\/p>\n<p style=\"text-align: center;\"><a href=\"http:\/\/agora.xtec.cat\/ieslaromanica\/wp-content\/uploads\/usu857\/2014\/09\/20180517_203543.jpg\"><img loading=\"lazy\" decoding=\"async\" class=\"alignnone size-full wp-image-3611\" src=\"http:\/\/agora.xtec.cat\/ieslaromanica\/wp-content\/uploads\/usu857\/2014\/09\/20180517_203543.jpg\" alt=\"\" width=\"1113\" height=\"837\" srcset=\"https:\/\/agora.xtec.cat\/ieslaromanica\/wp-content\/uploads\/usu857\/2014\/09\/20180517_203543.jpg 1113w, https:\/\/agora.xtec.cat\/ieslaromanica\/wp-content\/uploads\/usu857\/2014\/09\/20180517_203543-300x226.jpg 300w, https:\/\/agora.xtec.cat\/ieslaromanica\/wp-content\/uploads\/usu857\/2014\/09\/20180517_203543-768x578.jpg 768w, https:\/\/agora.xtec.cat\/ieslaromanica\/wp-content\/uploads\/usu857\/2014\/09\/20180517_203543-1024x770.jpg 1024w, https:\/\/agora.xtec.cat\/ieslaromanica\/wp-content\/uploads\/usu857\/2014\/09\/20180517_203543-200x150.jpg 200w\" sizes=\"auto, (max-width: 1113px) 100vw, 1113px\" \/><\/a><\/p>\n<p style=\"text-align: justify;\">L&#8217;obra va ser escrita el 1936 per una de les figures m\u00e9s importants de literatura espanyola de la Generaci\u00f3 del 27, per\u00f2 a causa de l&#8217;execuci\u00f3 del poeta, dramaturg i prosista de Granada Federico Garc\u00eda Lorca per part de les autoritats franquistes, l&#8217;obra no es va poder representar fins el 1945 a l&#8217;Uruguai, de la m\u00e0 de la gran actriu catalana i directora de teatre Margarita Xirgu.<\/p>\n<p style=\"text-align: center;\"><a href=\"http:\/\/agora.xtec.cat\/ieslaromanica\/wp-content\/uploads\/usu857\/2014\/09\/20180517_210541.jpg\"><img loading=\"lazy\" decoding=\"async\" class=\"alignnone size-full wp-image-3613\" src=\"http:\/\/agora.xtec.cat\/ieslaromanica\/wp-content\/uploads\/usu857\/2014\/09\/20180517_210541.jpg\" alt=\"\" width=\"1288\" height=\"966\" srcset=\"https:\/\/agora.xtec.cat\/ieslaromanica\/wp-content\/uploads\/usu857\/2014\/09\/20180517_210541.jpg 1288w, https:\/\/agora.xtec.cat\/ieslaromanica\/wp-content\/uploads\/usu857\/2014\/09\/20180517_210541-300x225.jpg 300w, https:\/\/agora.xtec.cat\/ieslaromanica\/wp-content\/uploads\/usu857\/2014\/09\/20180517_210541-768x576.jpg 768w, https:\/\/agora.xtec.cat\/ieslaromanica\/wp-content\/uploads\/usu857\/2014\/09\/20180517_210541-1024x768.jpg 1024w, https:\/\/agora.xtec.cat\/ieslaromanica\/wp-content\/uploads\/usu857\/2014\/09\/20180517_210541-200x150.jpg 200w\" sizes=\"auto, (max-width: 1288px) 100vw, 1288px\" \/><\/a><\/p>\n<p style=\"text-align: justify;\">L&#8217;obra s&#8217;ha representat a l&#8217;Auditori Maria Feliu el dijous 17 de maig de 2018 tres vegades, dues per a l&#8217;alumnat d&#8217;ESO de l&#8217;Institut La Rom\u00e0nica\u00a0 i una per les fam\u00edlies. L&#8217;elenc d&#8217;actius s\u00f3n alumnes de 1r d&#8217;ESO, de 4t d&#8217;ESO, de 1r de Batxillerat i dues col\u00b7laboracions de Badia del Vall\u00e8s.<\/p>\n<p style=\"text-align: justify;\">L&#8217;obra traspuava talent, de la m\u00e0 de Nuria Manch\u00f3n, Ariadna Rico, Elena Fern\u00e1ndez, Guiomar Bosch, Olalla Rebollo, Emma Ojeda, Judith Teixidor, Naila Gonz\u00e1lez, Maria Gonz\u00e1lez, Laura Mar\u00edn, Claudia Garrancho, Andrea Flores, Clara Berbel i Carla L\u00f3pez.<\/p>\n<h6 style=\"text-align: justify;\">Magistrals!<\/h6>\n<p>&nbsp;<\/p>\n<h6 style=\"text-align: justify;\">L&#8217;enhorabona!!!<\/h6>\n<p>&nbsp;<\/p>\n","protected":false},"excerpt":{"rendered":"<p><a href=\"http:\/\/agora.xtec.cat\/ieslaromanica\/wp-content\/uploads\/usu857\/2014\/09\/20180517_204904.jpg\"><\/a><br \/>\nPoc ens esper\u00e0vem enguany que el Grup de Teatre de l&#8217;Institut La Rom\u00e0nica, procedent del taller extraescolar de l&#8217;AMPA, port\u00e9s a escena un cl\u00e0ssic com &#8220;La casa de Bernarda Alba&#8221; de Federico Garc\u00eda Lorca.<br \/>\nDe la m\u00e0 del director Antonio Castillo, ens tenien ben acostumades&hellip;  <a href=\"https:\/\/agora.xtec.cat\/ieslaromanica\/general\/lorca-a-escena\/\" title=\"Read LORCA a escena\">Llegeix m\u00e9s\u00bb<\/a><\/p>\n","protected":false},"author":3,"featured_media":3612,"comment_status":"open","ping_status":"closed","sticky":false,"template":"","format":"standard","meta":{"_bbp_topic_count":0,"_bbp_reply_count":0,"_bbp_total_topic_count":0,"_bbp_total_reply_count":0,"_bbp_voice_count":0,"_bbp_anonymous_reply_count":0,"_bbp_topic_count_hidden":0,"_bbp_reply_count_hidden":0,"_bbp_forum_subforum_count":0,"footnotes":""},"categories":[31,1,29],"tags":[],"class_list":["post-3614","post","type-post","status-publish","format-standard","has-post-thumbnail","hentry","category-afa","category-general","category-portada"],"post_mailing_queue_ids":[],"_links":{"self":[{"href":"https:\/\/agora.xtec.cat\/ieslaromanica\/wp-json\/wp\/v2\/posts\/3614","targetHints":{"allow":["GET"]}}],"collection":[{"href":"https:\/\/agora.xtec.cat\/ieslaromanica\/wp-json\/wp\/v2\/posts"}],"about":[{"href":"https:\/\/agora.xtec.cat\/ieslaromanica\/wp-json\/wp\/v2\/types\/post"}],"author":[{"embeddable":true,"href":"https:\/\/agora.xtec.cat\/ieslaromanica\/wp-json\/wp\/v2\/users\/3"}],"replies":[{"embeddable":true,"href":"https:\/\/agora.xtec.cat\/ieslaromanica\/wp-json\/wp\/v2\/comments?post=3614"}],"version-history":[{"count":3,"href":"https:\/\/agora.xtec.cat\/ieslaromanica\/wp-json\/wp\/v2\/posts\/3614\/revisions"}],"predecessor-version":[{"id":3622,"href":"https:\/\/agora.xtec.cat\/ieslaromanica\/wp-json\/wp\/v2\/posts\/3614\/revisions\/3622"}],"wp:featuredmedia":[{"embeddable":true,"href":"https:\/\/agora.xtec.cat\/ieslaromanica\/wp-json\/wp\/v2\/media\/3612"}],"wp:attachment":[{"href":"https:\/\/agora.xtec.cat\/ieslaromanica\/wp-json\/wp\/v2\/media?parent=3614"}],"wp:term":[{"taxonomy":"category","embeddable":true,"href":"https:\/\/agora.xtec.cat\/ieslaromanica\/wp-json\/wp\/v2\/categories?post=3614"},{"taxonomy":"post_tag","embeddable":true,"href":"https:\/\/agora.xtec.cat\/ieslaromanica\/wp-json\/wp\/v2\/tags?post=3614"}],"curies":[{"name":"wp","href":"https:\/\/api.w.org\/{rel}","templated":true}]}}