{"id":3529,"date":"2018-04-27T19:27:45","date_gmt":"2018-04-27T17:27:45","guid":{"rendered":"http:\/\/agora.xtec.cat\/ieslaromanica\/?p=3529"},"modified":"2018-04-27T19:29:04","modified_gmt":"2018-04-27T17:29:04","slug":"homenatge-a-linstitut-escola","status":"publish","type":"post","link":"https:\/\/agora.xtec.cat\/ieslaromanica\/general\/homenatge-a-linstitut-escola\/","title":{"rendered":"HOMENATGE a l&#8217;Institut-Escola"},"content":{"rendered":"<p style=\"text-align: justify;\">Entre el 1932 i el 1939, la Generalitat de Catalunya cre\u00e0 un model escolar que encara ara \u00e9s una refer\u00e8ncia pedag\u00f2gica: els Instituts-Escola. Seguint les propostes de l\u2019Escola Nova, s\u2019estimulava la creativitat de l\u2019alumnat a trav\u00e9s de tasques interdisciplin\u00e0ries. Una de les m\u00e9s boniques fou el <em>Llibre de les flors<\/em>, que el\u00a01936 s\u2019imprim\u00ed i que cont\u00e9 gravats i poemes realitzats per l&#8217;alumnat.<\/p>\n<p style=\"text-align: justify;\">Al nostre centre, a trav\u00e9s d&#8217;un projecte interdisciplinari entre el Departament de Llengua Catalana i el Departament d&#8217;Educaci\u00f3 Visual i Pl\u00e0stica, hem volgut retre un homenatge a aquella generaci\u00f3 de nois i noies i als seus mestres, tornant a versionar els seus dibuixos i creant nous textos, com els <em>hai-k\u00fas<\/em> (poesia tradicional japonesa) i les rondalles, per acompanyar-los.<\/p>\n<p style=\"text-align: justify;\"><a href=\"http:\/\/agora.xtec.cat\/ieslaromanica\/wp-content\/uploads\/usu857\/2018\/04\/homenatge-3.jpg\"><img loading=\"lazy\" decoding=\"async\" class=\"alignnone size-full wp-image-3532\" src=\"http:\/\/agora.xtec.cat\/ieslaromanica\/wp-content\/uploads\/usu857\/2018\/04\/homenatge-3.jpg\" alt=\"\" width=\"2004\" height=\"1237\" srcset=\"https:\/\/agora.xtec.cat\/ieslaromanica\/wp-content\/uploads\/usu857\/2018\/04\/homenatge-3.jpg 2004w, https:\/\/agora.xtec.cat\/ieslaromanica\/wp-content\/uploads\/usu857\/2018\/04\/homenatge-3-300x185.jpg 300w, https:\/\/agora.xtec.cat\/ieslaromanica\/wp-content\/uploads\/usu857\/2018\/04\/homenatge-3-768x474.jpg 768w, https:\/\/agora.xtec.cat\/ieslaromanica\/wp-content\/uploads\/usu857\/2018\/04\/homenatge-3-1024x632.jpg 1024w\" sizes=\"auto, (max-width: 2004px) 100vw, 2004px\" \/><\/a><\/p>\n<p style=\"text-align: justify;\"><a href=\"http:\/\/agora.xtec.cat\/ieslaromanica\/wp-content\/uploads\/usu857\/2018\/04\/homenatge-2.jpg\"><img loading=\"lazy\" decoding=\"async\" class=\"alignnone size-full wp-image-3531\" src=\"http:\/\/agora.xtec.cat\/ieslaromanica\/wp-content\/uploads\/usu857\/2018\/04\/homenatge-2.jpg\" alt=\"\" width=\"1991\" height=\"1236\" srcset=\"https:\/\/agora.xtec.cat\/ieslaromanica\/wp-content\/uploads\/usu857\/2018\/04\/homenatge-2.jpg 1991w, https:\/\/agora.xtec.cat\/ieslaromanica\/wp-content\/uploads\/usu857\/2018\/04\/homenatge-2-300x186.jpg 300w, https:\/\/agora.xtec.cat\/ieslaromanica\/wp-content\/uploads\/usu857\/2018\/04\/homenatge-2-768x477.jpg 768w, https:\/\/agora.xtec.cat\/ieslaromanica\/wp-content\/uploads\/usu857\/2018\/04\/homenatge-2-1024x636.jpg 1024w\" sizes=\"auto, (max-width: 1991px) 100vw, 1991px\" \/><\/a><\/p>\n<p style=\"text-align: justify;\"><a href=\"http:\/\/agora.xtec.cat\/ieslaromanica\/wp-content\/uploads\/usu857\/2018\/04\/homenatge-1.jpg\"><img loading=\"lazy\" decoding=\"async\" class=\"alignnone size-full wp-image-3530\" src=\"http:\/\/agora.xtec.cat\/ieslaromanica\/wp-content\/uploads\/usu857\/2018\/04\/homenatge-1.jpg\" alt=\"\" width=\"1887\" height=\"1225\" srcset=\"https:\/\/agora.xtec.cat\/ieslaromanica\/wp-content\/uploads\/usu857\/2018\/04\/homenatge-1.jpg 1887w, https:\/\/agora.xtec.cat\/ieslaromanica\/wp-content\/uploads\/usu857\/2018\/04\/homenatge-1-300x195.jpg 300w, https:\/\/agora.xtec.cat\/ieslaromanica\/wp-content\/uploads\/usu857\/2018\/04\/homenatge-1-768x499.jpg 768w, https:\/\/agora.xtec.cat\/ieslaromanica\/wp-content\/uploads\/usu857\/2018\/04\/homenatge-1-1024x665.jpg 1024w\" sizes=\"auto, (max-width: 1887px) 100vw, 1887px\" \/><\/a><\/p>\n<p style=\"text-align: justify;\"><a href=\"http:\/\/agora.xtec.cat\/ieslaromanica\/wp-content\/uploads\/usu857\/2018\/04\/homenatge-4.jpg\"><img loading=\"lazy\" decoding=\"async\" class=\"alignnone  wp-image-3533\" src=\"http:\/\/agora.xtec.cat\/ieslaromanica\/wp-content\/uploads\/usu857\/2018\/04\/homenatge-4.jpg\" alt=\"\" width=\"907\" height=\"1150\" srcset=\"https:\/\/agora.xtec.cat\/ieslaromanica\/wp-content\/uploads\/usu857\/2018\/04\/homenatge-4.jpg 881w, https:\/\/agora.xtec.cat\/ieslaromanica\/wp-content\/uploads\/usu857\/2018\/04\/homenatge-4-237x300.jpg 237w, https:\/\/agora.xtec.cat\/ieslaromanica\/wp-content\/uploads\/usu857\/2018\/04\/homenatge-4-768x974.jpg 768w, https:\/\/agora.xtec.cat\/ieslaromanica\/wp-content\/uploads\/usu857\/2018\/04\/homenatge-4-808x1024.jpg 808w\" sizes=\"auto, (max-width: 907px) 100vw, 907px\" \/><\/a><\/p>\n","protected":false},"excerpt":{"rendered":"<p>Entre el 1932 i el 1939, la Generalitat de Catalunya cre\u00e0 un model escolar que encara ara \u00e9s una refer\u00e8ncia pedag\u00f2gica: els Instituts-Escola. Seguint les propostes de l\u2019Escola Nova, s\u2019estimulava la creativitat de l\u2019alumnat a trav\u00e9s de tasques interdisciplin\u00e0ries. Una de les m\u00e9s boniques fou&hellip;  <a href=\"https:\/\/agora.xtec.cat\/ieslaromanica\/general\/homenatge-a-linstitut-escola\/\" title=\"Read HOMENATGE a l&#8217;Institut-Escola\">Llegeix m\u00e9s\u00bb<\/a><\/p>\n","protected":false},"author":3,"featured_media":3532,"comment_status":"open","ping_status":"closed","sticky":false,"template":"","format":"standard","meta":{"_bbp_topic_count":0,"_bbp_reply_count":0,"_bbp_total_topic_count":0,"_bbp_total_reply_count":0,"_bbp_voice_count":0,"_bbp_anonymous_reply_count":0,"_bbp_topic_count_hidden":0,"_bbp_reply_count_hidden":0,"_bbp_forum_subforum_count":0,"footnotes":""},"categories":[1,29],"tags":[86,210,209,212,211],"class_list":["post-3529","post","type-post","status-publish","format-standard","has-post-thumbnail","hentry","category-general","category-portada","tag-departament-catala","tag-departament-deducacio-visual-i-plastica","tag-departament-de-llengua-catalana","tag-institut-escola","tag-nova-escola-republiccana"],"post_mailing_queue_ids":[],"_links":{"self":[{"href":"https:\/\/agora.xtec.cat\/ieslaromanica\/wp-json\/wp\/v2\/posts\/3529","targetHints":{"allow":["GET"]}}],"collection":[{"href":"https:\/\/agora.xtec.cat\/ieslaromanica\/wp-json\/wp\/v2\/posts"}],"about":[{"href":"https:\/\/agora.xtec.cat\/ieslaromanica\/wp-json\/wp\/v2\/types\/post"}],"author":[{"embeddable":true,"href":"https:\/\/agora.xtec.cat\/ieslaromanica\/wp-json\/wp\/v2\/users\/3"}],"replies":[{"embeddable":true,"href":"https:\/\/agora.xtec.cat\/ieslaromanica\/wp-json\/wp\/v2\/comments?post=3529"}],"version-history":[{"count":2,"href":"https:\/\/agora.xtec.cat\/ieslaromanica\/wp-json\/wp\/v2\/posts\/3529\/revisions"}],"predecessor-version":[{"id":3535,"href":"https:\/\/agora.xtec.cat\/ieslaromanica\/wp-json\/wp\/v2\/posts\/3529\/revisions\/3535"}],"wp:featuredmedia":[{"embeddable":true,"href":"https:\/\/agora.xtec.cat\/ieslaromanica\/wp-json\/wp\/v2\/media\/3532"}],"wp:attachment":[{"href":"https:\/\/agora.xtec.cat\/ieslaromanica\/wp-json\/wp\/v2\/media?parent=3529"}],"wp:term":[{"taxonomy":"category","embeddable":true,"href":"https:\/\/agora.xtec.cat\/ieslaromanica\/wp-json\/wp\/v2\/categories?post=3529"},{"taxonomy":"post_tag","embeddable":true,"href":"https:\/\/agora.xtec.cat\/ieslaromanica\/wp-json\/wp\/v2\/tags?post=3529"}],"curies":[{"name":"wp","href":"https:\/\/api.w.org\/{rel}","templated":true}]}}