{"id":3501,"date":"2018-04-27T12:40:57","date_gmt":"2018-04-27T10:40:57","guid":{"rendered":"http:\/\/agora.xtec.cat\/ieslaromanica\/?p=3501"},"modified":"2018-04-27T12:40:57","modified_gmt":"2018-04-27T10:40:57","slug":"concurs-literari-castell-de-barbera","status":"publish","type":"post","link":"https:\/\/agora.xtec.cat\/ieslaromanica\/general\/concurs-literari-castell-de-barbera\/","title":{"rendered":"Concurs literari CASTELL DE BARBER\u00c0"},"content":{"rendered":"<p style=\"text-align: center;\"><a href=\"http:\/\/agora.xtec.cat\/ieslaromanica\/wp-content\/uploads\/usu857\/2018\/04\/premi_castell_barbera.jpg\"><img loading=\"lazy\" decoding=\"async\" class=\"alignnone size-full wp-image-3504\" src=\"http:\/\/agora.xtec.cat\/ieslaromanica\/wp-content\/uploads\/usu857\/2018\/04\/premi_castell_barbera.jpg\" alt=\"\" width=\"500\" height=\"320\" srcset=\"https:\/\/agora.xtec.cat\/ieslaromanica\/wp-content\/uploads\/usu857\/2018\/04\/premi_castell_barbera.jpg 500w, https:\/\/agora.xtec.cat\/ieslaromanica\/wp-content\/uploads\/usu857\/2018\/04\/premi_castell_barbera-300x192.jpg 300w\" sizes=\"auto, (max-width: 500px) 100vw, 500px\" \/><\/a><\/p>\n<p>El 31\u00e8 Concurs Literari CASTELL DE BARBER\u00c0 est\u00e0 escalfant ja motors.<\/p>\n<p style=\"text-align: justify;\">Us informem que el dijous 24 de maig tindr\u00e0 lloc, al Teatre Municipal Cooperativa, l&#8217;acte de lliurament dels premis de l&#8217;edici\u00f3 d&#8217;enguany. Ens complau comunicar-vos tamb\u00e9 els noms de les alumnes guanyadores de l&#8217;Institut La Rom\u00e0nica:<\/p>\n<p>A. CONTE I NARRACI\u00d3 BREU:<\/p>\n<ul>\n<li><span style=\"font-family: sans-serif; font-size: small;\"><u>Categoria E &#8211; Educaci\u00f3 secund\u00e0ria obligat\u00f2ria &#8211; 3r i 4t<\/u>:<br \/>\n<\/span><\/li>\n<\/ul>\n<p>2n PREMI: DANA VICENTE HERREROS, de 3r B<\/p>\n<ul>\n<li><span style=\"font-family: sans-serif; font-size: small;\"><u>Categoria F &#8211; Educaci\u00f3 tecnicoprofessional. Batxillerat<\/u>:<br \/>\n<\/span><br \/>\n1r PREMI: N\u00daRIA BA\u00d1OS S\u00c1NCHEZ, de 1r C de Batxillerat<br \/>\n2n PREMI: ANNA BERN\u00c9 NAVARRO, de 2n C de Batxillerat<span style=\"font-family: sans-serif; font-size: small;\"><br \/>\n<\/span><\/li>\n<\/ul>\n<p>B. POESIA:<\/p>\n<ul>\n<li><span style=\"font-family: sans-serif; font-size: small;\"><u>Categoria M &#8211; Educaci\u00f3 secund\u00e0ria obligat\u00f2ria<\/u>:<br \/>\n<\/span><\/li>\n<\/ul>\n<p><span style=\"font-family: sans-serif; font-size: small;\">\u00a0\u00a0\u00a0\u00a0 <\/span>2n PREMI: DANA VICENTE HERREROS, de 3r B<\/p>\n<h5>L&#8217;enhorabona a totes!<\/h5>\n<p>&nbsp;<\/p>\n<p style=\"text-align: justify;\">Les fam\u00edlies de les alumnes guanyadores tenen entrades reservades al seu nom, que haurien de recollir a la Secci\u00f3 d&#8217;Educaci\u00f3 de l&#8217;Ajuntament de Barber\u00e0 del Vall\u00e8s<\/p>\n","protected":false},"excerpt":{"rendered":"<p><a href=\"http:\/\/agora.xtec.cat\/ieslaromanica\/wp-content\/uploads\/usu857\/2018\/04\/premi_castell_barbera.jpg\"><\/a><br \/>\nEl 31\u00e8 Concurs Literari CASTELL DE BARBER\u00c0 est\u00e0 escalfant ja motors.<br \/>\nUs informem que el dijous 24 de maig tindr\u00e0 lloc, al Teatre Municipal Cooperativa, l&#8217;acte de lliurament dels premis de l&#8217;edici\u00f3 d&#8217;enguany. Ens complau comunicar-vos tamb\u00e9 els noms de les alumnes guanyadores de l&#8217;Institut&hellip;  <a href=\"https:\/\/agora.xtec.cat\/ieslaromanica\/general\/concurs-literari-castell-de-barbera\/\" title=\"Read Concurs literari CASTELL DE BARBER\u00c0\">Llegeix m\u00e9s\u00bb<\/a><\/p>\n","protected":false},"author":3,"featured_media":3504,"comment_status":"open","ping_status":"closed","sticky":false,"template":"","format":"standard","meta":{"_bbp_topic_count":0,"_bbp_reply_count":0,"_bbp_total_topic_count":0,"_bbp_total_reply_count":0,"_bbp_voice_count":0,"_bbp_anonymous_reply_count":0,"_bbp_topic_count_hidden":0,"_bbp_reply_count_hidden":0,"_bbp_forum_subforum_count":0,"footnotes":""},"categories":[1,29],"tags":[191,208],"class_list":["post-3501","post","type-post","status-publish","format-standard","has-post-thumbnail","hentry","category-general","category-portada","tag-191","tag-concurs-literari-castell-de-barbera"],"post_mailing_queue_ids":[],"_links":{"self":[{"href":"https:\/\/agora.xtec.cat\/ieslaromanica\/wp-json\/wp\/v2\/posts\/3501","targetHints":{"allow":["GET"]}}],"collection":[{"href":"https:\/\/agora.xtec.cat\/ieslaromanica\/wp-json\/wp\/v2\/posts"}],"about":[{"href":"https:\/\/agora.xtec.cat\/ieslaromanica\/wp-json\/wp\/v2\/types\/post"}],"author":[{"embeddable":true,"href":"https:\/\/agora.xtec.cat\/ieslaromanica\/wp-json\/wp\/v2\/users\/3"}],"replies":[{"embeddable":true,"href":"https:\/\/agora.xtec.cat\/ieslaromanica\/wp-json\/wp\/v2\/comments?post=3501"}],"version-history":[{"count":3,"href":"https:\/\/agora.xtec.cat\/ieslaromanica\/wp-json\/wp\/v2\/posts\/3501\/revisions"}],"predecessor-version":[{"id":3505,"href":"https:\/\/agora.xtec.cat\/ieslaromanica\/wp-json\/wp\/v2\/posts\/3501\/revisions\/3505"}],"wp:featuredmedia":[{"embeddable":true,"href":"https:\/\/agora.xtec.cat\/ieslaromanica\/wp-json\/wp\/v2\/media\/3504"}],"wp:attachment":[{"href":"https:\/\/agora.xtec.cat\/ieslaromanica\/wp-json\/wp\/v2\/media?parent=3501"}],"wp:term":[{"taxonomy":"category","embeddable":true,"href":"https:\/\/agora.xtec.cat\/ieslaromanica\/wp-json\/wp\/v2\/categories?post=3501"},{"taxonomy":"post_tag","embeddable":true,"href":"https:\/\/agora.xtec.cat\/ieslaromanica\/wp-json\/wp\/v2\/tags?post=3501"}],"curies":[{"name":"wp","href":"https:\/\/api.w.org\/{rel}","templated":true}]}}