{"id":3360,"date":"2018-04-25T19:36:02","date_gmt":"2018-04-25T17:36:02","guid":{"rendered":"http:\/\/agora.xtec.cat\/ieslaromanica\/?p=3360"},"modified":"2022-03-28T20:09:06","modified_gmt":"2022-03-28T18:09:06","slug":"concurs-de-fotografia-matematica-20172018","status":"publish","type":"post","link":"https:\/\/agora.xtec.cat\/ieslaromanica\/general\/concurs-de-fotografia-matematica-20172018\/","title":{"rendered":"Concurs de Fotografia Matem\u00e0tica 2017\/2018"},"content":{"rendered":"<h5 style=\"text-align: center;\"><a href=\"http:\/\/agora.xtec.cat\/ieslaromanica\/wp-content\/uploads\/usu857\/2018\/04\/fotografia-matem\u00e0tica.jpg\"><img loading=\"lazy\" decoding=\"async\" class=\"alignnone size-full wp-image-3410\" src=\"http:\/\/agora.xtec.cat\/ieslaromanica\/wp-content\/uploads\/usu857\/2018\/04\/fotografia-matem\u00e0tica.jpg\" alt=\"\" width=\"1504\" height=\"1000\" srcset=\"https:\/\/agora.xtec.cat\/ieslaromanica\/wp-content\/uploads\/usu857\/2018\/04\/fotografia-matem\u00e0tica.jpg 1504w, https:\/\/agora.xtec.cat\/ieslaromanica\/wp-content\/uploads\/usu857\/2018\/04\/fotografia-matem\u00e0tica-300x199.jpg 300w, https:\/\/agora.xtec.cat\/ieslaromanica\/wp-content\/uploads\/usu857\/2018\/04\/fotografia-matem\u00e0tica-768x511.jpg 768w, https:\/\/agora.xtec.cat\/ieslaromanica\/wp-content\/uploads\/usu857\/2018\/04\/fotografia-matem\u00e0tica-1024x681.jpg 1024w\" sizes=\"auto, (max-width: 1504px) 100vw, 1504px\" \/><\/a>Gr\u00e0cies per la vostra participaci\u00f3<\/h5>\n<p>&nbsp;<\/p>\n<p style=\"text-align: justify;\">Com cada any, el Departament de Matem\u00e0tiques organitza un concurs de fotografia matem\u00e0tica, on poden participar-hi tot l&#8217;alumnat d&#8217;ESO, Batxillerat i Cicles Formatius, aix\u00ed com tot el Professorat i el personal no docent.<\/p>\n<p style=\"text-align: justify;\">El concurs consisteix en fotografiar algun espai o objecte que faci refer\u00e8ncia a algun contingut matem\u00e0tic. Cada any quedem bocabadats i bocabadades per l&#8217;originalitat de les fotografies presentades.<\/p>\n<p style=\"text-align: justify;\">Les fotografies guardonades han estat les seg\u00fcents:<\/p>\n<ul>\n<li style=\"text-align: justify;\">1r CICLE D&#8217;ESO: premi desert<\/li>\n<li style=\"text-align: justify;\">2n CICLE D&#8217;ESO: &#8220;Dimensions&#8221;, de Camila Salda\u00f1a<\/li>\n<li style=\"text-align: justify;\">BATXILLERAT: &#8220;Romaneixos i fractals&#8221;, d&#8217;\u00d2scar Romero<\/li>\n<li style=\"text-align: justify;\">PROFESSORAT I PAS: &#8220;Romaneixos i fractals&#8221;, de Lourdes Ferran<\/li>\n<\/ul>\n<p>Aqu\u00ed les teniu:<\/p>\n<h5 style=\"text-align: center;\"><a href=\"http:\/\/agora.xtec.cat\/ieslaromanica\/wp-content\/uploads\/usu857\/2018\/04\/Imagen3.jpg\"><img loading=\"lazy\" decoding=\"async\" class=\"size-full wp-image-3525 aligncenter\" src=\"http:\/\/agora.xtec.cat\/ieslaromanica\/wp-content\/uploads\/usu857\/2018\/04\/Imagen3.jpg\" alt=\"\" width=\"992\" height=\"744\" srcset=\"https:\/\/agora.xtec.cat\/ieslaromanica\/wp-content\/uploads\/usu857\/2018\/04\/Imagen3.jpg 992w, https:\/\/agora.xtec.cat\/ieslaromanica\/wp-content\/uploads\/usu857\/2018\/04\/Imagen3-300x225.jpg 300w, https:\/\/agora.xtec.cat\/ieslaromanica\/wp-content\/uploads\/usu857\/2018\/04\/Imagen3-768x576.jpg 768w, https:\/\/agora.xtec.cat\/ieslaromanica\/wp-content\/uploads\/usu857\/2018\/04\/Imagen3-200x150.jpg 200w\" sizes=\"auto, (max-width: 992px) 100vw, 992px\" \/><\/a>&#8220;Dimensions&#8221;<\/h5>\n<p>&nbsp;<\/p>\n<h5 style=\"text-align: center;\"><a href=\"http:\/\/agora.xtec.cat\/ieslaromanica\/wp-content\/uploads\/usu857\/2018\/04\/Imagen2.jpg\"><img loading=\"lazy\" decoding=\"async\" class=\"wp-image-3524 aligncenter\" src=\"http:\/\/agora.xtec.cat\/ieslaromanica\/wp-content\/uploads\/usu857\/2018\/04\/Imagen2.jpg\" alt=\"\" width=\"991\" height=\"743\" srcset=\"https:\/\/agora.xtec.cat\/ieslaromanica\/wp-content\/uploads\/usu857\/2018\/04\/Imagen2.jpg 935w, https:\/\/agora.xtec.cat\/ieslaromanica\/wp-content\/uploads\/usu857\/2018\/04\/Imagen2-300x225.jpg 300w, https:\/\/agora.xtec.cat\/ieslaromanica\/wp-content\/uploads\/usu857\/2018\/04\/Imagen2-768x576.jpg 768w, https:\/\/agora.xtec.cat\/ieslaromanica\/wp-content\/uploads\/usu857\/2018\/04\/Imagen2-200x150.jpg 200w\" sizes=\"auto, (max-width: 991px) 100vw, 991px\" \/><\/a>&#8220;Romaneixos i fractals&#8221;<\/h5>\n<p>&nbsp;<\/p>\n<h5 style=\"text-align: center;\"><a href=\"http:\/\/agora.xtec.cat\/ieslaromanica\/wp-content\/uploads\/usu857\/2018\/04\/Imagen1.jpg\"><img loading=\"lazy\" decoding=\"async\" class=\"wp-image-3523 aligncenter\" src=\"http:\/\/agora.xtec.cat\/ieslaromanica\/wp-content\/uploads\/usu857\/2018\/04\/Imagen1.jpg\" alt=\"\" width=\"994\" height=\"560\" srcset=\"https:\/\/agora.xtec.cat\/ieslaromanica\/wp-content\/uploads\/usu857\/2018\/04\/Imagen1.jpg 1157w, https:\/\/agora.xtec.cat\/ieslaromanica\/wp-content\/uploads\/usu857\/2018\/04\/Imagen1-300x169.jpg 300w, https:\/\/agora.xtec.cat\/ieslaromanica\/wp-content\/uploads\/usu857\/2018\/04\/Imagen1-768x433.jpg 768w, https:\/\/agora.xtec.cat\/ieslaromanica\/wp-content\/uploads\/usu857\/2018\/04\/Imagen1-1024x577.jpg 1024w\" sizes=\"auto, (max-width: 994px) 100vw, 994px\" \/><\/a>&#8220;Informaci\u00f3 incubada&#8221;<\/h5>\n<p style=\"text-align: justify;\">Cal dir, tamb\u00e9, que l&#8217;alumnat guardonat podr\u00e0 participar al 19\u00e8 Concurs de Fotografia Matem\u00e0tica organitzat per l&#8217;ABEAM a tota Catalunya, que tindr\u00e0 lloc el dia 27 d&#8217;abril de 2018, on podran optar a guanyar diferents premis, com: una c\u00e0mera fotogr\u00e0fica, cursos de fotografia de l&#8217;IEFC i de Casanova Foto, un val d&#8217;Abacus, una calculadora Casio o llibres, entre d&#8217;altres.<\/p>\n<p style=\"text-align: justify;\">El veredicte d&#8217;aquest concurs es far\u00e0 p\u00fablic el dia 22 de maig de 2018 a la seg\u00fcent p\u00e0gina web: www.fotografiamatematica.cat i el dia 29 de maig es far\u00e0 el lliurament de premis, que tindr\u00e0 lloc al Cosmocaixa de Barcelona.<\/p>\n<p style=\"text-align: justify;\">L&#8217;enhorabona a totes les persones guanyadores dels premis d&#8217;enguany i&#8230; molta sort!<\/p>\n","protected":false},"excerpt":{"rendered":"<p><a href=\"http:\/\/agora.xtec.cat\/ieslaromanica\/wp-content\/uploads\/usu857\/2018\/04\/fotografia-matem\u00e0tica.jpg\"><\/a>Gr\u00e0cies per la vostra participaci\u00f3<br \/>\n&nbsp;<br \/>\nCom cada any, el Departament de Matem\u00e0tiques organitza un concurs de fotografia matem\u00e0tica, on poden participar-hi tot l&#8217;alumnat d&#8217;ESO, Batxillerat i Cicles Formatius, aix\u00ed com tot el Professorat i el personal no docent.<br \/>\nEl concurs consisteix en fotografiar algun espai o&hellip;  <a href=\"https:\/\/agora.xtec.cat\/ieslaromanica\/general\/concurs-de-fotografia-matematica-20172018\/\" title=\"Read Concurs de Fotografia Matem\u00e0tica 2017\/2018\">Llegeix m\u00e9s\u00bb<\/a><\/p>\n","protected":false},"author":3,"featured_media":3410,"comment_status":"open","ping_status":"closed","sticky":false,"template":"","format":"standard","meta":{"_bbp_topic_count":0,"_bbp_reply_count":0,"_bbp_total_topic_count":0,"_bbp_total_reply_count":0,"_bbp_voice_count":0,"_bbp_anonymous_reply_count":0,"_bbp_topic_count_hidden":0,"_bbp_reply_count_hidden":0,"_bbp_forum_subforum_count":0,"footnotes":""},"categories":[1,29],"tags":[191,340,205,38],"class_list":["post-3360","post","type-post","status-publish","format-standard","has-post-thumbnail","hentry","category-general","category-portada","tag-191","tag-concurs-fotografia-matematica","tag-departament-de-matematiques","tag-sant-jordi"],"post_mailing_queue_ids":[],"_links":{"self":[{"href":"https:\/\/agora.xtec.cat\/ieslaromanica\/wp-json\/wp\/v2\/posts\/3360","targetHints":{"allow":["GET"]}}],"collection":[{"href":"https:\/\/agora.xtec.cat\/ieslaromanica\/wp-json\/wp\/v2\/posts"}],"about":[{"href":"https:\/\/agora.xtec.cat\/ieslaromanica\/wp-json\/wp\/v2\/types\/post"}],"author":[{"embeddable":true,"href":"https:\/\/agora.xtec.cat\/ieslaromanica\/wp-json\/wp\/v2\/users\/3"}],"replies":[{"embeddable":true,"href":"https:\/\/agora.xtec.cat\/ieslaromanica\/wp-json\/wp\/v2\/comments?post=3360"}],"version-history":[{"count":3,"href":"https:\/\/agora.xtec.cat\/ieslaromanica\/wp-json\/wp\/v2\/posts\/3360\/revisions"}],"predecessor-version":[{"id":21156,"href":"https:\/\/agora.xtec.cat\/ieslaromanica\/wp-json\/wp\/v2\/posts\/3360\/revisions\/21156"}],"wp:featuredmedia":[{"embeddable":true,"href":"https:\/\/agora.xtec.cat\/ieslaromanica\/wp-json\/wp\/v2\/media\/3410"}],"wp:attachment":[{"href":"https:\/\/agora.xtec.cat\/ieslaromanica\/wp-json\/wp\/v2\/media?parent=3360"}],"wp:term":[{"taxonomy":"category","embeddable":true,"href":"https:\/\/agora.xtec.cat\/ieslaromanica\/wp-json\/wp\/v2\/categories?post=3360"},{"taxonomy":"post_tag","embeddable":true,"href":"https:\/\/agora.xtec.cat\/ieslaromanica\/wp-json\/wp\/v2\/tags?post=3360"}],"curies":[{"name":"wp","href":"https:\/\/api.w.org\/{rel}","templated":true}]}}