{"id":3330,"date":"2018-04-20T09:17:37","date_gmt":"2018-04-20T07:17:37","guid":{"rendered":"http:\/\/agora.xtec.cat\/ieslaromanica\/?p=3330"},"modified":"2018-04-24T12:23:09","modified_gmt":"2018-04-24T10:23:09","slug":"premis-minerva-2018","status":"publish","type":"post","link":"https:\/\/agora.xtec.cat\/ieslaromanica\/general\/premis-minerva-2018\/","title":{"rendered":"Premis MINERVA 2018"},"content":{"rendered":"<p style=\"text-align: center;\"><a href=\"http:\/\/agora.xtec.cat\/ieslaromanica\/wp-content\/uploads\/usu857\/2018\/04\/retallada.jpg\"><img loading=\"lazy\" decoding=\"async\" class=\"alignnone size-full wp-image-3349\" src=\"http:\/\/agora.xtec.cat\/ieslaromanica\/wp-content\/uploads\/usu857\/2018\/04\/retallada.jpg\" alt=\"\" width=\"1865\" height=\"1105\" srcset=\"https:\/\/agora.xtec.cat\/ieslaromanica\/wp-content\/uploads\/usu857\/2018\/04\/retallada.jpg 1865w, https:\/\/agora.xtec.cat\/ieslaromanica\/wp-content\/uploads\/usu857\/2018\/04\/retallada-300x178.jpg 300w, https:\/\/agora.xtec.cat\/ieslaromanica\/wp-content\/uploads\/usu857\/2018\/04\/retallada-768x455.jpg 768w, https:\/\/agora.xtec.cat\/ieslaromanica\/wp-content\/uploads\/usu857\/2018\/04\/retallada-1024x607.jpg 1024w\" sizes=\"auto, (max-width: 1865px) 100vw, 1865px\" \/><\/a><\/p>\n<p style=\"text-align: justify;\">El dijous 19 d&#8217;abril de 2018 ha tingut lloc l&#8217;entrega dels premis Minerva de la seva 16a edici\u00f3, amb una important participaci\u00f3 del nostre institut. L&#8217;objectiu d&#8217;aquest certamen \u00e9s fer un reconeixement als treballs de recerca de l&#8217;alumnat de 2n de Batxillerat de Barber\u00e0 del Vall\u00e8s i Badia del Vall\u00e8s<\/p>\n<p style=\"text-align: justify;\">A l&#8217;acte, que va tenir lloc a l&#8217;Auditori Maria Feliu de Barber\u00e0 del Vall\u00e8s a les 16:00 hores, es van presentar quatre treballs (un de cada centre) per part dels mateixos autors i autores i\u00a0es va fer el lliurament dels guardons i diplomes a tot l&#8217;alumnat guardonat. Va comptar, tamb\u00e9, amb l\u2019actuaci\u00f3 del grup de dansa urbana <em>Diversity de<\/em> l&#8217;Institut Badia del Vall\u00e8s.<\/p>\n<p style=\"text-align: justify;\">Per part de l&#8217;Institut La Rom\u00e0nica, han estat guardonades les seg\u00fcents alumnes i treballs de recerca, tots ells tutoritzats pel professor de Filosofia Xavier Ma\u00f1es:<\/p>\n<ul>\n<li style=\"text-align: justify;\"><em>Tots podem ser sinest\u00e8sics?: <\/em>de la Clara Gonz\u00e1lez, Irene Botella i Marta Comino<\/li>\n<li style=\"text-align: justify;\"><em>Esquizofr\u00e8nia i perillositat: Realitat o ficci\u00f3?: <\/em>de la N\u00faria Molina i Maria Guerrero.<\/li>\n<\/ul>\n<p style=\"text-align: justify;\">Certamen Minerva, organitzat des del Servei Educatiu del Vall\u00e8s Occidental VII , reconeix, cada curs, els millors treballs de recerca de l\u2019alumnat de batxillerat dels instituts de la zona educativa de Badia del Vall\u00e8s i Barber\u00e0 del Vall\u00e8s del Departament d\u2019Ensenyament de la Generalitat\u00a0i els ajuntaments de Barber\u00e0 del Vall\u00e8s i de Badia del Vall\u00e8s.<\/p>\n<p style=\"text-align: justify;\">El seu nom, Minerva, prov\u00e9 del de la deessa romana de la saviesa i les arts, que sovint apareix representada amb un mussol. El seu culte es va relacionar amb el m\u00f3n de l\u2019ensenyament.<\/p>\n<p style=\"text-align: justify;\">L\u2019acte \u00e9s un reconeixement a la bona feina tant de l\u2019alumnat com del professorat dels nostres instituts, a m\u00e9s d\u2019un mitj\u00e0 per difondre exemples per als companys i companyes que, en el futur, hauran de fer els seus propis treballs.<\/p>\n<p style=\"text-align: justify;\">Per a m\u00e9s informaci\u00f3, aqu\u00ed poden consultar el cartell i el fullet\u00f3 d&#8217;enguany:<\/p>\n<p style=\"text-align: justify;\"><a href=\"http:\/\/agora.xtec.cat\/ieslaromanica\/wp-content\/uploads\/usu857\/2018\/04\/CARTELL-MINERVA-2018-DEF.pdf\">Cartell Minerva 2018<\/a><\/p>\n<p style=\"text-align: justify;\"><a href=\"http:\/\/agora.xtec.cat\/ieslaromanica\/wp-content\/uploads\/usu857\/2018\/04\/FULLET\u00d3-MINERVA-2018.pdf\">Premis MINERVA 2018<\/a><\/p>\n<div><\/div>\n<p>&nbsp;<\/p>\n<p>&nbsp;<\/p>\n<p>&nbsp;<\/p>\n","protected":false},"excerpt":{"rendered":"<p><a href=\"http:\/\/agora.xtec.cat\/ieslaromanica\/wp-content\/uploads\/usu857\/2018\/04\/retallada.jpg\"><\/a><br \/>\nEl dijous 19 d&#8217;abril de 2018 ha tingut lloc l&#8217;entrega dels premis Minerva de la seva 16a edici\u00f3, amb una important participaci\u00f3 del nostre institut. L&#8217;objectiu d&#8217;aquest certamen \u00e9s fer un reconeixement als treballs de recerca de l&#8217;alumnat de 2n de Batxillerat de Barber\u00e0&hellip;  <a href=\"https:\/\/agora.xtec.cat\/ieslaromanica\/general\/premis-minerva-2018\/\" title=\"Read Premis MINERVA 2018\">Llegeix m\u00e9s\u00bb<\/a><\/p>\n","protected":false},"author":3,"featured_media":3349,"comment_status":"open","ping_status":"closed","sticky":false,"template":"","format":"standard","meta":{"_bbp_topic_count":0,"_bbp_reply_count":0,"_bbp_total_topic_count":0,"_bbp_total_reply_count":0,"_bbp_voice_count":0,"_bbp_anonymous_reply_count":0,"_bbp_topic_count_hidden":0,"_bbp_reply_count_hidden":0,"_bbp_forum_subforum_count":0,"footnotes":""},"categories":[73,8,1,29],"tags":[191,88,161],"class_list":["post-3330","post","type-post","status-publish","format-standard","has-post-thumbnail","hentry","category-2-batx","category-batxillerat","category-general","category-portada","tag-191","tag-batxillerat","tag-premis-minerva"],"post_mailing_queue_ids":[],"_links":{"self":[{"href":"https:\/\/agora.xtec.cat\/ieslaromanica\/wp-json\/wp\/v2\/posts\/3330","targetHints":{"allow":["GET"]}}],"collection":[{"href":"https:\/\/agora.xtec.cat\/ieslaromanica\/wp-json\/wp\/v2\/posts"}],"about":[{"href":"https:\/\/agora.xtec.cat\/ieslaromanica\/wp-json\/wp\/v2\/types\/post"}],"author":[{"embeddable":true,"href":"https:\/\/agora.xtec.cat\/ieslaromanica\/wp-json\/wp\/v2\/users\/3"}],"replies":[{"embeddable":true,"href":"https:\/\/agora.xtec.cat\/ieslaromanica\/wp-json\/wp\/v2\/comments?post=3330"}],"version-history":[{"count":3,"href":"https:\/\/agora.xtec.cat\/ieslaromanica\/wp-json\/wp\/v2\/posts\/3330\/revisions"}],"predecessor-version":[{"id":3352,"href":"https:\/\/agora.xtec.cat\/ieslaromanica\/wp-json\/wp\/v2\/posts\/3330\/revisions\/3352"}],"wp:featuredmedia":[{"embeddable":true,"href":"https:\/\/agora.xtec.cat\/ieslaromanica\/wp-json\/wp\/v2\/media\/3349"}],"wp:attachment":[{"href":"https:\/\/agora.xtec.cat\/ieslaromanica\/wp-json\/wp\/v2\/media?parent=3330"}],"wp:term":[{"taxonomy":"category","embeddable":true,"href":"https:\/\/agora.xtec.cat\/ieslaromanica\/wp-json\/wp\/v2\/categories?post=3330"},{"taxonomy":"post_tag","embeddable":true,"href":"https:\/\/agora.xtec.cat\/ieslaromanica\/wp-json\/wp\/v2\/tags?post=3330"}],"curies":[{"name":"wp","href":"https:\/\/api.w.org\/{rel}","templated":true}]}}