{"id":3309,"date":"2018-04-16T11:29:52","date_gmt":"2018-04-16T09:29:52","guid":{"rendered":"http:\/\/agora.xtec.cat\/ieslaromanica\/?p=3309"},"modified":"2018-04-19T09:57:40","modified_gmt":"2018-04-19T07:57:40","slug":"8-de-marc-dia-internacional-de-les-dones-2","status":"publish","type":"post","link":"https:\/\/agora.xtec.cat\/ieslaromanica\/general\/8-de-marc-dia-internacional-de-les-dones-2\/","title":{"rendered":"8 de mar\u00e7: DIA INTERNACIONAL DE LES DONES"},"content":{"rendered":"<p style=\"text-align: center;\"><a href=\"http:\/\/agora.xtec.cat\/ieslaromanica\/wp-content\/uploads\/usu857\/2018\/04\/8-de-mar\u00e7-2.jpg\"><img loading=\"lazy\" decoding=\"async\" class=\"alignnone wp-image-3321\" src=\"http:\/\/agora.xtec.cat\/ieslaromanica\/wp-content\/uploads\/usu857\/2018\/04\/8-de-mar\u00e7-2.jpg\" alt=\"\" width=\"561\" height=\"208\" \/><\/a><\/p>\n<p style=\"text-align: justify;\">En motiu del la celebraci\u00f3 del dia 8 de mar\u00e7 de 2018, Dia Internacional de les Dones, hem dut a terme una s\u00e8rie d&#8217;activitats per tal de fer reflexionar sobre la manca de visibilitzaci\u00f3 de les dones\u00a0que s\u2019han dedicat al m\u00f3n de la ci\u00e8ncia i la cultura.<\/p>\n<p style=\"text-align: justify;\">La proposta constava de tres fases:<\/p>\n<p style=\"text-align: justify;\">1. Elaboraci\u00f3 d&#8217;un mural coral a recepci\u00f3, davant de consergeria, on es preguntava a l&#8217;alumnat si coneixien qui eren les dones representades en imatges (totes elles inventores).<\/p>\n<ol style=\"text-align: justify;\" start=\"2\">\n<li>Es va convidar a les tutores i tutors, i a tot el professorat d&#8217;ESO, Batxillerat i Cicles Formatius que ho volgu\u00e9s, a fer la seg\u00fcent activitat a l\u2019aula:<\/li>\n<\/ol>\n<ul style=\"list-style-type: disc;\">\n<li style=\"text-align: justify;\">En grups, l&#8217;alumnat hauria d&#8217;escriure el m\u00e0xim nombre de noms d\u2019inventors que coneguessin. Es llegirien les respostes en veu alta i es passaria a la seg\u00fcent part de l\u2019activitat.<\/li>\n<li style=\"text-align: justify;\">En aquesta segona part haurien d\u2019escriure el m\u00e0xim nombre de noms de dones inventores que coneguessin (sense mirar Internet, \u00e9s clar) i es llegirien les respostes en veu alta.<\/li>\n<li style=\"text-align: justify;\">Com que segurament no hi hauria noms d&#8217;inventores escrits, es reflexionaria sobre el perqu\u00e8 es dona el fet que en prou feines coneixen cap nom de dona cient\u00edfica o inventora.<\/li>\n<li style=\"text-align: justify;\">A continuaci\u00f3, posarien el seg\u00fcent v\u00eddeo, per tal de <strong>reflexionar<\/strong> sobre tot plegat i recollir-ne despr\u00e9s les reflexions: <a href=\"https:\/\/elpais.com\/elpais\/2017\/03\/07\/buenavida\/1488903951_175876.html\">https:\/\/elpais.com\/elpais\/2017\/03\/07\/buenavida\/1488903951_175876.html\u00a0<\/a><\/li>\n<\/ul>\n<p style=\"text-align: justify;\">3. Al mateix mural de recepci\u00f3 va apar\u00e8ixer una nova proposta, la d\u2019escriure els noms i una breu ressenya de les grans oblidades del m\u00f3n de la ci\u00e8ncia i de la cultura: cient\u00edfiques inventores, escriptores, arquitectes, pintores&#8230; per donar visibilitat a la seva cabdal import\u00e0ncia i a aquest greuge hist\u00f2ric.<\/p>\n<p style=\"text-align: justify;\">Davant del mural s&#8217;hi va col\u00b7locar una c\u00f2pia del treball de grau de f\u00edsica del professor Adri\u00e0 Ortiz per tal complementar aquesta activitat amb diverses informacions i estad\u00edstiques.<\/p>\n<p style=\"text-align: center;\"><a href=\"http:\/\/agora.xtec.cat\/ieslaromanica\/wp-content\/uploads\/usu857\/2018\/04\/plafo-dones.jpg\"><img loading=\"lazy\" decoding=\"async\" class=\"alignnone size-full wp-image-3320\" src=\"http:\/\/agora.xtec.cat\/ieslaromanica\/wp-content\/uploads\/usu857\/2018\/04\/plafo-dones.jpg\" alt=\"\" width=\"2349\" height=\"1161\" srcset=\"https:\/\/agora.xtec.cat\/ieslaromanica\/wp-content\/uploads\/usu857\/2018\/04\/plafo-dones.jpg 2349w, https:\/\/agora.xtec.cat\/ieslaromanica\/wp-content\/uploads\/usu857\/2018\/04\/plafo-dones-300x148.jpg 300w, https:\/\/agora.xtec.cat\/ieslaromanica\/wp-content\/uploads\/usu857\/2018\/04\/plafo-dones-768x380.jpg 768w, https:\/\/agora.xtec.cat\/ieslaromanica\/wp-content\/uploads\/usu857\/2018\/04\/plafo-dones-1024x506.jpg 1024w\" sizes=\"auto, (max-width: 2349px) 100vw, 2349px\" \/><\/a><\/p>\n<p style=\"text-align: justify;\">A m\u00e9s, pels passadissos, des de diversos departaments did\u00e0ctics es van anar exposant materials molt interessants sobre aquestes grans dones (artistes, cient\u00edfiques&#8230;)<\/p>\n<p style=\"text-align: justify;\">Esperem que aquestes i altres propostes puguin ajudar al nostre alumnat i a tota la comunitat educativa a <strong>conscienciar<\/strong> sobre la poca visibilitat de les dones en el m\u00f3n cient\u00edfic, cultural i acad\u00e8mic.<\/p>\n","protected":false},"excerpt":{"rendered":"<p><a href=\"http:\/\/agora.xtec.cat\/ieslaromanica\/wp-content\/uploads\/usu857\/2018\/04\/8-de-mar\u00e7-2.jpg\"><\/a><br \/>\nEn motiu del la celebraci\u00f3 del dia 8 de mar\u00e7 de 2018, Dia Internacional de les Dones, hem dut a terme una s\u00e8rie d&#8217;activitats per tal de fer reflexionar sobre la manca de visibilitzaci\u00f3 de les dones\u00a0que s\u2019han dedicat al m\u00f3n de la ci\u00e8ncia&hellip;  <a href=\"https:\/\/agora.xtec.cat\/ieslaromanica\/general\/8-de-marc-dia-internacional-de-les-dones-2\/\" title=\"Read 8 de mar\u00e7: DIA INTERNACIONAL DE LES DONES\">Llegeix m\u00e9s\u00bb<\/a><\/p>\n","protected":false},"author":3,"featured_media":3312,"comment_status":"open","ping_status":"closed","sticky":false,"template":"","format":"standard","meta":{"_bbp_topic_count":0,"_bbp_reply_count":0,"_bbp_total_topic_count":0,"_bbp_total_reply_count":0,"_bbp_voice_count":0,"_bbp_anonymous_reply_count":0,"_bbp_topic_count_hidden":0,"_bbp_reply_count_hidden":0,"_bbp_forum_subforum_count":0,"footnotes":""},"categories":[1,29],"tags":[132,133],"class_list":["post-3309","post","type-post","status-publish","format-standard","has-post-thumbnail","hentry","category-general","category-portada","tag-8-de-marc","tag-dia-internacional-de-les-dones"],"post_mailing_queue_ids":[],"_links":{"self":[{"href":"https:\/\/agora.xtec.cat\/ieslaromanica\/wp-json\/wp\/v2\/posts\/3309","targetHints":{"allow":["GET"]}}],"collection":[{"href":"https:\/\/agora.xtec.cat\/ieslaromanica\/wp-json\/wp\/v2\/posts"}],"about":[{"href":"https:\/\/agora.xtec.cat\/ieslaromanica\/wp-json\/wp\/v2\/types\/post"}],"author":[{"embeddable":true,"href":"https:\/\/agora.xtec.cat\/ieslaromanica\/wp-json\/wp\/v2\/users\/3"}],"replies":[{"embeddable":true,"href":"https:\/\/agora.xtec.cat\/ieslaromanica\/wp-json\/wp\/v2\/comments?post=3309"}],"version-history":[{"count":3,"href":"https:\/\/agora.xtec.cat\/ieslaromanica\/wp-json\/wp\/v2\/posts\/3309\/revisions"}],"predecessor-version":[{"id":3324,"href":"https:\/\/agora.xtec.cat\/ieslaromanica\/wp-json\/wp\/v2\/posts\/3309\/revisions\/3324"}],"wp:featuredmedia":[{"embeddable":true,"href":"https:\/\/agora.xtec.cat\/ieslaromanica\/wp-json\/wp\/v2\/media\/3312"}],"wp:attachment":[{"href":"https:\/\/agora.xtec.cat\/ieslaromanica\/wp-json\/wp\/v2\/media?parent=3309"}],"wp:term":[{"taxonomy":"category","embeddable":true,"href":"https:\/\/agora.xtec.cat\/ieslaromanica\/wp-json\/wp\/v2\/categories?post=3309"},{"taxonomy":"post_tag","embeddable":true,"href":"https:\/\/agora.xtec.cat\/ieslaromanica\/wp-json\/wp\/v2\/tags?post=3309"}],"curies":[{"name":"wp","href":"https:\/\/api.w.org\/{rel}","templated":true}]}}