{"id":3288,"date":"2018-04-25T12:01:16","date_gmt":"2018-04-25T10:01:16","guid":{"rendered":"http:\/\/agora.xtec.cat\/ieslaromanica\/?p=3288"},"modified":"2018-04-25T17:09:16","modified_gmt":"2018-04-25T15:09:16","slug":"sortida-al-museu-del-disseny","status":"publish","type":"post","link":"https:\/\/agora.xtec.cat\/ieslaromanica\/general\/sortida-al-museu-del-disseny\/","title":{"rendered":"Sortida al MUSEU DEL DISSENY"},"content":{"rendered":"<p style=\"text-align: center;\"><a href=\"http:\/\/agora.xtec.cat\/ieslaromanica\/wp-content\/uploads\/usu857\/2018\/04\/20180404_102226.jpg\"><img loading=\"lazy\" decoding=\"async\" class=\"alignnone size-full wp-image-3290\" src=\"http:\/\/agora.xtec.cat\/ieslaromanica\/wp-content\/uploads\/usu857\/2018\/04\/20180404_102226.jpg\" alt=\"\" width=\"1383\" height=\"778\" srcset=\"https:\/\/agora.xtec.cat\/ieslaromanica\/wp-content\/uploads\/usu857\/2018\/04\/20180404_102226.jpg 1383w, https:\/\/agora.xtec.cat\/ieslaromanica\/wp-content\/uploads\/usu857\/2018\/04\/20180404_102226-300x169.jpg 300w, https:\/\/agora.xtec.cat\/ieslaromanica\/wp-content\/uploads\/usu857\/2018\/04\/20180404_102226-768x432.jpg 768w, https:\/\/agora.xtec.cat\/ieslaromanica\/wp-content\/uploads\/usu857\/2018\/04\/20180404_102226-1024x576.jpg 1024w\" sizes=\"auto, (max-width: 1383px) 100vw, 1383px\" \/><\/a><\/p>\n<p style=\"text-align: justify;\">Els dies 4 i 11 d&#8217;abril, l&#8217;alumnat de 3r d&#8217;ESO del nostre institut va fer una sortida al Museu del Disseny de Barcelona, organitzada pel Departament d&#8217;Educaci\u00f3 Visual i Pl\u00e0stica.<\/p>\n<p style=\"text-align: center;\"><a href=\"http:\/\/agora.xtec.cat\/ieslaromanica\/wp-content\/uploads\/usu857\/2018\/04\/20180404_115734.jpg\"><img loading=\"lazy\" decoding=\"async\" class=\"alignnone size-full wp-image-3292\" src=\"http:\/\/agora.xtec.cat\/ieslaromanica\/wp-content\/uploads\/usu857\/2018\/04\/20180404_115734.jpg\" alt=\"\" width=\"1383\" height=\"778\" srcset=\"https:\/\/agora.xtec.cat\/ieslaromanica\/wp-content\/uploads\/usu857\/2018\/04\/20180404_115734.jpg 1383w, https:\/\/agora.xtec.cat\/ieslaromanica\/wp-content\/uploads\/usu857\/2018\/04\/20180404_115734-300x169.jpg 300w, https:\/\/agora.xtec.cat\/ieslaromanica\/wp-content\/uploads\/usu857\/2018\/04\/20180404_115734-768x432.jpg 768w, https:\/\/agora.xtec.cat\/ieslaromanica\/wp-content\/uploads\/usu857\/2018\/04\/20180404_115734-1024x576.jpg 1024w\" sizes=\"auto, (max-width: 1383px) 100vw, 1383px\" \/><\/a><\/p>\n<p>Els nois i noies, despr\u00e9s de visitar l&#8217;exposici\u00f3 sobre el disseny de productes, van participar en un taller on van analitzar diversos productes quotidians, tenint en compte l&#8217;ergonomia, els materials i els colors utilitzats, el muntatge, el pes o la funci\u00f3 de l&#8217;objecte, entre d&#8217;altres aspectes.<\/p>\n<p style=\"text-align: center;\"><a href=\"http:\/\/agora.xtec.cat\/ieslaromanica\/wp-content\/uploads\/usu857\/2018\/04\/20180404_114944.jpg\"><img loading=\"lazy\" decoding=\"async\" class=\"alignnone size-full wp-image-3291\" src=\"http:\/\/agora.xtec.cat\/ieslaromanica\/wp-content\/uploads\/usu857\/2018\/04\/20180404_114944.jpg\" alt=\"\" width=\"1660\" height=\"934\" srcset=\"https:\/\/agora.xtec.cat\/ieslaromanica\/wp-content\/uploads\/usu857\/2018\/04\/20180404_114944.jpg 1660w, https:\/\/agora.xtec.cat\/ieslaromanica\/wp-content\/uploads\/usu857\/2018\/04\/20180404_114944-300x169.jpg 300w, https:\/\/agora.xtec.cat\/ieslaromanica\/wp-content\/uploads\/usu857\/2018\/04\/20180404_114944-768x432.jpg 768w, https:\/\/agora.xtec.cat\/ieslaromanica\/wp-content\/uploads\/usu857\/2018\/04\/20180404_114944-1024x576.jpg 1024w\" sizes=\"auto, (max-width: 1660px) 100vw, 1660px\" \/><\/a><\/p>\n<p style=\"text-align: justify;\">L&#8217;alumnat tamb\u00e9 va aprofitar aquesta sortida per visitar el nou Mercat dels Encants, un mercat emblem\u00e0tic barcelon\u00ed, on van trobar multitud d&#8217;objectes ben curiosos, mobles vells, discs de vinil, fotografies, c\u00e0meres fotogr\u00e0fiques antigues, joguines..<\/p>\n<div dir=\"auto\" style=\"text-align: justify;\"><\/div>\n","protected":false},"excerpt":{"rendered":"<p><a href=\"http:\/\/agora.xtec.cat\/ieslaromanica\/wp-content\/uploads\/usu857\/2018\/04\/20180404_102226.jpg\"><\/a><br \/>\nEls dies 4 i 11 d&#8217;abril, l&#8217;alumnat de 3r d&#8217;ESO del nostre institut va fer una sortida al Museu del Disseny de Barcelona, organitzada pel Departament d&#8217;Educaci\u00f3 Visual i Pl\u00e0stica.<br \/>\n<a href=\"http:\/\/agora.xtec.cat\/ieslaromanica\/wp-content\/uploads\/usu857\/2018\/04\/20180404_115734.jpg\"><\/a><br \/>\nEls nois i noies, despr\u00e9s de visitar l&#8217;exposici\u00f3 sobre el disseny de productes, van&hellip;  <a href=\"https:\/\/agora.xtec.cat\/ieslaromanica\/general\/sortida-al-museu-del-disseny\/\" title=\"Read Sortida al MUSEU DEL DISSENY\">Llegeix m\u00e9s\u00bb<\/a><\/p>\n","protected":false},"author":3,"featured_media":3290,"comment_status":"open","ping_status":"closed","sticky":false,"template":"","format":"standard","meta":{"_bbp_topic_count":0,"_bbp_reply_count":0,"_bbp_total_topic_count":0,"_bbp_total_reply_count":0,"_bbp_voice_count":0,"_bbp_anonymous_reply_count":0,"_bbp_topic_count_hidden":0,"_bbp_reply_count_hidden":0,"_bbp_forum_subforum_count":0,"footnotes":""},"categories":[3,6,1,29],"tags":[202,201,123],"class_list":["post-3288","post","type-post","status-publish","format-standard","has-post-thumbnail","hentry","category-eso","category-eso-3","category-general","category-portada","tag-educacio-visual-i-plastica","tag-museu-del-disseny","tag-sortida"],"post_mailing_queue_ids":[],"_links":{"self":[{"href":"https:\/\/agora.xtec.cat\/ieslaromanica\/wp-json\/wp\/v2\/posts\/3288","targetHints":{"allow":["GET"]}}],"collection":[{"href":"https:\/\/agora.xtec.cat\/ieslaromanica\/wp-json\/wp\/v2\/posts"}],"about":[{"href":"https:\/\/agora.xtec.cat\/ieslaromanica\/wp-json\/wp\/v2\/types\/post"}],"author":[{"embeddable":true,"href":"https:\/\/agora.xtec.cat\/ieslaromanica\/wp-json\/wp\/v2\/users\/3"}],"replies":[{"embeddable":true,"href":"https:\/\/agora.xtec.cat\/ieslaromanica\/wp-json\/wp\/v2\/comments?post=3288"}],"version-history":[{"count":3,"href":"https:\/\/agora.xtec.cat\/ieslaromanica\/wp-json\/wp\/v2\/posts\/3288\/revisions"}],"predecessor-version":[{"id":3396,"href":"https:\/\/agora.xtec.cat\/ieslaromanica\/wp-json\/wp\/v2\/posts\/3288\/revisions\/3396"}],"wp:featuredmedia":[{"embeddable":true,"href":"https:\/\/agora.xtec.cat\/ieslaromanica\/wp-json\/wp\/v2\/media\/3290"}],"wp:attachment":[{"href":"https:\/\/agora.xtec.cat\/ieslaromanica\/wp-json\/wp\/v2\/media?parent=3288"}],"wp:term":[{"taxonomy":"category","embeddable":true,"href":"https:\/\/agora.xtec.cat\/ieslaromanica\/wp-json\/wp\/v2\/categories?post=3288"},{"taxonomy":"post_tag","embeddable":true,"href":"https:\/\/agora.xtec.cat\/ieslaromanica\/wp-json\/wp\/v2\/tags?post=3288"}],"curies":[{"name":"wp","href":"https:\/\/api.w.org\/{rel}","templated":true}]}}