{"id":3277,"date":"2018-04-11T16:01:41","date_gmt":"2018-04-11T14:01:41","guid":{"rendered":"http:\/\/agora.xtec.cat\/ieslaromanica\/?p=3277"},"modified":"2018-04-11T16:02:15","modified_gmt":"2018-04-11T14:02:15","slug":"iv-jornades-tecniques-culturals-de-formacio-professional","status":"publish","type":"post","link":"https:\/\/agora.xtec.cat\/ieslaromanica\/general\/iv-jornades-tecniques-culturals-de-formacio-professional\/","title":{"rendered":"IV JORNADES T\u00c8CNIQUES CULTURALS DE FORMACI\u00d3 PROFESSIONAL"},"content":{"rendered":"<p>Els dies 24, 25 i 26 d&#8217;abril es realitzaran les Jornades T\u00e8cniques Culturals de Formaci\u00f3 Professional organitzades pel departament de Formaci\u00f3 Professional amb el suport de Fundaci\u00f3 de Barber\u00e0 Promocions i l&#8217;Ajuntament de Barber\u00e0 del Vall\u00e8s.<\/p>\n<p>Com a novetat aquest curs la jornada inaugural es far\u00e0 a les instal\u00b7lacions de la Torre d&#8217;en Gorgs de Barber\u00e0 del Vall\u00e8s.<\/p>\n<p><a href=\"http:\/\/agora.xtec.cat\/ieslaromanica\/wp-content\/uploads\/usu857\/2018\/04\/jornada-tecnica.jpg\"><img loading=\"lazy\" decoding=\"async\" class=\"size-full wp-image-3278 aligncenter\" src=\"http:\/\/agora.xtec.cat\/ieslaromanica\/wp-content\/uploads\/usu857\/2018\/04\/jornada-tecnica.jpg\" alt=\"\" width=\"486\" height=\"690\" srcset=\"https:\/\/agora.xtec.cat\/ieslaromanica\/wp-content\/uploads\/usu857\/2018\/04\/jornada-tecnica.jpg 486w, https:\/\/agora.xtec.cat\/ieslaromanica\/wp-content\/uploads\/usu857\/2018\/04\/jornada-tecnica-211x300.jpg 211w\" sizes=\"auto, (max-width: 486px) 100vw, 486px\" \/><\/a><\/p>\n","protected":false},"excerpt":{"rendered":"<p>Els dies 24, 25 i 26 d&#8217;abril es realitzaran les Jornades T\u00e8cniques Culturals de Formaci\u00f3 Professional organitzades pel departament de Formaci\u00f3 Professional amb el suport de Fundaci\u00f3 de Barber\u00e0 Promocions i l&#8217;Ajuntament de Barber\u00e0 del Vall\u00e8s.<br \/>\nCom a novetat aquest curs la jornada inaugural es far\u00e0&hellip;  <a href=\"https:\/\/agora.xtec.cat\/ieslaromanica\/general\/iv-jornades-tecniques-culturals-de-formacio-professional\/\" title=\"Read IV JORNADES T\u00c8CNIQUES CULTURALS DE FORMACI\u00d3 PROFESSIONAL\">Llegeix m\u00e9s\u00bb<\/a><\/p>\n","protected":false},"author":35,"featured_media":3278,"comment_status":"open","ping_status":"closed","sticky":false,"template":"","format":"standard","meta":{"_bbp_topic_count":0,"_bbp_reply_count":0,"_bbp_total_topic_count":0,"_bbp_total_reply_count":0,"_bbp_voice_count":0,"_bbp_anonymous_reply_count":0,"_bbp_topic_count_hidden":0,"_bbp_reply_count_hidden":0,"_bbp_forum_subforum_count":0,"footnotes":""},"categories":[30,1,29],"tags":[],"class_list":["post-3277","post","type-post","status-publish","format-standard","has-post-thumbnail","hentry","category-cicles-formatius","category-general","category-portada"],"post_mailing_queue_ids":[],"_links":{"self":[{"href":"https:\/\/agora.xtec.cat\/ieslaromanica\/wp-json\/wp\/v2\/posts\/3277","targetHints":{"allow":["GET"]}}],"collection":[{"href":"https:\/\/agora.xtec.cat\/ieslaromanica\/wp-json\/wp\/v2\/posts"}],"about":[{"href":"https:\/\/agora.xtec.cat\/ieslaromanica\/wp-json\/wp\/v2\/types\/post"}],"author":[{"embeddable":true,"href":"https:\/\/agora.xtec.cat\/ieslaromanica\/wp-json\/wp\/v2\/users\/35"}],"replies":[{"embeddable":true,"href":"https:\/\/agora.xtec.cat\/ieslaromanica\/wp-json\/wp\/v2\/comments?post=3277"}],"version-history":[{"count":1,"href":"https:\/\/agora.xtec.cat\/ieslaromanica\/wp-json\/wp\/v2\/posts\/3277\/revisions"}],"predecessor-version":[{"id":3279,"href":"https:\/\/agora.xtec.cat\/ieslaromanica\/wp-json\/wp\/v2\/posts\/3277\/revisions\/3279"}],"wp:featuredmedia":[{"embeddable":true,"href":"https:\/\/agora.xtec.cat\/ieslaromanica\/wp-json\/wp\/v2\/media\/3278"}],"wp:attachment":[{"href":"https:\/\/agora.xtec.cat\/ieslaromanica\/wp-json\/wp\/v2\/media?parent=3277"}],"wp:term":[{"taxonomy":"category","embeddable":true,"href":"https:\/\/agora.xtec.cat\/ieslaromanica\/wp-json\/wp\/v2\/categories?post=3277"},{"taxonomy":"post_tag","embeddable":true,"href":"https:\/\/agora.xtec.cat\/ieslaromanica\/wp-json\/wp\/v2\/tags?post=3277"}],"curies":[{"name":"wp","href":"https:\/\/api.w.org\/{rel}","templated":true}]}}