{"id":3202,"date":"2018-03-15T11:49:19","date_gmt":"2018-03-15T10:49:19","guid":{"rendered":"http:\/\/agora.xtec.cat\/ieslaromanica\/?p=3202"},"modified":"2018-03-15T12:12:44","modified_gmt":"2018-03-15T11:12:44","slug":"tallers-de-comunicacio-al-caixaforum","status":"publish","type":"post","link":"https:\/\/agora.xtec.cat\/ieslaromanica\/general\/tallers-de-comunicacio-al-caixaforum\/","title":{"rendered":"Tallers de comunicaci\u00f3 al Caixaf\u00f2rum"},"content":{"rendered":"<p style=\"text-align: center;\"><a href=\"http:\/\/agora.xtec.cat\/ieslaromanica\/wp-content\/uploads\/usu857\/2018\/03\/6ec23d66-6841-4d2f-b01c-8227963a43be.jpg\"><img loading=\"lazy\" decoding=\"async\" class=\"alignnone size-medium wp-image-3201\" src=\"http:\/\/agora.xtec.cat\/ieslaromanica\/wp-content\/uploads\/usu857\/2018\/03\/6ec23d66-6841-4d2f-b01c-8227963a43be-300x225.jpg\" alt=\"\" width=\"300\" height=\"225\" srcset=\"https:\/\/agora.xtec.cat\/ieslaromanica\/wp-content\/uploads\/usu857\/2018\/03\/6ec23d66-6841-4d2f-b01c-8227963a43be-300x225.jpg 300w, https:\/\/agora.xtec.cat\/ieslaromanica\/wp-content\/uploads\/usu857\/2018\/03\/6ec23d66-6841-4d2f-b01c-8227963a43be-768x576.jpg 768w, https:\/\/agora.xtec.cat\/ieslaromanica\/wp-content\/uploads\/usu857\/2018\/03\/6ec23d66-6841-4d2f-b01c-8227963a43be-1024x768.jpg 1024w, https:\/\/agora.xtec.cat\/ieslaromanica\/wp-content\/uploads\/usu857\/2018\/03\/6ec23d66-6841-4d2f-b01c-8227963a43be-200x150.jpg 200w, https:\/\/agora.xtec.cat\/ieslaromanica\/wp-content\/uploads\/usu857\/2018\/03\/6ec23d66-6841-4d2f-b01c-8227963a43be.jpg 1600w\" sizes=\"auto, (max-width: 300px) 100vw, 300px\" \/><\/a><\/p>\n<p style=\"text-align: justify;\">L&#8217;alumnat de 4t d&#8217;ESO ha participat en el taller sobre comunicaci\u00f3 &#8220;Del jerogl\u00edfic al whatsapp&#8221;, organitzat pel Caixaf\u00f2rum, i ha aprofitat la sortida per visitar l&#8217;exposici\u00f3 &#8220;Les m\u00fasiques a l&#8217;antiguitat&#8221;.<\/p>\n","protected":false},"excerpt":{"rendered":"<p><a href=\"http:\/\/agora.xtec.cat\/ieslaromanica\/wp-content\/uploads\/usu857\/2018\/03\/6ec23d66-6841-4d2f-b01c-8227963a43be.jpg\"><\/a><br \/>\nL&#8217;alumnat de 4t d&#8217;ESO ha participat en el taller sobre comunicaci\u00f3 &#8220;Del jerogl\u00edfic al whatsapp&#8221;, organitzat pel Caixaf\u00f2rum, i ha aprofitat la sortida per visitar l&#8217;exposici\u00f3 &#8220;Les m\u00fasiques a l&#8217;antiguitat&#8221;.<\/p>\n","protected":false},"author":5,"featured_media":3201,"comment_status":"open","ping_status":"closed","sticky":false,"template":"","format":"standard","meta":{"_bbp_topic_count":0,"_bbp_reply_count":0,"_bbp_total_topic_count":0,"_bbp_total_reply_count":0,"_bbp_voice_count":0,"_bbp_anonymous_reply_count":0,"_bbp_topic_count_hidden":0,"_bbp_reply_count_hidden":0,"_bbp_forum_subforum_count":0,"footnotes":""},"categories":[1,29],"tags":[],"class_list":["post-3202","post","type-post","status-publish","format-standard","has-post-thumbnail","hentry","category-general","category-portada"],"post_mailing_queue_ids":[],"_links":{"self":[{"href":"https:\/\/agora.xtec.cat\/ieslaromanica\/wp-json\/wp\/v2\/posts\/3202","targetHints":{"allow":["GET"]}}],"collection":[{"href":"https:\/\/agora.xtec.cat\/ieslaromanica\/wp-json\/wp\/v2\/posts"}],"about":[{"href":"https:\/\/agora.xtec.cat\/ieslaromanica\/wp-json\/wp\/v2\/types\/post"}],"author":[{"embeddable":true,"href":"https:\/\/agora.xtec.cat\/ieslaromanica\/wp-json\/wp\/v2\/users\/5"}],"replies":[{"embeddable":true,"href":"https:\/\/agora.xtec.cat\/ieslaromanica\/wp-json\/wp\/v2\/comments?post=3202"}],"version-history":[{"count":1,"href":"https:\/\/agora.xtec.cat\/ieslaromanica\/wp-json\/wp\/v2\/posts\/3202\/revisions"}],"predecessor-version":[{"id":3203,"href":"https:\/\/agora.xtec.cat\/ieslaromanica\/wp-json\/wp\/v2\/posts\/3202\/revisions\/3203"}],"wp:featuredmedia":[{"embeddable":true,"href":"https:\/\/agora.xtec.cat\/ieslaromanica\/wp-json\/wp\/v2\/media\/3201"}],"wp:attachment":[{"href":"https:\/\/agora.xtec.cat\/ieslaromanica\/wp-json\/wp\/v2\/media?parent=3202"}],"wp:term":[{"taxonomy":"category","embeddable":true,"href":"https:\/\/agora.xtec.cat\/ieslaromanica\/wp-json\/wp\/v2\/categories?post=3202"},{"taxonomy":"post_tag","embeddable":true,"href":"https:\/\/agora.xtec.cat\/ieslaromanica\/wp-json\/wp\/v2\/tags?post=3202"}],"curies":[{"name":"wp","href":"https:\/\/api.w.org\/{rel}","templated":true}]}}