{"id":3191,"date":"2018-03-15T11:32:52","date_gmt":"2018-03-15T10:32:52","guid":{"rendered":"http:\/\/agora.xtec.cat\/ieslaromanica\/?p=3191"},"modified":"2018-03-15T13:13:55","modified_gmt":"2018-03-15T12:13:55","slug":"tallers-descriptura-creativa-al-caixaforum","status":"publish","type":"post","link":"https:\/\/agora.xtec.cat\/ieslaromanica\/general\/tallers-descriptura-creativa-al-caixaforum\/","title":{"rendered":"Tallers d&#8217;escriptura creativa al Caixaf\u00f2rum"},"content":{"rendered":"<p><a href=\"http:\/\/agora.xtec.cat\/ieslaromanica\/wp-content\/uploads\/usu857\/2018\/03\/IMG-7090.jpg\"><img loading=\"lazy\" decoding=\"async\" class=\"wp-image-3192 aligncenter\" src=\"http:\/\/agora.xtec.cat\/ieslaromanica\/wp-content\/uploads\/usu857\/2018\/03\/IMG-7090-1024x768.jpg\" alt=\"\" width=\"368\" height=\"276\" srcset=\"https:\/\/agora.xtec.cat\/ieslaromanica\/wp-content\/uploads\/usu857\/2018\/03\/IMG-7090-1024x768.jpg 1024w, https:\/\/agora.xtec.cat\/ieslaromanica\/wp-content\/uploads\/usu857\/2018\/03\/IMG-7090-300x225.jpg 300w, https:\/\/agora.xtec.cat\/ieslaromanica\/wp-content\/uploads\/usu857\/2018\/03\/IMG-7090-768x576.jpg 768w, https:\/\/agora.xtec.cat\/ieslaromanica\/wp-content\/uploads\/usu857\/2018\/03\/IMG-7090-200x150.jpg 200w\" sizes=\"auto, (max-width: 368px) 100vw, 368px\" \/><\/a><\/p>\n<p>Com cada any, l&#8217;alumnat de 3r ha visitat el Caixaf\u00f2rum per fer un taller d&#8217;escriptura creativa en catal\u00e0 i ha visitat l&#8217;exposici\u00f3 Agon, sobre l&#8217;esport a l&#8217;antiga Gr\u00e8cia. Esperem que els resultats es notin en els concursos literaris de Sant Jordi i del Castell de Barber\u00e0!<\/p>\n","protected":false},"excerpt":{"rendered":"<p><a href=\"http:\/\/agora.xtec.cat\/ieslaromanica\/wp-content\/uploads\/usu857\/2018\/03\/IMG-7090.jpg\"><\/a><br \/>\nCom cada any, l&#8217;alumnat de 3r ha visitat el Caixaf\u00f2rum per fer un taller d&#8217;escriptura creativa en catal\u00e0 i ha visitat l&#8217;exposici\u00f3 Agon, sobre l&#8217;esport a l&#8217;antiga Gr\u00e8cia. Esperem que els resultats es notin en els concursos literaris de Sant Jordi i del Castell&hellip;  <a href=\"https:\/\/agora.xtec.cat\/ieslaromanica\/general\/tallers-descriptura-creativa-al-caixaforum\/\" title=\"Read Tallers d&#8217;escriptura creativa al Caixaf\u00f2rum\">Llegeix m\u00e9s\u00bb<\/a><\/p>\n","protected":false},"author":5,"featured_media":3197,"comment_status":"open","ping_status":"closed","sticky":false,"template":"","format":"standard","meta":{"_bbp_topic_count":0,"_bbp_reply_count":0,"_bbp_total_topic_count":0,"_bbp_total_reply_count":0,"_bbp_voice_count":0,"_bbp_anonymous_reply_count":0,"_bbp_topic_count_hidden":0,"_bbp_reply_count_hidden":0,"_bbp_forum_subforum_count":0,"footnotes":""},"categories":[1,29],"tags":[],"class_list":["post-3191","post","type-post","status-publish","format-standard","has-post-thumbnail","hentry","category-general","category-portada"],"post_mailing_queue_ids":[],"_links":{"self":[{"href":"https:\/\/agora.xtec.cat\/ieslaromanica\/wp-json\/wp\/v2\/posts\/3191","targetHints":{"allow":["GET"]}}],"collection":[{"href":"https:\/\/agora.xtec.cat\/ieslaromanica\/wp-json\/wp\/v2\/posts"}],"about":[{"href":"https:\/\/agora.xtec.cat\/ieslaromanica\/wp-json\/wp\/v2\/types\/post"}],"author":[{"embeddable":true,"href":"https:\/\/agora.xtec.cat\/ieslaromanica\/wp-json\/wp\/v2\/users\/5"}],"replies":[{"embeddable":true,"href":"https:\/\/agora.xtec.cat\/ieslaromanica\/wp-json\/wp\/v2\/comments?post=3191"}],"version-history":[{"count":2,"href":"https:\/\/agora.xtec.cat\/ieslaromanica\/wp-json\/wp\/v2\/posts\/3191\/revisions"}],"predecessor-version":[{"id":3195,"href":"https:\/\/agora.xtec.cat\/ieslaromanica\/wp-json\/wp\/v2\/posts\/3191\/revisions\/3195"}],"wp:featuredmedia":[{"embeddable":true,"href":"https:\/\/agora.xtec.cat\/ieslaromanica\/wp-json\/wp\/v2\/media\/3197"}],"wp:attachment":[{"href":"https:\/\/agora.xtec.cat\/ieslaromanica\/wp-json\/wp\/v2\/media?parent=3191"}],"wp:term":[{"taxonomy":"category","embeddable":true,"href":"https:\/\/agora.xtec.cat\/ieslaromanica\/wp-json\/wp\/v2\/categories?post=3191"},{"taxonomy":"post_tag","embeddable":true,"href":"https:\/\/agora.xtec.cat\/ieslaromanica\/wp-json\/wp\/v2\/tags?post=3191"}],"curies":[{"name":"wp","href":"https:\/\/api.w.org\/{rel}","templated":true}]}}