{"id":3185,"date":"2018-03-15T11:13:35","date_gmt":"2018-03-15T10:13:35","guid":{"rendered":"http:\/\/agora.xtec.cat\/ieslaromanica\/?p=3185"},"modified":"2018-03-15T13:13:13","modified_gmt":"2018-03-15T12:13:13","slug":"tallers-tocats-de-literatura-a-la-uab","status":"publish","type":"post","link":"https:\/\/agora.xtec.cat\/ieslaromanica\/general\/tallers-tocats-de-literatura-a-la-uab\/","title":{"rendered":"Tallers &#8220;Tocats de literatura&#8221; a la UAB"},"content":{"rendered":"<p style=\"text-align: justify;\"><a href=\"http:\/\/agora.xtec.cat\/ieslaromanica\/wp-content\/uploads\/usu857\/2014\/09\/IMG-6835-1.jpg\"><img loading=\"lazy\" decoding=\"async\" class=\"alignnone wp-image-3176 aligncenter\" src=\"http:\/\/agora.xtec.cat\/ieslaromanica\/wp-content\/uploads\/usu857\/2014\/09\/IMG-6835-1-1024x768.jpg\" alt=\"\" width=\"457\" height=\"343\" srcset=\"https:\/\/agora.xtec.cat\/ieslaromanica\/wp-content\/uploads\/usu857\/2014\/09\/IMG-6835-1-1024x768.jpg 1024w, https:\/\/agora.xtec.cat\/ieslaromanica\/wp-content\/uploads\/usu857\/2014\/09\/IMG-6835-1-300x225.jpg 300w, https:\/\/agora.xtec.cat\/ieslaromanica\/wp-content\/uploads\/usu857\/2014\/09\/IMG-6835-1-768x576.jpg 768w, https:\/\/agora.xtec.cat\/ieslaromanica\/wp-content\/uploads\/usu857\/2014\/09\/IMG-6835-1-200x150.jpg 200w\" sizes=\"auto, (max-width: 457px) 100vw, 457px\" \/><\/a><\/p>\n<p style=\"text-align: justify;\">Amb el prop\u00f2sit de potenciar l&#8217;inter\u00e8s per la literatura catalana entre l&#8217;alumnat de Batxillerat i enfortir els vincles entre el\u00a0<a href=\"http:\/\/filescat.uab.cat\/filcat\/\">Departament de Filologia Catalana<\/a>\u00a0de la Universitat Aut\u00f2noma de Barcelona i el professorat i l&#8217;alumnat de secund\u00e0ria, conjuntament amb el Programa Arg\u00f3 de l&#8217;Institut de Ci\u00e8ncies de l&#8217;Educaci\u00f3, l&#8217;alumnat de Literatura Catalana i Literatura Universal va la\u00a0 participar en la Jornada &#8220;Tocats de literatura&#8221;, que es va desenvolupar a la Facultat de Filosofia i Lletres el 15 de desembre de 2017, de les 9.30 a les 14 h.<\/p>\n","protected":false},"excerpt":{"rendered":"<p><a href=\"http:\/\/agora.xtec.cat\/ieslaromanica\/wp-content\/uploads\/usu857\/2014\/09\/IMG-6835-1.jpg\"><\/a><br \/>\nAmb el prop\u00f2sit de potenciar l&#8217;inter\u00e8s per la literatura catalana entre l&#8217;alumnat de Batxillerat i enfortir els vincles entre el\u00a0<a href=\"http:\/\/filescat.uab.cat\/filcat\/\">Departament de Filologia Catalana<\/a>\u00a0de la Universitat Aut\u00f2noma de Barcelona i el professorat i l&#8217;alumnat de secund\u00e0ria, conjuntament amb el Programa Arg\u00f3 de l&#8217;Institut de&hellip;  <a href=\"https:\/\/agora.xtec.cat\/ieslaromanica\/general\/tallers-tocats-de-literatura-a-la-uab\/\" title=\"Read Tallers &#8220;Tocats de literatura&#8221; a la UAB\">Llegeix m\u00e9s\u00bb<\/a><\/p>\n","protected":false},"author":5,"featured_media":3176,"comment_status":"closed","ping_status":"closed","sticky":false,"template":"","format":"standard","meta":{"_bbp_topic_count":0,"_bbp_reply_count":0,"_bbp_total_topic_count":0,"_bbp_total_reply_count":0,"_bbp_voice_count":0,"_bbp_anonymous_reply_count":0,"_bbp_topic_count_hidden":0,"_bbp_reply_count_hidden":0,"_bbp_forum_subforum_count":0,"footnotes":""},"categories":[8,1,29],"tags":[86,193],"class_list":["post-3185","post","type-post","status-publish","format-standard","has-post-thumbnail","hentry","category-batxillerat","category-general","category-portada","tag-departament-catala","tag-uab"],"post_mailing_queue_ids":[],"_links":{"self":[{"href":"https:\/\/agora.xtec.cat\/ieslaromanica\/wp-json\/wp\/v2\/posts\/3185","targetHints":{"allow":["GET"]}}],"collection":[{"href":"https:\/\/agora.xtec.cat\/ieslaromanica\/wp-json\/wp\/v2\/posts"}],"about":[{"href":"https:\/\/agora.xtec.cat\/ieslaromanica\/wp-json\/wp\/v2\/types\/post"}],"author":[{"embeddable":true,"href":"https:\/\/agora.xtec.cat\/ieslaromanica\/wp-json\/wp\/v2\/users\/5"}],"replies":[{"embeddable":true,"href":"https:\/\/agora.xtec.cat\/ieslaromanica\/wp-json\/wp\/v2\/comments?post=3185"}],"version-history":[{"count":3,"href":"https:\/\/agora.xtec.cat\/ieslaromanica\/wp-json\/wp\/v2\/posts\/3185\/revisions"}],"predecessor-version":[{"id":3207,"href":"https:\/\/agora.xtec.cat\/ieslaromanica\/wp-json\/wp\/v2\/posts\/3185\/revisions\/3207"}],"wp:featuredmedia":[{"embeddable":true,"href":"https:\/\/agora.xtec.cat\/ieslaromanica\/wp-json\/wp\/v2\/media\/3176"}],"wp:attachment":[{"href":"https:\/\/agora.xtec.cat\/ieslaromanica\/wp-json\/wp\/v2\/media?parent=3185"}],"wp:term":[{"taxonomy":"category","embeddable":true,"href":"https:\/\/agora.xtec.cat\/ieslaromanica\/wp-json\/wp\/v2\/categories?post=3185"},{"taxonomy":"post_tag","embeddable":true,"href":"https:\/\/agora.xtec.cat\/ieslaromanica\/wp-json\/wp\/v2\/tags?post=3185"}],"curies":[{"name":"wp","href":"https:\/\/api.w.org\/{rel}","templated":true}]}}