{"id":3016,"date":"2018-02-22T23:08:18","date_gmt":"2018-02-22T22:08:18","guid":{"rendered":"http:\/\/agora.xtec.cat\/ieslaromanica\/?p=3016"},"modified":"2018-02-23T07:49:34","modified_gmt":"2018-02-23T06:49:34","slug":"visita-al-crag","status":"publish","type":"post","link":"https:\/\/agora.xtec.cat\/ieslaromanica\/general\/visita-al-crag\/","title":{"rendered":"Visita al CRAG"},"content":{"rendered":"<p>Alumnes i professors del CFGS de Laboratori d&#8217;An\u00e0lisi i de Control de Qualitat hem anat de visita al\u00a0Center for Research\u00a0in Agricultural Genomics (CRAG), de la m\u00e0 del gran David Caparr\u00f3s, investigador d&#8217;aquest centre.<\/p>\n<p>Impressionant tot el treball que realitzen al CRAG per con\u00e8ixer el funcionament de les plantes i aix\u00ed poder millorar-les per fer molt m\u00e9s eficient l&#8217;agricultura.<\/p>\n<p>Podem constatar que hi ha molta m\u00e9s tecnologia en una panotxa de blat de moro que en un iPhone.<\/p>\n<p>Pr\u00f2ximament tindrem al David Caparr\u00f3s de nou al nostre institut i esperem tenir-lo tamb\u00e9 per les Jornades T\u00e8cniques.<\/p>\n<p><a href=\"http:\/\/agora.xtec.cat\/ieslaromanica\/wp-content\/uploads\/usu857\/2018\/02\/IMG-20180221-WA0007.jpg\"><img loading=\"lazy\" decoding=\"async\" class=\"alignnone size-large wp-image-3033\" src=\"http:\/\/agora.xtec.cat\/ieslaromanica\/wp-content\/uploads\/usu857\/2018\/02\/IMG-20180221-WA0007-1024x614.jpg\" alt=\"\" width=\"1024\" height=\"614\" srcset=\"https:\/\/agora.xtec.cat\/ieslaromanica\/wp-content\/uploads\/usu857\/2018\/02\/IMG-20180221-WA0007-1024x614.jpg 1024w, https:\/\/agora.xtec.cat\/ieslaromanica\/wp-content\/uploads\/usu857\/2018\/02\/IMG-20180221-WA0007-300x180.jpg 300w, https:\/\/agora.xtec.cat\/ieslaromanica\/wp-content\/uploads\/usu857\/2018\/02\/IMG-20180221-WA0007-768x461.jpg 768w, https:\/\/agora.xtec.cat\/ieslaromanica\/wp-content\/uploads\/usu857\/2018\/02\/IMG-20180221-WA0007.jpg 1600w\" sizes=\"auto, (max-width: 1024px) 100vw, 1024px\" \/><\/a><\/p>\n","protected":false},"excerpt":{"rendered":"<p>Alumnes i professors del CFGS de Laboratori d&#8217;An\u00e0lisi i de Control de Qualitat hem anat de visita al\u00a0Center for Research\u00a0in Agricultural Genomics (CRAG), de la m\u00e0 del gran David Caparr\u00f3s, investigador d&#8217;aquest centre.<br \/>\nImpressionant tot el treball que realitzen al CRAG per con\u00e8ixer el funcionament de&hellip;  <a href=\"https:\/\/agora.xtec.cat\/ieslaromanica\/general\/visita-al-crag\/\" title=\"Read Visita al CRAG\">Llegeix m\u00e9s\u00bb<\/a><\/p>\n","protected":false},"author":35,"featured_media":3033,"comment_status":"open","ping_status":"closed","sticky":false,"template":"","format":"standard","meta":{"_bbp_topic_count":0,"_bbp_reply_count":0,"_bbp_total_topic_count":0,"_bbp_total_reply_count":0,"_bbp_voice_count":0,"_bbp_anonymous_reply_count":0,"_bbp_topic_count_hidden":0,"_bbp_reply_count_hidden":0,"_bbp_forum_subforum_count":0,"footnotes":""},"categories":[30,1,29],"tags":[],"class_list":["post-3016","post","type-post","status-publish","format-standard","has-post-thumbnail","hentry","category-cicles-formatius","category-general","category-portada"],"post_mailing_queue_ids":[],"_links":{"self":[{"href":"https:\/\/agora.xtec.cat\/ieslaromanica\/wp-json\/wp\/v2\/posts\/3016","targetHints":{"allow":["GET"]}}],"collection":[{"href":"https:\/\/agora.xtec.cat\/ieslaromanica\/wp-json\/wp\/v2\/posts"}],"about":[{"href":"https:\/\/agora.xtec.cat\/ieslaromanica\/wp-json\/wp\/v2\/types\/post"}],"author":[{"embeddable":true,"href":"https:\/\/agora.xtec.cat\/ieslaromanica\/wp-json\/wp\/v2\/users\/35"}],"replies":[{"embeddable":true,"href":"https:\/\/agora.xtec.cat\/ieslaromanica\/wp-json\/wp\/v2\/comments?post=3016"}],"version-history":[{"count":2,"href":"https:\/\/agora.xtec.cat\/ieslaromanica\/wp-json\/wp\/v2\/posts\/3016\/revisions"}],"predecessor-version":[{"id":3034,"href":"https:\/\/agora.xtec.cat\/ieslaromanica\/wp-json\/wp\/v2\/posts\/3016\/revisions\/3034"}],"wp:featuredmedia":[{"embeddable":true,"href":"https:\/\/agora.xtec.cat\/ieslaromanica\/wp-json\/wp\/v2\/media\/3033"}],"wp:attachment":[{"href":"https:\/\/agora.xtec.cat\/ieslaromanica\/wp-json\/wp\/v2\/media?parent=3016"}],"wp:term":[{"taxonomy":"category","embeddable":true,"href":"https:\/\/agora.xtec.cat\/ieslaromanica\/wp-json\/wp\/v2\/categories?post=3016"},{"taxonomy":"post_tag","embeddable":true,"href":"https:\/\/agora.xtec.cat\/ieslaromanica\/wp-json\/wp\/v2\/tags?post=3016"}],"curies":[{"name":"wp","href":"https:\/\/api.w.org\/{rel}","templated":true}]}}