{"id":2983,"date":"2018-02-21T23:19:03","date_gmt":"2018-02-21T22:19:03","guid":{"rendered":"http:\/\/agora.xtec.cat\/ieslaromanica\/?p=2983"},"modified":"2018-02-22T11:24:02","modified_gmt":"2018-02-22T10:24:02","slug":"leducacio-per-a-la-fabrica-del-futur","status":"publish","type":"post","link":"https:\/\/agora.xtec.cat\/ieslaromanica\/general\/leducacio-per-a-la-fabrica-del-futur\/","title":{"rendered":"L\u2019educaci\u00f3 per a la f\u00e0brica del futur"},"content":{"rendered":"<p style=\"text-align: justify;\">La formaci\u00f3 es molt important a l\u2019ensenyament, per aix\u00f2 el passat dia 1 de febrer els professors de Cicles Formatius de l\u2019INS La Rom\u00e0nica\u00a0participaren a la Jornada de l\u2019educaci\u00f3 per a la f\u00e0brica del futur. Aquesta jornada est\u00e0 organitzada per Festo, una firma referent en el mon de l\u2019automatitzaci\u00f3.<\/p>\n<p style=\"text-align: justify;\">En aquesta jornada es van tractar q\u00fcestions tan interessants com ara el paper del formador en la industria 4.0, la import\u00e0ncia de la formaci\u00f3 del formador, les aptituds i actituds necess\u00e0ries de l\u2019alumnat i formador o la ciberseguretat.<\/p>\n<p style=\"text-align: justify;\">Es va finalitzar amb tres sessions did\u00e0ctiques: un an\u00e0lisi de la creaci\u00f3 d\u2019un aula 4.0, un taller on s\u2019exposaren els elements clau de la f\u00e0brica del futur i una demostraci\u00f3 i pr\u00e0ctica dels equipaments de la industria 4.0.<\/p>\n<p style=\"text-align: justify;\">Finalment es va realitzar un networking que va ser molt interessant on s\u2019intercanviaren experi\u00e8ncies i impressions al voltant dels temes tractats a la jornada.<\/p>\n<p style=\"text-align: justify;\">Article de Meritxell Notari<\/p>\n<p style=\"text-align: justify;\">\u00a0<a href=\"http:\/\/agora.xtec.cat\/ieslaromanica\/wp-content\/uploads\/usu857\/2018\/02\/Festo.jpg.jpg\"><img loading=\"lazy\" decoding=\"async\" class=\"alignnone size-large wp-image-2985\" src=\"http:\/\/agora.xtec.cat\/ieslaromanica\/wp-content\/uploads\/usu857\/2018\/02\/Festo.jpg-1024x599.jpg\" alt=\"\" width=\"1024\" height=\"599\" srcset=\"https:\/\/agora.xtec.cat\/ieslaromanica\/wp-content\/uploads\/usu857\/2018\/02\/Festo.jpg-1024x599.jpg 1024w, https:\/\/agora.xtec.cat\/ieslaromanica\/wp-content\/uploads\/usu857\/2018\/02\/Festo.jpg-300x175.jpg 300w, https:\/\/agora.xtec.cat\/ieslaromanica\/wp-content\/uploads\/usu857\/2018\/02\/Festo.jpg-768x449.jpg 768w\" sizes=\"auto, (max-width: 1024px) 100vw, 1024px\" \/><\/a><\/p>\n","protected":false},"excerpt":{"rendered":"<p>La formaci\u00f3 es molt important a l\u2019ensenyament, per aix\u00f2 el passat dia 1 de febrer els professors de Cicles Formatius de l\u2019INS La Rom\u00e0nica\u00a0participaren a la Jornada de l\u2019educaci\u00f3 per a la f\u00e0brica del futur. Aquesta jornada est\u00e0 organitzada per Festo, una firma referent en&hellip;  <a href=\"https:\/\/agora.xtec.cat\/ieslaromanica\/general\/leducacio-per-a-la-fabrica-del-futur\/\" title=\"Read L\u2019educaci\u00f3 per a la f\u00e0brica del futur\">Llegeix m\u00e9s\u00bb<\/a><\/p>\n","protected":false},"author":35,"featured_media":2985,"comment_status":"open","ping_status":"closed","sticky":false,"template":"","format":"standard","meta":{"_bbp_topic_count":0,"_bbp_reply_count":0,"_bbp_total_topic_count":0,"_bbp_total_reply_count":0,"_bbp_voice_count":0,"_bbp_anonymous_reply_count":0,"_bbp_topic_count_hidden":0,"_bbp_reply_count_hidden":0,"_bbp_forum_subforum_count":0,"footnotes":""},"categories":[30,1,29],"tags":[],"class_list":["post-2983","post","type-post","status-publish","format-standard","has-post-thumbnail","hentry","category-cicles-formatius","category-general","category-portada"],"post_mailing_queue_ids":[],"_links":{"self":[{"href":"https:\/\/agora.xtec.cat\/ieslaromanica\/wp-json\/wp\/v2\/posts\/2983","targetHints":{"allow":["GET"]}}],"collection":[{"href":"https:\/\/agora.xtec.cat\/ieslaromanica\/wp-json\/wp\/v2\/posts"}],"about":[{"href":"https:\/\/agora.xtec.cat\/ieslaromanica\/wp-json\/wp\/v2\/types\/post"}],"author":[{"embeddable":true,"href":"https:\/\/agora.xtec.cat\/ieslaromanica\/wp-json\/wp\/v2\/users\/35"}],"replies":[{"embeddable":true,"href":"https:\/\/agora.xtec.cat\/ieslaromanica\/wp-json\/wp\/v2\/comments?post=2983"}],"version-history":[{"count":3,"href":"https:\/\/agora.xtec.cat\/ieslaromanica\/wp-json\/wp\/v2\/posts\/2983\/revisions"}],"predecessor-version":[{"id":3015,"href":"https:\/\/agora.xtec.cat\/ieslaromanica\/wp-json\/wp\/v2\/posts\/2983\/revisions\/3015"}],"wp:featuredmedia":[{"embeddable":true,"href":"https:\/\/agora.xtec.cat\/ieslaromanica\/wp-json\/wp\/v2\/media\/2985"}],"wp:attachment":[{"href":"https:\/\/agora.xtec.cat\/ieslaromanica\/wp-json\/wp\/v2\/media?parent=2983"}],"wp:term":[{"taxonomy":"category","embeddable":true,"href":"https:\/\/agora.xtec.cat\/ieslaromanica\/wp-json\/wp\/v2\/categories?post=2983"},{"taxonomy":"post_tag","embeddable":true,"href":"https:\/\/agora.xtec.cat\/ieslaromanica\/wp-json\/wp\/v2\/tags?post=2983"}],"curies":[{"name":"wp","href":"https:\/\/api.w.org\/{rel}","templated":true}]}}