{"id":2953,"date":"2018-02-15T20:11:08","date_gmt":"2018-02-15T19:11:08","guid":{"rendered":"http:\/\/agora.xtec.cat\/ieslaromanica\/?p=2953"},"modified":"2018-02-15T20:11:08","modified_gmt":"2018-02-15T19:11:08","slug":"preparant-la-ii-fira-de-la-formacio-professional","status":"publish","type":"post","link":"https:\/\/agora.xtec.cat\/ieslaromanica\/general\/preparant-la-ii-fira-de-la-formacio-professional\/","title":{"rendered":"Preparant la II Fira de la Formaci\u00f3 Professional"},"content":{"rendered":"<p>A Sabadell es celebrar\u00e0 la Segona Fira de la Formaci\u00f3 Professional els dies 1, 2 i 3 de mar\u00e7 i ja estem els professors de Cicles de la Rom\u00e0nica preparant els tallers que farem all\u00e0.<\/p>\n<p>Gran classe pr\u00e0ctica de cata de cervesa i esferificaci\u00f3 per par tel gran Rafa Pardo. Dir que hem patit molt\u00edssim durant aquesta classe<\/p>\n\n","protected":false},"excerpt":{"rendered":"<p>A Sabadell es celebrar\u00e0 la Segona Fira de la Formaci\u00f3 Professional els dies 1, 2 i 3 de mar\u00e7 i ja estem els professors de Cicles de la Rom\u00e0nica preparant els tallers que farem all\u00e0.<br \/>\nGran classe pr\u00e0ctica de cata de cervesa i esferificaci\u00f3 per par&hellip;  <a href=\"https:\/\/agora.xtec.cat\/ieslaromanica\/general\/preparant-la-ii-fira-de-la-formacio-professional\/\" title=\"Read Preparant la II Fira de la Formaci\u00f3 Professional\">Llegeix m\u00e9s\u00bb<\/a><\/p>\n","protected":false},"author":35,"featured_media":2943,"comment_status":"open","ping_status":"closed","sticky":false,"template":"","format":"standard","meta":{"_bbp_topic_count":0,"_bbp_reply_count":0,"_bbp_total_topic_count":0,"_bbp_total_reply_count":0,"_bbp_voice_count":0,"_bbp_anonymous_reply_count":0,"_bbp_topic_count_hidden":0,"_bbp_reply_count_hidden":0,"_bbp_forum_subforum_count":0,"footnotes":""},"categories":[30,1,29],"tags":[],"class_list":["post-2953","post","type-post","status-publish","format-standard","has-post-thumbnail","hentry","category-cicles-formatius","category-general","category-portada"],"post_mailing_queue_ids":[],"_links":{"self":[{"href":"https:\/\/agora.xtec.cat\/ieslaromanica\/wp-json\/wp\/v2\/posts\/2953","targetHints":{"allow":["GET"]}}],"collection":[{"href":"https:\/\/agora.xtec.cat\/ieslaromanica\/wp-json\/wp\/v2\/posts"}],"about":[{"href":"https:\/\/agora.xtec.cat\/ieslaromanica\/wp-json\/wp\/v2\/types\/post"}],"author":[{"embeddable":true,"href":"https:\/\/agora.xtec.cat\/ieslaromanica\/wp-json\/wp\/v2\/users\/35"}],"replies":[{"embeddable":true,"href":"https:\/\/agora.xtec.cat\/ieslaromanica\/wp-json\/wp\/v2\/comments?post=2953"}],"version-history":[{"count":1,"href":"https:\/\/agora.xtec.cat\/ieslaromanica\/wp-json\/wp\/v2\/posts\/2953\/revisions"}],"predecessor-version":[{"id":2954,"href":"https:\/\/agora.xtec.cat\/ieslaromanica\/wp-json\/wp\/v2\/posts\/2953\/revisions\/2954"}],"wp:featuredmedia":[{"embeddable":true,"href":"https:\/\/agora.xtec.cat\/ieslaromanica\/wp-json\/wp\/v2\/media\/2943"}],"wp:attachment":[{"href":"https:\/\/agora.xtec.cat\/ieslaromanica\/wp-json\/wp\/v2\/media?parent=2953"}],"wp:term":[{"taxonomy":"category","embeddable":true,"href":"https:\/\/agora.xtec.cat\/ieslaromanica\/wp-json\/wp\/v2\/categories?post=2953"},{"taxonomy":"post_tag","embeddable":true,"href":"https:\/\/agora.xtec.cat\/ieslaromanica\/wp-json\/wp\/v2\/tags?post=2953"}],"curies":[{"name":"wp","href":"https:\/\/api.w.org\/{rel}","templated":true}]}}