{"id":26798,"date":"2026-09-02T11:18:02","date_gmt":"2026-09-02T09:18:02","guid":{"rendered":"https:\/\/agora.xtec.cat\/ieslaromanica\/?p=26798"},"modified":"2026-09-02T11:20:19","modified_gmt":"2026-09-02T09:20:19","slug":"cua-virtual-fp","status":"publish","type":"post","link":"https:\/\/agora.xtec.cat\/ieslaromanica\/general\/cua-virtual-fp\/","title":{"rendered":"CUA VIRTUAL &#8211; PLACES VACANTS D\u2019FP"},"content":{"rendered":"\n<h3 class=\"wp-block-heading\">Places Vacants Formaci\u00f3 Professional &#8211; Setembre 2026<\/h3>\n\n\n\n<h2 class=\"wp-block-heading\">\u23f1\ufe0f <mark style=\"background-color:rgba(0, 0, 0, 0)\" class=\"has-inline-color has-ast-global-color-0-color\">Cua Virtual<\/mark><br><\/h2>\n\n\n\n<p id=\"block-32b8584d-db4d-40c4-8eb7-e1b96e0ee300\">Si est\u00e0s interessat\/ada en alguna de les places vacants de Formaci\u00f3 Professional del nostre centre, haur\u00e0s d\u2019inscriure\u2019t a la cua virtual.<br><br>\ud83d\udcc5 <strong>S\u2019obrir\u00e0 el 7 de setembre de 2026 \u23f0 De 09.00 a 23.59 h<\/strong><br>La cua virtual \u00e9s \u00fanica per al centre per a cada tipus d\u2019ensenyament (grau mitj\u00e0 i grau superior) i no hi ha una cua diferenciada per a cada cicle.<br>L\u2019atenci\u00f3 es far\u00e0 per estricte ordre d\u2019inscripci\u00f3 a la cua. La posici\u00f3 que ocupis determinar\u00e0 l\u2019ordre en qu\u00e8 et contactarem. Estar a la cua no garanteix que obtinguis una pla\u00e7a, ja que aquesta dependr\u00e0 de les places disponibles.<br><br>\ud83d\udcde <strong>A partir del 8 de setembre<\/strong><br>A partir del 8 de setembre, el centre es posar\u00e0 en contacte amb les persones inscrites seguint l\u2019ordre de la cua per informar-les de les places disponibles i con\u00e8ixer quin cicle formatiu els interessa.<br>L\u2019adjudicaci\u00f3 dependr\u00e0 de les places vacants disponibles en aquell moment.<br><br>\ud83d\udc47 <strong>ACCEDEIX A LA CUA VIRTUA<\/strong>L<br><br><a href=\"https:\/\/aplicacions.gestioeducativa.gencat.cat\/ords\/pls\/apex\/f?p=20160079072543618:650:::NO:650:P650_CENTRE:279FAC2BAF61F115F20A80566125EB5AEBF18077B458F4C6\"><mark>CUA VIRTUAL<\/mark><\/a><br><br><strong>Recorda:<\/strong> <em>Aquest enlla\u00e7 estar\u00e0 actiu el 7 de setembre de 2026, de 09.00 a 23.59 h<\/em><\/p>\n\n\n\n<p><\/p>\n","protected":false},"excerpt":{"rendered":"<p>Est\u00e0s interessat\/ada en alguna de les places vacants de Formaci\u00f3 Professional del nostre centre? Inscriu-te a la CUA VIRTUAL!<\/p>\n","protected":false},"author":37,"featured_media":26800,"comment_status":"open","ping_status":"open","sticky":false,"template":"","format":"standard","meta":{"_bbp_topic_count":0,"_bbp_reply_count":0,"_bbp_total_topic_count":0,"_bbp_total_reply_count":0,"_bbp_voice_count":0,"_bbp_anonymous_reply_count":0,"_bbp_topic_count_hidden":0,"_bbp_reply_count_hidden":0,"_bbp_forum_subforum_count":0,"site-sidebar-layout":"default","site-content-layout":"","ast-site-content-layout":"default","site-content-style":"default","site-sidebar-style":"default","ast-global-header-display":"","ast-banner-title-visibility":"","ast-main-header-display":"","ast-hfb-above-header-display":"","ast-hfb-below-header-display":"","ast-hfb-mobile-header-display":"","site-post-title":"","ast-breadcrumbs-content":"","ast-featured-img":"","footer-sml-layout":"","theme-transparent-header-meta":"","adv-header-id-meta":"","stick-header-meta":"","header-above-stick-meta":"","header-main-stick-meta":"","header-below-stick-meta":"","astra-migrate-meta-layouts":"set","ast-page-background-enabled":"default","ast-page-background-meta":{"desktop":{"background-color":"var(--ast-global-color-4)","background-image":"","background-repeat":"repeat","background-position":"center center","background-size":"auto","background-attachment":"scroll","background-type":"","background-media":"","overlay-type":"","overlay-color":"","overlay-opacity":"","overlay-gradient":""},"tablet":{"background-color":"","background-image":"","background-repeat":"repeat","background-position":"center center","background-size":"auto","background-attachment":"scroll","background-type":"","background-media":"","overlay-type":"","overlay-color":"","overlay-opacity":"","overlay-gradient":""},"mobile":{"background-color":"","background-image":"","background-repeat":"repeat","background-position":"center center","background-size":"auto","background-attachment":"scroll","background-type":"","background-media":"","overlay-type":"","overlay-color":"","overlay-opacity":"","overlay-gradient":""}},"ast-content-background-meta":{"desktop":{"background-color":"var(--ast-global-color-5)","background-image":"","background-repeat":"repeat","background-position":"center center","background-size":"auto","background-attachment":"scroll","background-type":"","background-media":"","overlay-type":"","overlay-color":"","overlay-opacity":"","overlay-gradient":""},"tablet":{"background-color":"var(--ast-global-color-5)","background-image":"","background-repeat":"repeat","background-position":"center center","background-size":"auto","background-attachment":"scroll","background-type":"","background-media":"","overlay-type":"","overlay-color":"","overlay-opacity":"","overlay-gradient":""},"mobile":{"background-color":"var(--ast-global-color-5)","background-image":"","background-repeat":"repeat","background-position":"center center","background-size":"auto","background-attachment":"scroll","background-type":"","background-media":"","overlay-type":"","overlay-color":"","overlay-opacity":"","overlay-gradient":""}},"footnotes":""},"categories":[1],"tags":[],"class_list":["post-26798","post","type-post","status-publish","format-standard","has-post-thumbnail","hentry","category-general"],"post_mailing_queue_ids":[],"_links":{"self":[{"href":"https:\/\/agora.xtec.cat\/ieslaromanica\/wp-json\/wp\/v2\/posts\/26798","targetHints":{"allow":["GET"]}}],"collection":[{"href":"https:\/\/agora.xtec.cat\/ieslaromanica\/wp-json\/wp\/v2\/posts"}],"about":[{"href":"https:\/\/agora.xtec.cat\/ieslaromanica\/wp-json\/wp\/v2\/types\/post"}],"author":[{"embeddable":true,"href":"https:\/\/agora.xtec.cat\/ieslaromanica\/wp-json\/wp\/v2\/users\/37"}],"replies":[{"embeddable":true,"href":"https:\/\/agora.xtec.cat\/ieslaromanica\/wp-json\/wp\/v2\/comments?post=26798"}],"version-history":[{"count":6,"href":"https:\/\/agora.xtec.cat\/ieslaromanica\/wp-json\/wp\/v2\/posts\/26798\/revisions"}],"predecessor-version":[{"id":26805,"href":"https:\/\/agora.xtec.cat\/ieslaromanica\/wp-json\/wp\/v2\/posts\/26798\/revisions\/26805"}],"wp:featuredmedia":[{"embeddable":true,"href":"https:\/\/agora.xtec.cat\/ieslaromanica\/wp-json\/wp\/v2\/media\/26800"}],"wp:attachment":[{"href":"https:\/\/agora.xtec.cat\/ieslaromanica\/wp-json\/wp\/v2\/media?parent=26798"}],"wp:term":[{"taxonomy":"category","embeddable":true,"href":"https:\/\/agora.xtec.cat\/ieslaromanica\/wp-json\/wp\/v2\/categories?post=26798"},{"taxonomy":"post_tag","embeddable":true,"href":"https:\/\/agora.xtec.cat\/ieslaromanica\/wp-json\/wp\/v2\/tags?post=26798"}],"curies":[{"name":"wp","href":"https:\/\/api.w.org\/{rel}","templated":true}]}}