{"id":26138,"date":"2026-04-15T10:52:08","date_gmt":"2026-04-15T08:52:08","guid":{"rendered":"https:\/\/agora.xtec.cat\/ieslaromanica\/?p=26138"},"modified":"2026-04-10T10:56:26","modified_gmt":"2026-04-10T08:56:26","slug":"catalunya-radio-sinteressa-pel-projecte-de-cultura-popular-a-les-aules-de-linstitut-la-romanica","status":"publish","type":"post","link":"https:\/\/agora.xtec.cat\/ieslaromanica\/general\/catalunya-radio-sinteressa-pel-projecte-de-cultura-popular-a-les-aules-de-linstitut-la-romanica\/","title":{"rendered":"Catalunya R\u00e0dio s\u2019interessa pel projecte de cultura popular a les aules de l\u2019Institut La Rom\u00e0nica"},"content":{"rendered":"<p style=\"text-align: justify;\">Fa uns dies, a l\u2019<strong data-start=\"225\" data-end=\"249\">Institut La Rom\u00e0nica<\/strong> vam rebre la visita de <strong data-start=\"273\" data-end=\"292\">Catalunya R\u00e0dio<\/strong>, que es va entrevistar amb l\u2019<strong data-start=\"322\" data-end=\"331\">Adri\u00e0<\/strong> i amb diverses alumnes de <strong data-start=\"358\" data-end=\"370\">1r d\u2019ESO<\/strong> per con\u00e8ixer m\u00e9s a fons el nostre <strong data-start=\"405\" data-end=\"448\">projecte de cultura popular a les aules<\/strong>.<\/p>\n<p style=\"text-align: justify;\">Es tracta d\u2019un projecte capdavanter a nivell de pa\u00eds, que fa anys que impulsem des del centre i que, amb el pas del temps, ha anat demostrant la seva solidesa, la seva utilitat pedag\u00f2gica i la seva capacitat de projecci\u00f3 i continu\u00eftat. Els resultats obtinguts al llarg d\u2019aquests anys avalen clarament una iniciativa que ha esdevingut un element distintiu del nostre projecte educatiu.<\/p>\n<p style=\"text-align: justify;\">Durant la visita, amb l\u2019Adri\u00e0 es va poder parlar dels aspectes m\u00e9s t\u00e8cnics del projecte: els seus or\u00edgens, el seu desenvolupament, les possibilitats d\u2019aplicaci\u00f3 i la seva transferabilitat a altres centres, aix\u00ed com diversos resultats tangibles que mostren l\u2019impacte positiu de la proposta.<\/p>\n<p style=\"text-align: justify;\">Les entrevistes amb l\u2019alumnat van permetre compartir sensacions, experi\u00e8ncies i reflexions que confirmen el valor del projecte en el dia a dia del centre. Les alumnes van posar de manifest que la cultura popular esdev\u00e9 una porta d\u2019entrada molt valuosa al centre durant el primer curs, que les motiva, que afavoreix la vinculaci\u00f3 amb l\u2019institut i que, en molts casos, acaba sent una experi\u00e8ncia encara millor del que havien imaginat inicialment.<\/p>\n<p style=\"text-align: justify;\">Des de l\u2019Institut La Rom\u00e0nica, reivindiquem que la <strong data-start=\"1625\" data-end=\"1644\">cultura popular<\/strong> t\u00e9 un lloc innegable al nostre centre. No \u00e9s nom\u00e9s una eina per treballar continguts, sin\u00f3 tamb\u00e9 una manera de generar pertinen\u00e7a, vincles, motivaci\u00f3 i aprenentatges significatius.<\/p>\n<p style=\"text-align: justify;\">La visita de Catalunya R\u00e0dio suposa, tamb\u00e9, un reconeixement a una feina sostinguda en el temps i a un projecte que continua demostrant que la cultura popular pot ocupar un espai central dins l\u2019educaci\u00f3 i esdevenir una eina transformadora i d\u2019alt valor pedag\u00f2gic.<\/p>\n<p data-start=\"2092\" data-end=\"2209\" data-is-last-node=\"\" data-is-only-node=\"\"><a href=\"https:\/\/agora.xtec.cat\/ieslaromanica\/wp-content\/uploads\/usu857\/2026\/04\/WhatsApp-Image-2026-04-10-at-10.50.06-1.jpeg\"><img loading=\"lazy\" decoding=\"async\" class=\"size-large wp-image-26139 aligncenter\" src=\"https:\/\/agora.xtec.cat\/ieslaromanica\/wp-content\/uploads\/usu857\/2026\/04\/WhatsApp-Image-2026-04-10-at-10.50.06-1-768x1024.jpeg\" alt=\"\" width=\"768\" height=\"1024\" srcset=\"https:\/\/agora.xtec.cat\/ieslaromanica\/wp-content\/uploads\/usu857\/2026\/04\/WhatsApp-Image-2026-04-10-at-10.50.06-1-768x1024.jpeg 768w, https:\/\/agora.xtec.cat\/ieslaromanica\/wp-content\/uploads\/usu857\/2026\/04\/WhatsApp-Image-2026-04-10-at-10.50.06-1-225x300.jpeg 225w, https:\/\/agora.xtec.cat\/ieslaromanica\/wp-content\/uploads\/usu857\/2026\/04\/WhatsApp-Image-2026-04-10-at-10.50.06-1-1152x1536.jpeg 1152w, https:\/\/agora.xtec.cat\/ieslaromanica\/wp-content\/uploads\/usu857\/2026\/04\/WhatsApp-Image-2026-04-10-at-10.50.06-1.jpeg 1200w\" sizes=\"auto, (max-width: 768px) 100vw, 768px\" \/><\/a><\/p>\n<p data-start=\"2092\" data-end=\"2209\" data-is-last-node=\"\" data-is-only-node=\"\"><a href=\"https:\/\/agora.xtec.cat\/ieslaromanica\/wp-content\/uploads\/usu857\/2026\/04\/WhatsApp-Image-2026-04-10-at-10.26.23-4.jpeg\"><img loading=\"lazy\" decoding=\"async\" class=\"size-large wp-image-26141 aligncenter\" src=\"https:\/\/agora.xtec.cat\/ieslaromanica\/wp-content\/uploads\/usu857\/2026\/04\/WhatsApp-Image-2026-04-10-at-10.26.23-4-768x1024.jpeg\" alt=\"\" width=\"768\" height=\"1024\" srcset=\"https:\/\/agora.xtec.cat\/ieslaromanica\/wp-content\/uploads\/usu857\/2026\/04\/WhatsApp-Image-2026-04-10-at-10.26.23-4-768x1024.jpeg 768w, https:\/\/agora.xtec.cat\/ieslaromanica\/wp-content\/uploads\/usu857\/2026\/04\/WhatsApp-Image-2026-04-10-at-10.26.23-4-225x300.jpeg 225w, https:\/\/agora.xtec.cat\/ieslaromanica\/wp-content\/uploads\/usu857\/2026\/04\/WhatsApp-Image-2026-04-10-at-10.26.23-4-1152x1536.jpeg 1152w, https:\/\/agora.xtec.cat\/ieslaromanica\/wp-content\/uploads\/usu857\/2026\/04\/WhatsApp-Image-2026-04-10-at-10.26.23-4.jpeg 1530w\" sizes=\"auto, (max-width: 768px) 100vw, 768px\" \/><\/a><\/p>\n","protected":false},"excerpt":{"rendered":"<p>Fa uns dies, a l\u2019Institut La Rom\u00e0nica vam rebre la visita de Catalunya R\u00e0dio, que es va entrevistar amb l\u2019Adri\u00e0 i amb diverses alumnes de 1r d\u2019ESO per con\u00e8ixer m\u00e9s a fons el nostre projecte de cultura popular a les aules.<br \/>\nEs tracta d\u2019un projecte capdavanter&hellip;  <a href=\"https:\/\/agora.xtec.cat\/ieslaromanica\/general\/catalunya-radio-sinteressa-pel-projecte-de-cultura-popular-a-les-aules-de-linstitut-la-romanica\/\" title=\"Read Catalunya R\u00e0dio s\u2019interessa pel projecte de cultura popular a les aules de l\u2019Institut La Rom\u00e0nica\">Llegeix m\u00e9s\u00bb<\/a><\/p>\n","protected":false},"author":34,"featured_media":26140,"comment_status":"open","ping_status":"open","sticky":false,"template":"","format":"standard","meta":{"_bbp_topic_count":0,"_bbp_reply_count":0,"_bbp_total_topic_count":0,"_bbp_total_reply_count":0,"_bbp_voice_count":0,"_bbp_anonymous_reply_count":0,"_bbp_topic_count_hidden":0,"_bbp_reply_count_hidden":0,"_bbp_forum_subforum_count":0,"footnotes":""},"categories":[1],"tags":[],"class_list":["post-26138","post","type-post","status-publish","format-standard","has-post-thumbnail","hentry","category-general"],"post_mailing_queue_ids":[],"_links":{"self":[{"href":"https:\/\/agora.xtec.cat\/ieslaromanica\/wp-json\/wp\/v2\/posts\/26138","targetHints":{"allow":["GET"]}}],"collection":[{"href":"https:\/\/agora.xtec.cat\/ieslaromanica\/wp-json\/wp\/v2\/posts"}],"about":[{"href":"https:\/\/agora.xtec.cat\/ieslaromanica\/wp-json\/wp\/v2\/types\/post"}],"author":[{"embeddable":true,"href":"https:\/\/agora.xtec.cat\/ieslaromanica\/wp-json\/wp\/v2\/users\/34"}],"replies":[{"embeddable":true,"href":"https:\/\/agora.xtec.cat\/ieslaromanica\/wp-json\/wp\/v2\/comments?post=26138"}],"version-history":[{"count":1,"href":"https:\/\/agora.xtec.cat\/ieslaromanica\/wp-json\/wp\/v2\/posts\/26138\/revisions"}],"predecessor-version":[{"id":26142,"href":"https:\/\/agora.xtec.cat\/ieslaromanica\/wp-json\/wp\/v2\/posts\/26138\/revisions\/26142"}],"wp:featuredmedia":[{"embeddable":true,"href":"https:\/\/agora.xtec.cat\/ieslaromanica\/wp-json\/wp\/v2\/media\/26140"}],"wp:attachment":[{"href":"https:\/\/agora.xtec.cat\/ieslaromanica\/wp-json\/wp\/v2\/media?parent=26138"}],"wp:term":[{"taxonomy":"category","embeddable":true,"href":"https:\/\/agora.xtec.cat\/ieslaromanica\/wp-json\/wp\/v2\/categories?post=26138"},{"taxonomy":"post_tag","embeddable":true,"href":"https:\/\/agora.xtec.cat\/ieslaromanica\/wp-json\/wp\/v2\/tags?post=26138"}],"curies":[{"name":"wp","href":"https:\/\/api.w.org\/{rel}","templated":true}]}}