{"id":26084,"date":"2026-03-07T22:26:21","date_gmt":"2026-03-07T21:26:21","guid":{"rendered":"https:\/\/agora.xtec.cat\/ieslaromanica\/?p=26084"},"modified":"2026-03-27T11:30:57","modified_gmt":"2026-03-27T10:30:57","slug":"gracies-jornades-de-portes-obertes-de-leso","status":"publish","type":"post","link":"https:\/\/agora.xtec.cat\/ieslaromanica\/general\/gracies-jornades-de-portes-obertes-de-leso\/","title":{"rendered":"Gr\u00e0cies &#8211; Jornades de Portes Obertes de l\u2019ESO"},"content":{"rendered":"<p style=\"text-align: justify;\">Les Jornades de Portes Obertes de l\u2019ESO a l\u2019Institut La Rom\u00e0nica han estat, un any m\u00e9s, una gran oportunitat per compartir amb fam\u00edlies i futur alumnat el nostre projecte educatiu i la vida del centre.<\/p>\n<p style=\"text-align: justify;\">Volem agrair sincerament la confian\u00e7a de totes les persones que us vau apropar a con\u00e8ixer l\u2019institut, escoltar el nostre projecte i descobrir alguns dels projectes i espais que formen part del dia a dia de La Rom\u00e0nica.<\/p>\n<p style=\"text-align: justify;\">Tamb\u00e9 volem recon\u00e8ixer la implicaci\u00f3 de l\u2019alumnat i del professorat que van participar en l\u2019organitzaci\u00f3 i en les visites, ajudant a explicar qu\u00e8 som i qu\u00e8 fem com a comunitat educativa.<\/p>\n<p style=\"text-align: justify;\">Moltes gr\u00e0cies per acompanyar-nos en aquestes jornades!<\/p>\n<p>\u00a0<a href=\"https:\/\/agora.xtec.cat\/ieslaromanica\/wp-content\/uploads\/usu857\/2026\/03\/\ud83d\ude0d-Les-Jornades-de-Portes-Obertes-de-lESO-a-lInstitut-La-Romanica-han-estat-un-any-mes-una-g-2.jpg\"><img loading=\"lazy\" decoding=\"async\" class=\"alignnone size-large wp-image-26086\" src=\"https:\/\/agora.xtec.cat\/ieslaromanica\/wp-content\/uploads\/usu857\/2026\/03\/\ud83d\ude0d-Les-Jornades-de-Portes-Obertes-de-lESO-a-lInstitut-La-Romanica-han-estat-un-any-mes-una-g-2-1024x1024.jpg\" alt=\"\" width=\"1024\" height=\"1024\" srcset=\"https:\/\/agora.xtec.cat\/ieslaromanica\/wp-content\/uploads\/usu857\/2026\/03\/\ud83d\ude0d-Les-Jornades-de-Portes-Obertes-de-lESO-a-lInstitut-La-Romanica-han-estat-un-any-mes-una-g-2-1024x1024.jpg 1024w, https:\/\/agora.xtec.cat\/ieslaromanica\/wp-content\/uploads\/usu857\/2026\/03\/\ud83d\ude0d-Les-Jornades-de-Portes-Obertes-de-lESO-a-lInstitut-La-Romanica-han-estat-un-any-mes-una-g-2-300x300.jpg 300w, https:\/\/agora.xtec.cat\/ieslaromanica\/wp-content\/uploads\/usu857\/2026\/03\/\ud83d\ude0d-Les-Jornades-de-Portes-Obertes-de-lESO-a-lInstitut-La-Romanica-han-estat-un-any-mes-una-g-2-150x150.jpg 150w, https:\/\/agora.xtec.cat\/ieslaromanica\/wp-content\/uploads\/usu857\/2026\/03\/\ud83d\ude0d-Les-Jornades-de-Portes-Obertes-de-lESO-a-lInstitut-La-Romanica-han-estat-un-any-mes-una-g-2-768x768.jpg 768w, https:\/\/agora.xtec.cat\/ieslaromanica\/wp-content\/uploads\/usu857\/2026\/03\/\ud83d\ude0d-Les-Jornades-de-Portes-Obertes-de-lESO-a-lInstitut-La-Romanica-han-estat-un-any-mes-una-g-2.jpg 1080w\" sizes=\"auto, (max-width: 1024px) 100vw, 1024px\" \/><\/a> \u00a0<a href=\"https:\/\/agora.xtec.cat\/ieslaromanica\/wp-content\/uploads\/usu857\/2026\/03\/\ud83d\ude0d-Les-Jornades-de-Portes-Obertes-de-lESO-a-lInstitut-La-Romanica-han-estat-un-any-mes-una-g.jpg\"><img loading=\"lazy\" decoding=\"async\" class=\"alignnone size-large wp-image-26088\" src=\"https:\/\/agora.xtec.cat\/ieslaromanica\/wp-content\/uploads\/usu857\/2026\/03\/\ud83d\ude0d-Les-Jornades-de-Portes-Obertes-de-lESO-a-lInstitut-La-Romanica-han-estat-un-any-mes-una-g-1024x1024.jpg\" alt=\"\" width=\"1024\" height=\"1024\" srcset=\"https:\/\/agora.xtec.cat\/ieslaromanica\/wp-content\/uploads\/usu857\/2026\/03\/\ud83d\ude0d-Les-Jornades-de-Portes-Obertes-de-lESO-a-lInstitut-La-Romanica-han-estat-un-any-mes-una-g-1024x1024.jpg 1024w, https:\/\/agora.xtec.cat\/ieslaromanica\/wp-content\/uploads\/usu857\/2026\/03\/\ud83d\ude0d-Les-Jornades-de-Portes-Obertes-de-lESO-a-lInstitut-La-Romanica-han-estat-un-any-mes-una-g-300x300.jpg 300w, https:\/\/agora.xtec.cat\/ieslaromanica\/wp-content\/uploads\/usu857\/2026\/03\/\ud83d\ude0d-Les-Jornades-de-Portes-Obertes-de-lESO-a-lInstitut-La-Romanica-han-estat-un-any-mes-una-g-150x150.jpg 150w, https:\/\/agora.xtec.cat\/ieslaromanica\/wp-content\/uploads\/usu857\/2026\/03\/\ud83d\ude0d-Les-Jornades-de-Portes-Obertes-de-lESO-a-lInstitut-La-Romanica-han-estat-un-any-mes-una-g-768x768.jpg 768w, https:\/\/agora.xtec.cat\/ieslaromanica\/wp-content\/uploads\/usu857\/2026\/03\/\ud83d\ude0d-Les-Jornades-de-Portes-Obertes-de-lESO-a-lInstitut-La-Romanica-han-estat-un-any-mes-una-g.jpg 1080w\" sizes=\"auto, (max-width: 1024px) 100vw, 1024px\" \/><\/a><\/p>\n","protected":false},"excerpt":{"rendered":"<p>Les Jornades de Portes Obertes de l\u2019ESO a l\u2019Institut La Rom\u00e0nica han estat, un any m\u00e9s, una gran oportunitat per compartir amb fam\u00edlies i futur alumnat el nostre projecte educatiu i la vida del centre.<br \/>\nVolem agrair sincerament la confian\u00e7a de totes les persones que us&hellip;  <a href=\"https:\/\/agora.xtec.cat\/ieslaromanica\/general\/gracies-jornades-de-portes-obertes-de-leso\/\" title=\"Read Gr\u00e0cies &#8211; Jornades de Portes Obertes de l\u2019ESO\">Llegeix m\u00e9s\u00bb<\/a><\/p>\n","protected":false},"author":34,"featured_media":26087,"comment_status":"open","ping_status":"open","sticky":false,"template":"","format":"standard","meta":{"_bbp_topic_count":0,"_bbp_reply_count":0,"_bbp_total_topic_count":0,"_bbp_total_reply_count":0,"_bbp_voice_count":0,"_bbp_anonymous_reply_count":0,"_bbp_topic_count_hidden":0,"_bbp_reply_count_hidden":0,"_bbp_forum_subforum_count":0,"footnotes":""},"categories":[1],"tags":[],"class_list":["post-26084","post","type-post","status-publish","format-standard","has-post-thumbnail","hentry","category-general"],"post_mailing_queue_ids":[],"_links":{"self":[{"href":"https:\/\/agora.xtec.cat\/ieslaromanica\/wp-json\/wp\/v2\/posts\/26084","targetHints":{"allow":["GET"]}}],"collection":[{"href":"https:\/\/agora.xtec.cat\/ieslaromanica\/wp-json\/wp\/v2\/posts"}],"about":[{"href":"https:\/\/agora.xtec.cat\/ieslaromanica\/wp-json\/wp\/v2\/types\/post"}],"author":[{"embeddable":true,"href":"https:\/\/agora.xtec.cat\/ieslaromanica\/wp-json\/wp\/v2\/users\/34"}],"replies":[{"embeddable":true,"href":"https:\/\/agora.xtec.cat\/ieslaromanica\/wp-json\/wp\/v2\/comments?post=26084"}],"version-history":[{"count":1,"href":"https:\/\/agora.xtec.cat\/ieslaromanica\/wp-json\/wp\/v2\/posts\/26084\/revisions"}],"predecessor-version":[{"id":26089,"href":"https:\/\/agora.xtec.cat\/ieslaromanica\/wp-json\/wp\/v2\/posts\/26084\/revisions\/26089"}],"wp:featuredmedia":[{"embeddable":true,"href":"https:\/\/agora.xtec.cat\/ieslaromanica\/wp-json\/wp\/v2\/media\/26087"}],"wp:attachment":[{"href":"https:\/\/agora.xtec.cat\/ieslaromanica\/wp-json\/wp\/v2\/media?parent=26084"}],"wp:term":[{"taxonomy":"category","embeddable":true,"href":"https:\/\/agora.xtec.cat\/ieslaromanica\/wp-json\/wp\/v2\/categories?post=26084"},{"taxonomy":"post_tag","embeddable":true,"href":"https:\/\/agora.xtec.cat\/ieslaromanica\/wp-json\/wp\/v2\/tags?post=26084"}],"curies":[{"name":"wp","href":"https:\/\/api.w.org\/{rel}","templated":true}]}}