{"id":26054,"date":"2026-03-13T11:36:40","date_gmt":"2026-03-13T10:36:40","guid":{"rendered":"https:\/\/agora.xtec.cat\/ieslaromanica\/?p=26054"},"modified":"2026-03-13T11:36:40","modified_gmt":"2026-03-13T10:36:40","slug":"que-fem-a-ef-acrosport","status":"publish","type":"post","link":"https:\/\/agora.xtec.cat\/ieslaromanica\/general\/que-fem-a-ef-acrosport\/","title":{"rendered":"Qu\u00e8 fem a EF? Acrosport"},"content":{"rendered":"<p style=\"text-align: justify;\">I aprofitant la publicaci\u00f3 de Carnestoltes, ens preguntem&#8230; I qu\u00e8 m\u00e9s fem a Educaci\u00f3 F\u00edsica?<\/p>\n<p style=\"text-align: justify;\">Qui millor per explicar l\u2019Acrosport que qui ja l\u2019ha viscut en primera persona? Aquests dies, algunes i alguns alumnes de 4t d\u2019ESO han anat visitant les 5 classes de 3r d&#8217;ESO per presentar la Situaci\u00f3 d\u2019Aprenentatge d\u2019Acrosport. L\u2019any passat la van posar en pr\u00e0ctica\u2026 i ara en s\u00f3n uns aut\u00e8ntics \u201cexperts i expertes\u201d!<\/p>\n<p style=\"text-align: justify;\">Han estat compartint experi\u00e8ncies, consells \u00fatils i alguna recomanaci\u00f3 clau per ajudar els de 3r a treure el millor d&#8217;elles i ells mateixos i aconseguir resultats espectaculars. Cada dia, 5 alumnes de 4t s\u2019hi han ofert volunt\u00e0riament. Una iniciativa que ja fa uns 4 anys que repetim i que, any rere any, agrada, motiva\u2026 i funciona molt b\u00e9!<\/p>\n<p><a href=\"https:\/\/agora.xtec.cat\/ieslaromanica\/wp-content\/uploads\/usu857\/2026\/03\/WhatsApp-Image-2026-03-13-at-11.18.16.jpeg\"><img loading=\"lazy\" decoding=\"async\" class=\"alignnone size-large wp-image-26055\" src=\"https:\/\/agora.xtec.cat\/ieslaromanica\/wp-content\/uploads\/usu857\/2026\/03\/WhatsApp-Image-2026-03-13-at-11.18.16-1024x768.jpeg\" alt=\"\" width=\"1024\" height=\"768\" srcset=\"https:\/\/agora.xtec.cat\/ieslaromanica\/wp-content\/uploads\/usu857\/2026\/03\/WhatsApp-Image-2026-03-13-at-11.18.16-1024x768.jpeg 1024w, https:\/\/agora.xtec.cat\/ieslaromanica\/wp-content\/uploads\/usu857\/2026\/03\/WhatsApp-Image-2026-03-13-at-11.18.16-300x225.jpeg 300w, https:\/\/agora.xtec.cat\/ieslaromanica\/wp-content\/uploads\/usu857\/2026\/03\/WhatsApp-Image-2026-03-13-at-11.18.16-768x576.jpeg 768w, https:\/\/agora.xtec.cat\/ieslaromanica\/wp-content\/uploads\/usu857\/2026\/03\/WhatsApp-Image-2026-03-13-at-11.18.16-1536x1152.jpeg 1536w, https:\/\/agora.xtec.cat\/ieslaromanica\/wp-content\/uploads\/usu857\/2026\/03\/WhatsApp-Image-2026-03-13-at-11.18.16-200x150.jpeg 200w, https:\/\/agora.xtec.cat\/ieslaromanica\/wp-content\/uploads\/usu857\/2026\/03\/WhatsApp-Image-2026-03-13-at-11.18.16.jpeg 1600w\" sizes=\"auto, (max-width: 1024px) 100vw, 1024px\" \/><\/a><\/p>\n","protected":false},"excerpt":{"rendered":"<p>I aprofitant la publicaci\u00f3 de Carnestoltes, ens preguntem&#8230; I qu\u00e8 m\u00e9s fem a Educaci\u00f3 F\u00edsica?<br \/>\nQui millor per explicar l\u2019Acrosport que qui ja l\u2019ha viscut en primera persona? Aquests dies, algunes i alguns alumnes de 4t d\u2019ESO han anat visitant les 5 classes de 3r d&#8217;ESO&hellip;  <a href=\"https:\/\/agora.xtec.cat\/ieslaromanica\/general\/que-fem-a-ef-acrosport\/\" title=\"Read Qu\u00e8 fem a EF? Acrosport\">Llegeix m\u00e9s\u00bb<\/a><\/p>\n","protected":false},"author":34,"featured_media":26056,"comment_status":"open","ping_status":"open","sticky":false,"template":"","format":"standard","meta":{"_bbp_topic_count":0,"_bbp_reply_count":0,"_bbp_total_topic_count":0,"_bbp_total_reply_count":0,"_bbp_voice_count":0,"_bbp_anonymous_reply_count":0,"_bbp_topic_count_hidden":0,"_bbp_reply_count_hidden":0,"_bbp_forum_subforum_count":0,"footnotes":""},"categories":[1],"tags":[],"class_list":["post-26054","post","type-post","status-publish","format-standard","has-post-thumbnail","hentry","category-general"],"post_mailing_queue_ids":[],"_links":{"self":[{"href":"https:\/\/agora.xtec.cat\/ieslaromanica\/wp-json\/wp\/v2\/posts\/26054","targetHints":{"allow":["GET"]}}],"collection":[{"href":"https:\/\/agora.xtec.cat\/ieslaromanica\/wp-json\/wp\/v2\/posts"}],"about":[{"href":"https:\/\/agora.xtec.cat\/ieslaromanica\/wp-json\/wp\/v2\/types\/post"}],"author":[{"embeddable":true,"href":"https:\/\/agora.xtec.cat\/ieslaromanica\/wp-json\/wp\/v2\/users\/34"}],"replies":[{"embeddable":true,"href":"https:\/\/agora.xtec.cat\/ieslaromanica\/wp-json\/wp\/v2\/comments?post=26054"}],"version-history":[{"count":1,"href":"https:\/\/agora.xtec.cat\/ieslaromanica\/wp-json\/wp\/v2\/posts\/26054\/revisions"}],"predecessor-version":[{"id":26057,"href":"https:\/\/agora.xtec.cat\/ieslaromanica\/wp-json\/wp\/v2\/posts\/26054\/revisions\/26057"}],"wp:featuredmedia":[{"embeddable":true,"href":"https:\/\/agora.xtec.cat\/ieslaromanica\/wp-json\/wp\/v2\/media\/26056"}],"wp:attachment":[{"href":"https:\/\/agora.xtec.cat\/ieslaromanica\/wp-json\/wp\/v2\/media?parent=26054"}],"wp:term":[{"taxonomy":"category","embeddable":true,"href":"https:\/\/agora.xtec.cat\/ieslaromanica\/wp-json\/wp\/v2\/categories?post=26054"},{"taxonomy":"post_tag","embeddable":true,"href":"https:\/\/agora.xtec.cat\/ieslaromanica\/wp-json\/wp\/v2\/tags?post=26054"}],"curies":[{"name":"wp","href":"https:\/\/api.w.org\/{rel}","templated":true}]}}