{"id":25919,"date":"2026-03-03T10:59:43","date_gmt":"2026-03-03T09:59:43","guid":{"rendered":"https:\/\/agora.xtec.cat\/ieslaromanica\/?p=25919"},"modified":"2026-03-27T12:27:40","modified_gmt":"2026-03-27T11:27:40","slug":"portes-obertes-batxillerat-2026","status":"publish","type":"post","link":"https:\/\/agora.xtec.cat\/ieslaromanica\/general\/portes-obertes-batxillerat-2026\/","title":{"rendered":"Portes Obertes Batxillerat 2026"},"content":{"rendered":"<p style=\"text-align: justify;\">Tal com es va anunciar fa setmanes, la data de les portes obertes dels Batxillerats de l&#8217;Institut La Rom\u00e0nica \u00e9s dimecres 25 de mar\u00e7, a les 16:30h.<\/p>\n<p style=\"text-align: justify;\">Per tal de millorar l&#8217;atenci\u00f3 a totes les fam\u00edlies assistents, podeu<a href=\"https:\/\/docs.google.com\/forms\/d\/e\/1FAIpQLScOhiztlJkcCmN0J9k6dPem8DOHx163dGzm79TWP1OFearxeA\/viewform?usp=publish-editor\"> inscriure-us al seg\u00fcent enlla\u00e7<\/a> per deixar anotat si teniu previst venir.<\/p>\n<p><strong><a href=\"https:\/\/docs.google.com\/forms\/d\/e\/1FAIpQLScOhiztlJkcCmN0J9k6dPem8DOHx163dGzm79TWP1OFearxeA\/viewform?usp=publish-editor\">ENLLA\u00c7 INSCRIPCI\u00d3<\/a><\/strong><\/p>\n<p style=\"text-align: justify;\">Gr\u00e0cies per la vostra col\u00b7laboraci\u00f3 i confian\u00e7a en el nostre projecte.<\/p>\n","protected":false},"excerpt":{"rendered":"<p>Tal com es va anunciar fa setmanes, la data de les portes obertes dels Batxillerats de l&#8217;Institut La Rom\u00e0nica \u00e9s dimecres 25 de mar\u00e7, a les 16:30h.<br \/>\nPer tal de millorar l&#8217;atenci\u00f3 a totes les fam\u00edlies assistents, podeu<a href=\"https:\/\/docs.google.com\/forms\/d\/e\/1FAIpQLScOhiztlJkcCmN0J9k6dPem8DOHx163dGzm79TWP1OFearxeA\/viewform?usp=publish-editor\"> inscriure-us al seg\u00fcent enlla\u00e7<\/a> per deixar anotat&hellip;  <a href=\"https:\/\/agora.xtec.cat\/ieslaromanica\/general\/portes-obertes-batxillerat-2026\/\" title=\"Read Portes Obertes Batxillerat 2026\">Llegeix m\u00e9s\u00bb<\/a><\/p>\n","protected":false},"author":34,"featured_media":25914,"comment_status":"open","ping_status":"open","sticky":false,"template":"","format":"standard","meta":{"_bbp_topic_count":0,"_bbp_reply_count":0,"_bbp_total_topic_count":0,"_bbp_total_reply_count":0,"_bbp_voice_count":0,"_bbp_anonymous_reply_count":0,"_bbp_topic_count_hidden":0,"_bbp_reply_count_hidden":0,"_bbp_forum_subforum_count":0,"footnotes":""},"categories":[1],"tags":[],"class_list":["post-25919","post","type-post","status-publish","format-standard","has-post-thumbnail","hentry","category-general"],"post_mailing_queue_ids":[],"_links":{"self":[{"href":"https:\/\/agora.xtec.cat\/ieslaromanica\/wp-json\/wp\/v2\/posts\/25919","targetHints":{"allow":["GET"]}}],"collection":[{"href":"https:\/\/agora.xtec.cat\/ieslaromanica\/wp-json\/wp\/v2\/posts"}],"about":[{"href":"https:\/\/agora.xtec.cat\/ieslaromanica\/wp-json\/wp\/v2\/types\/post"}],"author":[{"embeddable":true,"href":"https:\/\/agora.xtec.cat\/ieslaromanica\/wp-json\/wp\/v2\/users\/34"}],"replies":[{"embeddable":true,"href":"https:\/\/agora.xtec.cat\/ieslaromanica\/wp-json\/wp\/v2\/comments?post=25919"}],"version-history":[{"count":1,"href":"https:\/\/agora.xtec.cat\/ieslaromanica\/wp-json\/wp\/v2\/posts\/25919\/revisions"}],"predecessor-version":[{"id":25921,"href":"https:\/\/agora.xtec.cat\/ieslaromanica\/wp-json\/wp\/v2\/posts\/25919\/revisions\/25921"}],"wp:featuredmedia":[{"embeddable":true,"href":"https:\/\/agora.xtec.cat\/ieslaromanica\/wp-json\/wp\/v2\/media\/25914"}],"wp:attachment":[{"href":"https:\/\/agora.xtec.cat\/ieslaromanica\/wp-json\/wp\/v2\/media?parent=25919"}],"wp:term":[{"taxonomy":"category","embeddable":true,"href":"https:\/\/agora.xtec.cat\/ieslaromanica\/wp-json\/wp\/v2\/categories?post=25919"},{"taxonomy":"post_tag","embeddable":true,"href":"https:\/\/agora.xtec.cat\/ieslaromanica\/wp-json\/wp\/v2\/tags?post=25919"}],"curies":[{"name":"wp","href":"https:\/\/api.w.org\/{rel}","templated":true}]}}