{"id":25868,"date":"2026-01-30T15:48:02","date_gmt":"2026-01-30T14:48:02","guid":{"rendered":"https:\/\/agora.xtec.cat\/ieslaromanica\/?p=25868"},"modified":"2026-03-27T12:27:25","modified_gmt":"2026-03-27T11:27:25","slug":"portes-obertes-2026","status":"publish","type":"post","link":"https:\/\/agora.xtec.cat\/ieslaromanica\/general\/portes-obertes-2026\/","title":{"rendered":"Portes Obertes 2026"},"content":{"rendered":"<p style=\"text-align: justify;\">Ja tenim totes les dates i horaris de les jornades de portes obertes que farem al llarg d&#8217;aquest curs. En el cas de l&#8217;ESO ja estan els formularis d&#8217;inscripci\u00f3 per tal de fer una previsi\u00f3 i poder garantir de la millor forma l\u2019atenci\u00f3 a totes les fam\u00edlies assistents. En el cas de Batxillerat i Cicles Formatius, els enlla\u00e7os es penjaran properament. Tota la informaci\u00f3 la trobareu a la p\u00e0gina web i, en cas de qualsevol canvi, us mantindrem informades.<\/p>\n<p><strong><a href=\"https:\/\/forms.gle\/6W48YhV3Et6Us9ar5\">ENLLA\u00c7 INSCRIPCI\u00d3 ESO<\/a><\/strong><\/p>\n<p><strong><a href=\"https:\/\/docs.google.com\/forms\/d\/e\/1FAIpQLScOhiztlJkcCmN0J9k6dPem8DOHx163dGzm79TWP1OFearxeA\/viewform?usp=publish-editor\">ENLLA\u00c7 INSCRIPCI\u00d3 BATXILLERAT<\/a><\/strong><\/p>\n<p><strong><a href=\"https:\/\/docs.google.com\/forms\/d\/e\/1FAIpQLSeB4F8UVrhp1hs_V2EgbnPcaZeMFt1gCvYbVmKflNmQLKnv0w\/viewform?usp=header\">ENLLA\u00c7 INSCRIPCI\u00d3 FP I PFI<\/a><\/strong><\/p>\n<p style=\"text-align: justify;\">Gr\u00e0cies per la vostra col\u00b7laboraci\u00f3 i confian\u00e7a en el nostre projecte.<\/p>\n<p><a href=\"https:\/\/agora.xtec.cat\/ieslaromanica\/wp-content\/uploads\/usu857\/2026\/03\/Imatge-Institut.jpg\"><img loading=\"lazy\" decoding=\"async\" class=\"alignnone size-large wp-image-25914\" src=\"https:\/\/agora.xtec.cat\/ieslaromanica\/wp-content\/uploads\/usu857\/2026\/03\/Imatge-Institut-1024x724.jpg\" alt=\"\" width=\"1024\" height=\"724\" srcset=\"https:\/\/agora.xtec.cat\/ieslaromanica\/wp-content\/uploads\/usu857\/2026\/03\/Imatge-Institut-1024x724.jpg 1024w, https:\/\/agora.xtec.cat\/ieslaromanica\/wp-content\/uploads\/usu857\/2026\/03\/Imatge-Institut-300x212.jpg 300w, https:\/\/agora.xtec.cat\/ieslaromanica\/wp-content\/uploads\/usu857\/2026\/03\/Imatge-Institut-768x543.jpg 768w, https:\/\/agora.xtec.cat\/ieslaromanica\/wp-content\/uploads\/usu857\/2026\/03\/Imatge-Institut-1536x1086.jpg 1536w, https:\/\/agora.xtec.cat\/ieslaromanica\/wp-content\/uploads\/usu857\/2026\/03\/Imatge-Institut.jpg 2000w\" sizes=\"auto, (max-width: 1024px) 100vw, 1024px\" \/><\/a><\/p>\n","protected":false},"excerpt":{"rendered":"<p>Ja tenim totes les dates i horaris de les jornades de portes obertes que farem al llarg d&#8217;aquest curs. En el cas de l&#8217;ESO ja estan els formularis d&#8217;inscripci\u00f3 per tal de fer una previsi\u00f3 i poder garantir de la millor forma l\u2019atenci\u00f3 a totes&hellip;  <a href=\"https:\/\/agora.xtec.cat\/ieslaromanica\/general\/portes-obertes-2026\/\" title=\"Read Portes Obertes 2026\">Llegeix m\u00e9s\u00bb<\/a><\/p>\n","protected":false},"author":34,"featured_media":0,"comment_status":"open","ping_status":"open","sticky":false,"template":"","format":"standard","meta":{"_bbp_topic_count":0,"_bbp_reply_count":0,"_bbp_total_topic_count":0,"_bbp_total_reply_count":0,"_bbp_voice_count":0,"_bbp_anonymous_reply_count":0,"_bbp_topic_count_hidden":0,"_bbp_reply_count_hidden":0,"_bbp_forum_subforum_count":0,"footnotes":""},"categories":[1],"tags":[],"class_list":["post-25868","post","type-post","status-publish","format-standard","hentry","category-general"],"post_mailing_queue_ids":[],"_links":{"self":[{"href":"https:\/\/agora.xtec.cat\/ieslaromanica\/wp-json\/wp\/v2\/posts\/25868","targetHints":{"allow":["GET"]}}],"collection":[{"href":"https:\/\/agora.xtec.cat\/ieslaromanica\/wp-json\/wp\/v2\/posts"}],"about":[{"href":"https:\/\/agora.xtec.cat\/ieslaromanica\/wp-json\/wp\/v2\/types\/post"}],"author":[{"embeddable":true,"href":"https:\/\/agora.xtec.cat\/ieslaromanica\/wp-json\/wp\/v2\/users\/34"}],"replies":[{"embeddable":true,"href":"https:\/\/agora.xtec.cat\/ieslaromanica\/wp-json\/wp\/v2\/comments?post=25868"}],"version-history":[{"count":5,"href":"https:\/\/agora.xtec.cat\/ieslaromanica\/wp-json\/wp\/v2\/posts\/25868\/revisions"}],"predecessor-version":[{"id":25923,"href":"https:\/\/agora.xtec.cat\/ieslaromanica\/wp-json\/wp\/v2\/posts\/25868\/revisions\/25923"}],"wp:attachment":[{"href":"https:\/\/agora.xtec.cat\/ieslaromanica\/wp-json\/wp\/v2\/media?parent=25868"}],"wp:term":[{"taxonomy":"category","embeddable":true,"href":"https:\/\/agora.xtec.cat\/ieslaromanica\/wp-json\/wp\/v2\/categories?post=25868"},{"taxonomy":"post_tag","embeddable":true,"href":"https:\/\/agora.xtec.cat\/ieslaromanica\/wp-json\/wp\/v2\/tags?post=25868"}],"curies":[{"name":"wp","href":"https:\/\/api.w.org\/{rel}","templated":true}]}}