{"id":25832,"date":"2026-01-27T11:43:16","date_gmt":"2026-01-27T10:43:16","guid":{"rendered":"https:\/\/agora.xtec.cat\/ieslaromanica\/?p=25832"},"modified":"2026-03-03T10:59:57","modified_gmt":"2026-03-03T09:59:57","slug":"portes-obertes-eso-2026","status":"publish","type":"post","link":"https:\/\/agora.xtec.cat\/ieslaromanica\/general\/portes-obertes-eso-2026\/","title":{"rendered":"Portes Obertes ESO 2026"},"content":{"rendered":"<p style=\"text-align: justify;\">Ja tenim les dates de les portes obertes dels diferents instituts de Barber\u00e0 del Vall\u00e8s! En el cas de l&#8217;Institut La Rom\u00e0nica, seran dissabte 28 de febrer, a les 10:30h, i dilluns 2 de mar\u00e7, a les 16:45h.<\/p>\n<p style=\"text-align: justify;\">Per tal de millorar l&#8217;atenci\u00f3 a totes les fam\u00edlies assistents, podeu<a href=\"https:\/\/forms.gle\/6W48YhV3Et6Us9ar5\"> inscriure-us al seg\u00fcent enlla\u00e7<\/a> per deixar anotat si teniu previst venir dissabte o dilluns.<\/p>\n<p><strong><a href=\"https:\/\/forms.gle\/6W48YhV3Et6Us9ar5\">ENLLA\u00c7 INSCRIPCI\u00d3<\/a><\/strong><\/p>\n<p style=\"text-align: justify;\">Gr\u00e0cies per la vostra col\u00b7laboraci\u00f3 i confian\u00e7a en el nostre projecte.<\/p>\n<p><a href=\"https:\/\/agora.xtec.cat\/ieslaromanica\/wp-content\/uploads\/usu857\/2026\/01\/Portes-OBERTES-2026_instituts_page-0001-scaled.jpg\"><img loading=\"lazy\" decoding=\"async\" class=\"size-large wp-image-25831 aligncenter\" src=\"https:\/\/agora.xtec.cat\/ieslaromanica\/wp-content\/uploads\/usu857\/2026\/01\/Portes-OBERTES-2026_instituts_page-0001-724x1024.jpg\" alt=\"\" width=\"724\" height=\"1024\" \/><\/a><\/p>\n","protected":false},"excerpt":{"rendered":"<p>Ja tenim les dates de les portes obertes dels diferents instituts de Barber\u00e0 del Vall\u00e8s! En el cas de l&#8217;Institut La Rom\u00e0nica, seran dissabte 28 de febrer, a les 10:30h, i dilluns 2 de mar\u00e7, a les 16:45h.<br \/>\nPer tal de millorar l&#8217;atenci\u00f3 a totes les&hellip;  <a href=\"https:\/\/agora.xtec.cat\/ieslaromanica\/general\/portes-obertes-eso-2026\/\" title=\"Read Portes Obertes ESO 2026\">Llegeix m\u00e9s\u00bb<\/a><\/p>\n","protected":false},"author":34,"featured_media":25831,"comment_status":"open","ping_status":"open","sticky":false,"template":"","format":"standard","meta":{"_bbp_topic_count":0,"_bbp_reply_count":0,"_bbp_total_topic_count":0,"_bbp_total_reply_count":0,"_bbp_voice_count":0,"_bbp_anonymous_reply_count":0,"_bbp_topic_count_hidden":0,"_bbp_reply_count_hidden":0,"_bbp_forum_subforum_count":0,"footnotes":""},"categories":[1],"tags":[],"class_list":["post-25832","post","type-post","status-publish","format-standard","has-post-thumbnail","hentry","category-general"],"post_mailing_queue_ids":[],"_links":{"self":[{"href":"https:\/\/agora.xtec.cat\/ieslaromanica\/wp-json\/wp\/v2\/posts\/25832","targetHints":{"allow":["GET"]}}],"collection":[{"href":"https:\/\/agora.xtec.cat\/ieslaromanica\/wp-json\/wp\/v2\/posts"}],"about":[{"href":"https:\/\/agora.xtec.cat\/ieslaromanica\/wp-json\/wp\/v2\/types\/post"}],"author":[{"embeddable":true,"href":"https:\/\/agora.xtec.cat\/ieslaromanica\/wp-json\/wp\/v2\/users\/34"}],"replies":[{"embeddable":true,"href":"https:\/\/agora.xtec.cat\/ieslaromanica\/wp-json\/wp\/v2\/comments?post=25832"}],"version-history":[{"count":4,"href":"https:\/\/agora.xtec.cat\/ieslaromanica\/wp-json\/wp\/v2\/posts\/25832\/revisions"}],"predecessor-version":[{"id":25920,"href":"https:\/\/agora.xtec.cat\/ieslaromanica\/wp-json\/wp\/v2\/posts\/25832\/revisions\/25920"}],"wp:featuredmedia":[{"embeddable":true,"href":"https:\/\/agora.xtec.cat\/ieslaromanica\/wp-json\/wp\/v2\/media\/25831"}],"wp:attachment":[{"href":"https:\/\/agora.xtec.cat\/ieslaromanica\/wp-json\/wp\/v2\/media?parent=25832"}],"wp:term":[{"taxonomy":"category","embeddable":true,"href":"https:\/\/agora.xtec.cat\/ieslaromanica\/wp-json\/wp\/v2\/categories?post=25832"},{"taxonomy":"post_tag","embeddable":true,"href":"https:\/\/agora.xtec.cat\/ieslaromanica\/wp-json\/wp\/v2\/tags?post=25832"}],"curies":[{"name":"wp","href":"https:\/\/api.w.org\/{rel}","templated":true}]}}