{"id":25812,"date":"2025-06-06T18:54:41","date_gmt":"2025-06-06T16:54:41","guid":{"rendered":"https:\/\/agora.xtec.cat\/ieslaromanica\/?p=25812"},"modified":"2026-01-23T15:59:58","modified_gmt":"2026-01-23T14:59:58","slug":"2a-mostra-de-catifes-de-barbera-del-valles","status":"publish","type":"post","link":"https:\/\/agora.xtec.cat\/ieslaromanica\/general\/2a-mostra-de-catifes-de-barbera-del-valles\/","title":{"rendered":"2a Mostra de Catifes de Barber\u00e0 del Vall\u00e8s"},"content":{"rendered":"<p style=\"text-align: justify;\"><strong>\u00c8XIT DE LA 2a MOSTRA DE CATIFES DE BARBER\u00c0 DEL VALL\u00c8S! Dedicada al m\u00f3n del Ball de Bastons i emmarcada en la setmana del DASC 2025<\/strong><\/p>\n<p style=\"text-align: justify;\">Avui al mat\u00ed, divendres 6 de juny de 2025, la Pla\u00e7a Mil\u00b7lenari s\u2019ha omplert de colors, tradici\u00f3 i emoci\u00f3 amb la celebraci\u00f3 de la 2a Mostra de Catifes de Barber\u00e0 del Vall\u00e8s, organitzada per l\u2019Institut La Rom\u00e0nica i l\u2019associaci\u00f3 ARA I SEMPRE, en el marc del projecte Cultura Popular a les Aules.<\/p>\n<p style=\"text-align: justify;\">Una jornada especial, simb\u00f2lica i plena de significat: d\u2019un 6 de juny (1976) -data de la primera Trobada Nacional de Ball de Bastons- a un 6 de juny (2025), dia en qu\u00e8 m\u00e9s de 120 alumnes van confeccionar 14 catifes d\u2019art ef\u00edmer dedicades \u00edntegrament al Ball de Bastons.<\/p>\n<p><strong>Catifes dedicades a algunes colles d\u2019ARA I SEMPRE:<\/strong><\/p>\n<ul>\n<li>Ball de Bastons de Sant Andreu<\/li>\n<li>Ball de Bastons de Ripollet<\/li>\n<li>Ball de Bastons de La Garriga (s\u2019estrena per Corpus 2025!)<\/li>\n<\/ul>\n<p><strong>Catifes en homenatge a colles:<\/strong><\/p>\n<ul>\n<li>Ball de Bastons de Santa Maria d\u2019Ol\u00f3 (1a Trobada Nacional, l\u2019any 1976)<\/li>\n<li>Estelladors de Prats de Llu\u00e7an\u00e8s (amb 3 trobades nacionals organitzades)<\/li>\n<li>Ball de Bastons de l\u2019Arbo\u00e7 (amb 3 trobades nacionals organitzades)<\/li>\n<\/ul>\n<p><strong>Catifes reivindicatives:<\/strong><\/p>\n<ul>\n<li>Una catifa dedicada a la Catalunya Bastonera<\/li>\n<li>R\u00e8cord de 25 hores de Ball de Bastons assolit el passat maig<\/li>\n<li>Catifa pr\u00f2pia de la 2a Mostra de Catifes<\/li>\n<li>Catifa del Ball de Bastons feminista<\/li>\n<li>I Congr\u00e9s Internacional de Ball de Bastons<\/li>\n<\/ul>\n<p style=\"text-align: justify;\">A la segona secci\u00f3 de la mostra, hi brillaven tres catifes m\u00e9s:<\/p>\n<p style=\"text-align: justify;\">Dues dedicades a qui organitzar\u00e0 la 50a Trobada Nacional de Ball de Bastons de Catalunya des de Barber\u00e0: Colla Bastonera Les Romanes i ARA I SEMPRE. I, al centre, la catifa m\u00e9s gran de totes, que reprodu\u00efa el cartell oficial de la 50a Trobada: una veritable obra d\u2019art col\u00b7lectiva.<\/p>\n<p style=\"text-align: justify;\">Gr\u00e0cies a totes les persones que ho han fet possible! A tota la comunitat educativa i tamb\u00e9 a l\u2019Ajuntament de Barber\u00e0 del Vall\u00e8s, que ha donat suport des del primer moment.<\/p>\n<p style=\"text-align: justify;\"><strong>VISCA L\u2019INSTITUT LA ROM\u00c0NICA VISCA LA CULTURA POPULAR! ARA I SEMPRE!<\/strong><\/p>\n\r\n\t<div class=\"slideshow_container slideshow_container_style-light\" style=\"height: 800px; \" data-slideshow-id=\"25813\" data-style-name=\"style-light\" data-style-version=\"2.3.1\" >\r\n\r\n\t\t\t\t\t<div class=\"slideshow_loading_icon\"><\/div>\r\n\t\t\r\n\t\t<div class=\"slideshow_content\" style=\"display: none;\">\r\n\r\n\t\t\t<div class=\"slideshow_view\">\r\n\t\t\t\t<div class=\"slideshow_slide slideshow_slide_image\">\r\n\t\t\t\t\t\t\t\t\t\t\t<img src=\"https:\/\/agora.xtec.cat\/ieslaromanica\/wp-content\/uploads\/usu857\/2026\/01\/\ud83c\udf89-EXIT-DE-LA-2a-MOSTRA-DE-CATIFES-DE-BARBERA-DEL-VALLES-Dedicada-al-mon-del-Ball-de-Bastons-i-.jpg\" alt=\"\ud83c\udf89 E\u0300XIT DE LA 2a MOSTRA DE CATIFES DE BARBERA\u0300 DEL VALLE\u0300S! Dedicada al mo\u0301n del Ball de Bastons i\" width=\"1080\" height=\"609\" \/>\r\n\t\t\t\t\t\t\t\t\t\t<div class=\"slideshow_description_box slideshow_transparent\">\r\n\t\t\t\t\t\t<div class=\"slideshow_title\">\ud83c\udf89 E\u0300XIT DE LA 2a MOSTRA DE CATIFES DE BARBERA\u0300 DEL VALLE\u0300S! Dedicada al mo\u0301n del Ball de Bastons i<\/div>\t\t\t\t\t\t\t\t\t\t\t<\/div>\r\n\t\t\t\t<\/div>\r\n\r\n\t\t\t\t\t\t<div style=\"clear: both;\"><\/div><\/div><div class=\"slideshow_view\">\r\n\t\t\t\t<div class=\"slideshow_slide slideshow_slide_image\">\r\n\t\t\t\t\t\t\t\t\t\t\t<img src=\"https:\/\/agora.xtec.cat\/ieslaromanica\/wp-content\/uploads\/usu857\/2026\/01\/\ud83c\udf89-EXIT-DE-LA-2a-MOSTRA-DE-CATIFES-DE-BARBERA-DEL-VALLES-Dedicada-al-mon-del-Ball-de-Bastons-i-1.jpg\" alt=\"\ud83c\udf89 E\u0300XIT DE LA 2a MOSTRA DE CATIFES DE BARBERA\u0300 DEL VALLE\u0300S! Dedicada al mo\u0301n del Ball de Bastons i (1)\" width=\"1080\" height=\"609\" \/>\r\n\t\t\t\t\t\t\t\t\t\t<div class=\"slideshow_description_box slideshow_transparent\">\r\n\t\t\t\t\t\t<div class=\"slideshow_title\">\ud83c\udf89 E\u0300XIT DE LA 2a MOSTRA DE CATIFES DE BARBERA\u0300 DEL VALLE\u0300S! Dedicada al mo\u0301n del Ball de Bastons i (1)<\/div>\t\t\t\t\t\t\t\t\t\t\t<\/div>\r\n\t\t\t\t<\/div>\r\n\r\n\t\t\t\t\t\t<div style=\"clear: both;\"><\/div><\/div><div class=\"slideshow_view\">\r\n\t\t\t\t<div class=\"slideshow_slide slideshow_slide_image\">\r\n\t\t\t\t\t\t\t\t\t\t\t<img src=\"https:\/\/agora.xtec.cat\/ieslaromanica\/wp-content\/uploads\/usu857\/2026\/01\/\ud83c\udf89-EXIT-DE-LA-2a-MOSTRA-DE-CATIFES-DE-BARBERA-DEL-VALLES-Dedicada-al-mon-del-Ball-de-Bastons-i-2.jpg\" alt=\"\ud83c\udf89 E\u0300XIT DE LA 2a MOSTRA DE CATIFES DE BARBERA\u0300 DEL VALLE\u0300S! Dedicada al mo\u0301n del Ball de Bastons i (2)\" width=\"1080\" height=\"609\" \/>\r\n\t\t\t\t\t\t\t\t\t\t<div class=\"slideshow_description_box slideshow_transparent\">\r\n\t\t\t\t\t\t<div class=\"slideshow_title\">\ud83c\udf89 E\u0300XIT DE LA 2a MOSTRA DE CATIFES DE BARBERA\u0300 DEL VALLE\u0300S! Dedicada al mo\u0301n del Ball de Bastons i (2)<\/div>\t\t\t\t\t\t\t\t\t\t\t<\/div>\r\n\t\t\t\t<\/div>\r\n\r\n\t\t\t\t\t\t<div style=\"clear: both;\"><\/div><\/div><div class=\"slideshow_view\">\r\n\t\t\t\t<div class=\"slideshow_slide slideshow_slide_image\">\r\n\t\t\t\t\t\t\t\t\t\t\t<img src=\"https:\/\/agora.xtec.cat\/ieslaromanica\/wp-content\/uploads\/usu857\/2026\/01\/\ud83c\udf89-EXIT-DE-LA-2a-MOSTRA-DE-CATIFES-DE-BARBERA-DEL-VALLES-Dedicada-al-mon-del-Ball-de-Bastons-i-3.jpg\" alt=\"\ud83c\udf89 E\u0300XIT DE LA 2a MOSTRA DE CATIFES DE BARBERA\u0300 DEL VALLE\u0300S! Dedicada al mo\u0301n del Ball de Bastons i (3)\" width=\"1080\" height=\"609\" \/>\r\n\t\t\t\t\t\t\t\t\t\t<div class=\"slideshow_description_box slideshow_transparent\">\r\n\t\t\t\t\t\t<div class=\"slideshow_title\">\ud83c\udf89 E\u0300XIT DE LA 2a MOSTRA DE CATIFES DE BARBERA\u0300 DEL VALLE\u0300S! Dedicada al mo\u0301n del Ball de Bastons i (3)<\/div>\t\t\t\t\t\t\t\t\t\t\t<\/div>\r\n\t\t\t\t<\/div>\r\n\r\n\t\t\t\t\t\t<div style=\"clear: both;\"><\/div><\/div><div class=\"slideshow_view\">\r\n\t\t\t\t<div class=\"slideshow_slide slideshow_slide_image\">\r\n\t\t\t\t\t\t\t\t\t\t\t<img src=\"https:\/\/agora.xtec.cat\/ieslaromanica\/wp-content\/uploads\/usu857\/2026\/01\/\ud83c\udf89-EXIT-DE-LA-2a-MOSTRA-DE-CATIFES-DE-BARBERA-DEL-VALLES-Dedicada-al-mon-del-Ball-de-Bastons-i-4.jpg\" alt=\"\ud83c\udf89 E\u0300XIT DE LA 2a MOSTRA DE CATIFES DE BARBERA\u0300 DEL VALLE\u0300S! Dedicada al mo\u0301n del Ball de Bastons i (4)\" width=\"1080\" height=\"609\" \/>\r\n\t\t\t\t\t\t\t\t\t\t<div class=\"slideshow_description_box slideshow_transparent\">\r\n\t\t\t\t\t\t<div class=\"slideshow_title\">\ud83c\udf89 E\u0300XIT DE LA 2a MOSTRA DE CATIFES DE BARBERA\u0300 DEL VALLE\u0300S! Dedicada al mo\u0301n del Ball de Bastons i (4)<\/div>\t\t\t\t\t\t\t\t\t\t\t<\/div>\r\n\t\t\t\t<\/div>\r\n\r\n\t\t\t\t\t\t<div style=\"clear: both;\"><\/div><\/div><div class=\"slideshow_view\">\r\n\t\t\t\t<div class=\"slideshow_slide slideshow_slide_image\">\r\n\t\t\t\t\t\t\t\t\t\t\t<img src=\"https:\/\/agora.xtec.cat\/ieslaromanica\/wp-content\/uploads\/usu857\/2026\/01\/\ud83c\udf89-EXIT-DE-LA-2a-MOSTRA-DE-CATIFES-DE-BARBERA-DEL-VALLES-Dedicada-al-mon-del-Ball-de-Bastons-i-5.jpg\" alt=\"\ud83c\udf89 E\u0300XIT DE LA 2a MOSTRA DE CATIFES DE BARBERA\u0300 DEL VALLE\u0300S! Dedicada al mo\u0301n del Ball de Bastons i (5)\" width=\"1080\" height=\"609\" \/>\r\n\t\t\t\t\t\t\t\t\t\t<div class=\"slideshow_description_box slideshow_transparent\">\r\n\t\t\t\t\t\t<div class=\"slideshow_title\">\ud83c\udf89 E\u0300XIT DE LA 2a MOSTRA DE CATIFES DE BARBERA\u0300 DEL VALLE\u0300S! Dedicada al mo\u0301n del Ball de Bastons i (5)<\/div>\t\t\t\t\t\t\t\t\t\t\t<\/div>\r\n\t\t\t\t<\/div>\r\n\r\n\t\t\t\t\t\t<div style=\"clear: both;\"><\/div><\/div><div class=\"slideshow_view\">\r\n\t\t\t\t<div class=\"slideshow_slide slideshow_slide_image\">\r\n\t\t\t\t\t\t\t\t\t\t\t<img src=\"https:\/\/agora.xtec.cat\/ieslaromanica\/wp-content\/uploads\/usu857\/2026\/01\/\ud83c\udf89-EXIT-DE-LA-2a-MOSTRA-DE-CATIFES-DE-BARBERA-DEL-VALLES-Dedicada-al-mon-del-Ball-de-Bastons-i-6.jpg\" alt=\"\ud83c\udf89 E\u0300XIT DE LA 2a MOSTRA DE CATIFES DE BARBERA\u0300 DEL VALLE\u0300S! Dedicada al mo\u0301n del Ball de Bastons i (6)\" width=\"1080\" height=\"609\" \/>\r\n\t\t\t\t\t\t\t\t\t\t<div class=\"slideshow_description_box slideshow_transparent\">\r\n\t\t\t\t\t\t<div class=\"slideshow_title\">\ud83c\udf89 E\u0300XIT DE LA 2a MOSTRA DE CATIFES DE BARBERA\u0300 DEL VALLE\u0300S! Dedicada al mo\u0301n del Ball de Bastons i (6)<\/div>\t\t\t\t\t\t\t\t\t\t\t<\/div>\r\n\t\t\t\t<\/div>\r\n\r\n\t\t\t\t\t\t<div style=\"clear: both;\"><\/div><\/div><div class=\"slideshow_view\">\r\n\t\t\t\t<div class=\"slideshow_slide slideshow_slide_image\">\r\n\t\t\t\t\t\t\t\t\t\t\t<img src=\"https:\/\/agora.xtec.cat\/ieslaromanica\/wp-content\/uploads\/usu857\/2026\/01\/\ud83c\udf89-EXIT-DE-LA-2a-MOSTRA-DE-CATIFES-DE-BARBERA-DEL-VALLES-Dedicada-al-mon-del-Ball-de-Bastons-i-7.jpg\" alt=\"\ud83c\udf89 E\u0300XIT DE LA 2a MOSTRA DE CATIFES DE BARBERA\u0300 DEL VALLE\u0300S! Dedicada al mo\u0301n del Ball de Bastons i (7)\" width=\"1080\" height=\"609\" \/>\r\n\t\t\t\t\t\t\t\t\t\t<div class=\"slideshow_description_box slideshow_transparent\">\r\n\t\t\t\t\t\t<div class=\"slideshow_title\">\ud83c\udf89 E\u0300XIT DE LA 2a MOSTRA DE CATIFES DE BARBERA\u0300 DEL VALLE\u0300S! Dedicada al mo\u0301n del Ball de Bastons i (7)<\/div>\t\t\t\t\t\t\t\t\t\t\t<\/div>\r\n\t\t\t\t<\/div>\r\n\r\n\t\t\t\t\t\t<div style=\"clear: both;\"><\/div><\/div><div class=\"slideshow_view\">\r\n\t\t\t\t<div class=\"slideshow_slide slideshow_slide_image\">\r\n\t\t\t\t\t\t\t\t\t\t\t<img src=\"https:\/\/agora.xtec.cat\/ieslaromanica\/wp-content\/uploads\/usu857\/2026\/01\/\ud83c\udf89-EXIT-DE-LA-2a-MOSTRA-DE-CATIFES-DE-BARBERA-DEL-VALLES-Dedicada-al-mon-del-Ball-de-Bastons-i-8.jpg\" alt=\"\ud83c\udf89 E\u0300XIT DE LA 2a MOSTRA DE CATIFES DE BARBERA\u0300 DEL VALLE\u0300S! Dedicada al mo\u0301n del Ball de Bastons i (8)\" width=\"1080\" height=\"609\" \/>\r\n\t\t\t\t\t\t\t\t\t\t<div class=\"slideshow_description_box slideshow_transparent\">\r\n\t\t\t\t\t\t<div class=\"slideshow_title\">\ud83c\udf89 E\u0300XIT DE LA 2a MOSTRA DE CATIFES DE BARBERA\u0300 DEL VALLE\u0300S! Dedicada al mo\u0301n del Ball de Bastons i (8)<\/div>\t\t\t\t\t\t\t\t\t\t\t<\/div>\r\n\t\t\t\t<\/div>\r\n\r\n\t\t\t\t\t\t<div style=\"clear: both;\"><\/div><\/div><div class=\"slideshow_view\">\r\n\t\t\t\t<div class=\"slideshow_slide slideshow_slide_image\">\r\n\t\t\t\t\t\t\t\t\t\t\t<img src=\"https:\/\/agora.xtec.cat\/ieslaromanica\/wp-content\/uploads\/usu857\/2026\/01\/\ud83c\udf89-EXIT-DE-LA-2a-MOSTRA-DE-CATIFES-DE-BARBERA-DEL-VALLES-Dedicada-al-mon-del-Ball-de-Bastons-i-9.jpg\" alt=\"\ud83c\udf89 E\u0300XIT DE LA 2a MOSTRA DE CATIFES DE BARBERA\u0300 DEL VALLE\u0300S! Dedicada al mo\u0301n del Ball de Bastons i (9)\" width=\"1080\" height=\"609\" \/>\r\n\t\t\t\t\t\t\t\t\t\t<div class=\"slideshow_description_box slideshow_transparent\">\r\n\t\t\t\t\t\t<div class=\"slideshow_title\">\ud83c\udf89 E\u0300XIT DE LA 2a MOSTRA DE CATIFES DE BARBERA\u0300 DEL VALLE\u0300S! Dedicada al mo\u0301n del Ball de Bastons i (9)<\/div>\t\t\t\t\t\t\t\t\t\t\t<\/div>\r\n\t\t\t\t<\/div>\r\n\r\n\t\t\t\t\t\t<div style=\"clear: both;\"><\/div><\/div><div class=\"slideshow_view\">\r\n\t\t\t\t<div class=\"slideshow_slide slideshow_slide_image\">\r\n\t\t\t\t\t\t\t\t\t\t\t<img src=\"https:\/\/agora.xtec.cat\/ieslaromanica\/wp-content\/uploads\/usu857\/2026\/01\/\ud83c\udf89-EXIT-DE-LA-2a-MOSTRA-DE-CATIFES-DE-BARBERA-DEL-VALLES-Dedicada-al-mon-del-Ball-de-Bastons-i-11.jpg\" alt=\"\ud83c\udf89 E\u0300XIT DE LA 2a MOSTRA DE CATIFES DE BARBERA\u0300 DEL VALLE\u0300S! Dedicada al mo\u0301n del Ball de Bastons i (11)\" width=\"1080\" height=\"609\" \/>\r\n\t\t\t\t\t\t\t\t\t\t<div class=\"slideshow_description_box slideshow_transparent\">\r\n\t\t\t\t\t\t<div class=\"slideshow_title\">\ud83c\udf89 E\u0300XIT DE LA 2a MOSTRA DE CATIFES DE BARBERA\u0300 DEL VALLE\u0300S! Dedicada al mo\u0301n del Ball de Bastons i (11)<\/div>\t\t\t\t\t\t\t\t\t\t\t<\/div>\r\n\t\t\t\t<\/div>\r\n\r\n\t\t\t\t\t\t<div style=\"clear: both;\"><\/div><\/div><div class=\"slideshow_view\">\r\n\t\t\t\t<div class=\"slideshow_slide slideshow_slide_image\">\r\n\t\t\t\t\t\t\t\t\t\t\t<img src=\"https:\/\/agora.xtec.cat\/ieslaromanica\/wp-content\/uploads\/usu857\/2026\/01\/\ud83c\udf89-EXIT-DE-LA-2a-MOSTRA-DE-CATIFES-DE-BARBERA-DEL-VALLES-Dedicada-al-mon-del-Ball-de-Bastons-i-10.jpg\" alt=\"\ud83c\udf89 E\u0300XIT DE LA 2a MOSTRA DE CATIFES DE BARBERA\u0300 DEL VALLE\u0300S! Dedicada al mo\u0301n del Ball de Bastons i (10)\" width=\"1080\" height=\"609\" \/>\r\n\t\t\t\t\t\t\t\t\t\t<div class=\"slideshow_description_box slideshow_transparent\">\r\n\t\t\t\t\t\t<div class=\"slideshow_title\">\ud83c\udf89 E\u0300XIT DE LA 2a MOSTRA DE CATIFES DE BARBERA\u0300 DEL VALLE\u0300S! Dedicada al mo\u0301n del Ball de Bastons i (10)<\/div>\t\t\t\t\t\t\t\t\t\t\t<\/div>\r\n\t\t\t\t<\/div>\r\n\r\n\t\t\t\t\t\t<div style=\"clear: both;\"><\/div><\/div><div class=\"slideshow_view\">\r\n\t\t\t\t<div class=\"slideshow_slide slideshow_slide_image\">\r\n\t\t\t\t\t\t\t\t\t\t\t<img src=\"https:\/\/agora.xtec.cat\/ieslaromanica\/wp-content\/uploads\/usu857\/2026\/01\/\ud83c\udf89-EXIT-DE-LA-2a-MOSTRA-DE-CATIFES-DE-BARBERA-DEL-VALLES-Dedicada-al-mon-del-Ball-de-Bastons-i-12.jpg\" alt=\"\ud83c\udf89 E\u0300XIT DE LA 2a MOSTRA DE CATIFES DE BARBERA\u0300 DEL VALLE\u0300S! Dedicada al mo\u0301n del Ball de Bastons i (12)\" width=\"1080\" height=\"604\" \/>\r\n\t\t\t\t\t\t\t\t\t\t<div class=\"slideshow_description_box slideshow_transparent\">\r\n\t\t\t\t\t\t<div class=\"slideshow_title\">\ud83c\udf89 E\u0300XIT DE LA 2a MOSTRA DE CATIFES DE BARBERA\u0300 DEL VALLE\u0300S! Dedicada al mo\u0301n del Ball de Bastons i (12)<\/div>\t\t\t\t\t\t\t\t\t\t\t<\/div>\r\n\t\t\t\t<\/div>\r\n\r\n\t\t\t\t\t\t<div style=\"clear: both;\"><\/div><\/div><div class=\"slideshow_view\">\r\n\t\t\t\t<div class=\"slideshow_slide slideshow_slide_image\">\r\n\t\t\t\t\t\t\t\t\t\t\t<img src=\"https:\/\/agora.xtec.cat\/ieslaromanica\/wp-content\/uploads\/usu857\/2026\/01\/\ud83c\udf89-EXIT-DE-LA-2a-MOSTRA-DE-CATIFES-DE-BARBERA-DEL-VALLES-Dedicada-al-mon-del-Ball-de-Bastons-i-13.jpg\" alt=\"\ud83c\udf89 E\u0300XIT DE LA 2a MOSTRA DE CATIFES DE BARBERA\u0300 DEL VALLE\u0300S! Dedicada al mo\u0301n del Ball de Bastons i (13)\" width=\"1080\" height=\"609\" \/>\r\n\t\t\t\t\t\t\t\t\t\t<div class=\"slideshow_description_box slideshow_transparent\">\r\n\t\t\t\t\t\t<div class=\"slideshow_title\">\ud83c\udf89 E\u0300XIT DE LA 2a MOSTRA DE CATIFES DE BARBERA\u0300 DEL VALLE\u0300S! Dedicada al mo\u0301n del Ball de Bastons i (13)<\/div>\t\t\t\t\t\t\t\t\t\t\t<\/div>\r\n\t\t\t\t<\/div>\r\n\r\n\t\t\t\t\t\t<div style=\"clear: both;\"><\/div><\/div><div class=\"slideshow_view\">\r\n\t\t\t\t<div class=\"slideshow_slide slideshow_slide_image\">\r\n\t\t\t\t\t\t\t\t\t\t\t<img src=\"https:\/\/agora.xtec.cat\/ieslaromanica\/wp-content\/uploads\/usu857\/2026\/01\/\ud83c\udf89-EXIT-DE-LA-2a-MOSTRA-DE-CATIFES-DE-BARBERA-DEL-VALLES-Dedicada-al-mon-del-Ball-de-Bastons-i-14.jpg\" alt=\"\ud83c\udf89 E\u0300XIT DE LA 2a MOSTRA DE CATIFES DE BARBERA\u0300 DEL VALLE\u0300S! Dedicada al mo\u0301n del Ball de Bastons i (14)\" width=\"1080\" height=\"609\" \/>\r\n\t\t\t\t\t\t\t\t\t\t<div class=\"slideshow_description_box slideshow_transparent\">\r\n\t\t\t\t\t\t<div class=\"slideshow_title\">\ud83c\udf89 E\u0300XIT DE LA 2a MOSTRA DE CATIFES DE BARBERA\u0300 DEL VALLE\u0300S! Dedicada al mo\u0301n del Ball de Bastons i (14)<\/div>\t\t\t\t\t\t\t\t\t\t\t<\/div>\r\n\t\t\t\t<\/div>\r\n\r\n\t\t\t\t\t\t<div style=\"clear: both;\"><\/div><\/div>\r\n\t\t<\/div>\r\n\r\n\t\t<div class=\"slideshow_controlPanel slideshow_transparent\" style=\"display: none;\"><ul><li class=\"slideshow_togglePlay\" data-play-text=\"Visualitza\" data-pause-text=\"Pausa\"><\/li><\/ul><\/div>\r\n\r\n\t\t<div class=\"slideshow_button slideshow_previous slideshow_transparent\" role=\"button\" data-previous-text=\"Anterior\" style=\"display: none;\"><\/div>\r\n\t\t<div class=\"slideshow_button slideshow_next slideshow_transparent\" role=\"button\" data-next-text=\"Seg\u00fcent\" style=\"display: none;\"><\/div>\r\n\r\n\t\t<div class=\"slideshow_pagination\" style=\"display: none;\" data-go-to-text=\"V\u00e9s a la diapositiva\"><div class=\"slideshow_pagination_center\"><\/div><\/div>\r\n\r\n\t\t<!-- WordPress Slideshow Version 2.3.1 -->\r\n\r\n\t\t\t<\/div>\r\n\r\n\n","protected":false},"excerpt":{"rendered":"<p>\u00c8XIT DE LA 2a MOSTRA DE CATIFES DE BARBER\u00c0 DEL VALL\u00c8S! Dedicada al m\u00f3n del Ball de Bastons i emmarcada en la setmana del DASC 2025<br \/>\nAvui al mat\u00ed, divendres 6 de juny de 2025, la Pla\u00e7a Mil\u00b7lenari s\u2019ha omplert de colors, tradici\u00f3 i emoci\u00f3 amb&hellip;  <a href=\"https:\/\/agora.xtec.cat\/ieslaromanica\/general\/2a-mostra-de-catifes-de-barbera-del-valles\/\" title=\"Read 2a Mostra de Catifes de Barber\u00e0 del Vall\u00e8s\">Llegeix m\u00e9s\u00bb<\/a><\/p>\n","protected":false},"author":34,"featured_media":25828,"comment_status":"open","ping_status":"open","sticky":false,"template":"","format":"standard","meta":{"_bbp_topic_count":0,"_bbp_reply_count":0,"_bbp_total_topic_count":0,"_bbp_total_reply_count":0,"_bbp_voice_count":0,"_bbp_anonymous_reply_count":0,"_bbp_topic_count_hidden":0,"_bbp_reply_count_hidden":0,"_bbp_forum_subforum_count":0,"footnotes":""},"categories":[1],"tags":[],"class_list":["post-25812","post","type-post","status-publish","format-standard","has-post-thumbnail","hentry","category-general"],"post_mailing_queue_ids":[],"_links":{"self":[{"href":"https:\/\/agora.xtec.cat\/ieslaromanica\/wp-json\/wp\/v2\/posts\/25812","targetHints":{"allow":["GET"]}}],"collection":[{"href":"https:\/\/agora.xtec.cat\/ieslaromanica\/wp-json\/wp\/v2\/posts"}],"about":[{"href":"https:\/\/agora.xtec.cat\/ieslaromanica\/wp-json\/wp\/v2\/types\/post"}],"author":[{"embeddable":true,"href":"https:\/\/agora.xtec.cat\/ieslaromanica\/wp-json\/wp\/v2\/users\/34"}],"replies":[{"embeddable":true,"href":"https:\/\/agora.xtec.cat\/ieslaromanica\/wp-json\/wp\/v2\/comments?post=25812"}],"version-history":[{"count":2,"href":"https:\/\/agora.xtec.cat\/ieslaromanica\/wp-json\/wp\/v2\/posts\/25812\/revisions"}],"predecessor-version":[{"id":25830,"href":"https:\/\/agora.xtec.cat\/ieslaromanica\/wp-json\/wp\/v2\/posts\/25812\/revisions\/25830"}],"wp:featuredmedia":[{"embeddable":true,"href":"https:\/\/agora.xtec.cat\/ieslaromanica\/wp-json\/wp\/v2\/media\/25828"}],"wp:attachment":[{"href":"https:\/\/agora.xtec.cat\/ieslaromanica\/wp-json\/wp\/v2\/media?parent=25812"}],"wp:term":[{"taxonomy":"category","embeddable":true,"href":"https:\/\/agora.xtec.cat\/ieslaromanica\/wp-json\/wp\/v2\/categories?post=25812"},{"taxonomy":"post_tag","embeddable":true,"href":"https:\/\/agora.xtec.cat\/ieslaromanica\/wp-json\/wp\/v2\/tags?post=25812"}],"curies":[{"name":"wp","href":"https:\/\/api.w.org\/{rel}","templated":true}]}}