{"id":25756,"date":"2026-01-22T09:25:28","date_gmt":"2026-01-22T08:25:28","guid":{"rendered":"https:\/\/agora.xtec.cat\/ieslaromanica\/?p=25756"},"modified":"2026-01-22T09:25:28","modified_gmt":"2026-01-22T08:25:28","slug":"taller-de-mobilitat-segura-3r-deso","status":"publish","type":"post","link":"https:\/\/agora.xtec.cat\/ieslaromanica\/general\/taller-de-mobilitat-segura-3r-deso\/","title":{"rendered":"Taller de mobilitat segura 3r d&#8217;ESO"},"content":{"rendered":"<p style=\"text-align: justify;\" data-pm-slice=\"1 1 []\">El passat dilluns 12 de gener, el dimarts 13 i el dimecres 21 de gener, l&#8217;alumnat de 3r d&#8217;ESO ha realitzat un taller preventiu de Mobilitat Segura. Aquest programa, que \u00e9s organitzat per la Policia Local de Barber\u00e0 del Vall\u00e8s i adre\u00e7at als centres educatius de Prim\u00e0ria i de Secund\u00e0ria del municipi, t\u00e9 l&#8217;objectiu de promoure una mobilitat responsable, segura i respectuosa amb l&#8217;entorn.<\/p>\n<p style=\"text-align: justify;\">Concretament, el nostre alumnat ha realitzat un taller sobre l&#8217;\u00fas correcte dels patinets el\u00e8ctrics, una realitat que ha estat objecte d&#8217;una necess\u00e0ria revisi\u00f3 de les normatives de circulaci\u00f3 arreu d&#8217;Europa. Aix\u00ed doncs, amb aquesta activitat, han pogut con\u00e8ixer els principals aspectes a tenir en compte si volen circular amb un VMP, com ara, quina \u00e9s l&#8217;edat m\u00ednima per conduir aquest vehicle, qu\u00e8 han de fer si circulen amb patinet i qu\u00e8 no poden fer, on poden estacionar i quines infraccions s&#8217;apliquen en els casos d&#8217;incompliment de la normativa.<\/p>\n<p style=\"text-align: justify;\">El format del taller ha estat interessant i din\u00e0mic i pensem que activitats com aquesta contribueixen a formar joves m\u00e9s responsables i compromesos amb una mobilitat segura i sostenible.<\/p>\n<p><a href=\"https:\/\/agora.xtec.cat\/ieslaromanica\/wp-content\/uploads\/usu857\/2026\/01\/IMG-20260114-WA0009-scaled.jpg\"><img loading=\"lazy\" decoding=\"async\" class=\"size-large wp-image-25758 aligncenter\" src=\"https:\/\/agora.xtec.cat\/ieslaromanica\/wp-content\/uploads\/usu857\/2026\/01\/IMG-20260114-WA0009-1024x576.jpg\" alt=\"\" width=\"1024\" height=\"576\" srcset=\"https:\/\/agora.xtec.cat\/ieslaromanica\/wp-content\/uploads\/usu857\/2026\/01\/IMG-20260114-WA0009-1024x576.jpg 1024w, https:\/\/agora.xtec.cat\/ieslaromanica\/wp-content\/uploads\/usu857\/2026\/01\/IMG-20260114-WA0009-300x169.jpg 300w, https:\/\/agora.xtec.cat\/ieslaromanica\/wp-content\/uploads\/usu857\/2026\/01\/IMG-20260114-WA0009-768x432.jpg 768w, https:\/\/agora.xtec.cat\/ieslaromanica\/wp-content\/uploads\/usu857\/2026\/01\/IMG-20260114-WA0009-1536x864.jpg 1536w, https:\/\/agora.xtec.cat\/ieslaromanica\/wp-content\/uploads\/usu857\/2026\/01\/IMG-20260114-WA0009-2048x1153.jpg 2048w\" sizes=\"auto, (max-width: 1024px) 100vw, 1024px\" \/><\/a><\/p>\n<p>&nbsp;<\/p>\n<p><a href=\"https:\/\/agora.xtec.cat\/ieslaromanica\/wp-content\/uploads\/usu857\/2026\/01\/1000078883-1-scaled.jpg\"><img loading=\"lazy\" decoding=\"async\" class=\"size-large wp-image-25757 aligncenter\" src=\"https:\/\/agora.xtec.cat\/ieslaromanica\/wp-content\/uploads\/usu857\/2026\/01\/1000078883-1-768x1024.jpg\" alt=\"\" width=\"768\" height=\"1024\" srcset=\"https:\/\/agora.xtec.cat\/ieslaromanica\/wp-content\/uploads\/usu857\/2026\/01\/1000078883-1-768x1024.jpg 768w, https:\/\/agora.xtec.cat\/ieslaromanica\/wp-content\/uploads\/usu857\/2026\/01\/1000078883-1-225x300.jpg 225w, https:\/\/agora.xtec.cat\/ieslaromanica\/wp-content\/uploads\/usu857\/2026\/01\/1000078883-1-1152x1536.jpg 1152w, https:\/\/agora.xtec.cat\/ieslaromanica\/wp-content\/uploads\/usu857\/2026\/01\/1000078883-1-1536x2048.jpg 1536w, https:\/\/agora.xtec.cat\/ieslaromanica\/wp-content\/uploads\/usu857\/2026\/01\/1000078883-1-scaled.jpg 1920w\" sizes=\"auto, (max-width: 768px) 100vw, 768px\" \/><\/a><\/p>\n<p>&nbsp;<\/p>\n","protected":false},"excerpt":{"rendered":"<p>El passat dilluns 12 de gener, el dimarts 13 i el dimecres 21 de gener, l&#8217;alumnat de 3r d&#8217;ESO ha realitzat un taller preventiu de Mobilitat Segura. Aquest programa, que \u00e9s organitzat per la Policia Local de Barber\u00e0 del Vall\u00e8s i adre\u00e7at als centres educatius&hellip;  <a href=\"https:\/\/agora.xtec.cat\/ieslaromanica\/general\/taller-de-mobilitat-segura-3r-deso\/\" title=\"Read Taller de mobilitat segura 3r d&#8217;ESO\">Llegeix m\u00e9s\u00bb<\/a><\/p>\n","protected":false},"author":34,"featured_media":25758,"comment_status":"open","ping_status":"open","sticky":false,"template":"","format":"standard","meta":{"_bbp_topic_count":0,"_bbp_reply_count":0,"_bbp_total_topic_count":0,"_bbp_total_reply_count":0,"_bbp_voice_count":0,"_bbp_anonymous_reply_count":0,"_bbp_topic_count_hidden":0,"_bbp_reply_count_hidden":0,"_bbp_forum_subforum_count":0,"footnotes":""},"categories":[1],"tags":[],"class_list":["post-25756","post","type-post","status-publish","format-standard","has-post-thumbnail","hentry","category-general"],"post_mailing_queue_ids":[],"_links":{"self":[{"href":"https:\/\/agora.xtec.cat\/ieslaromanica\/wp-json\/wp\/v2\/posts\/25756","targetHints":{"allow":["GET"]}}],"collection":[{"href":"https:\/\/agora.xtec.cat\/ieslaromanica\/wp-json\/wp\/v2\/posts"}],"about":[{"href":"https:\/\/agora.xtec.cat\/ieslaromanica\/wp-json\/wp\/v2\/types\/post"}],"author":[{"embeddable":true,"href":"https:\/\/agora.xtec.cat\/ieslaromanica\/wp-json\/wp\/v2\/users\/34"}],"replies":[{"embeddable":true,"href":"https:\/\/agora.xtec.cat\/ieslaromanica\/wp-json\/wp\/v2\/comments?post=25756"}],"version-history":[{"count":1,"href":"https:\/\/agora.xtec.cat\/ieslaromanica\/wp-json\/wp\/v2\/posts\/25756\/revisions"}],"predecessor-version":[{"id":25759,"href":"https:\/\/agora.xtec.cat\/ieslaromanica\/wp-json\/wp\/v2\/posts\/25756\/revisions\/25759"}],"wp:featuredmedia":[{"embeddable":true,"href":"https:\/\/agora.xtec.cat\/ieslaromanica\/wp-json\/wp\/v2\/media\/25758"}],"wp:attachment":[{"href":"https:\/\/agora.xtec.cat\/ieslaromanica\/wp-json\/wp\/v2\/media?parent=25756"}],"wp:term":[{"taxonomy":"category","embeddable":true,"href":"https:\/\/agora.xtec.cat\/ieslaromanica\/wp-json\/wp\/v2\/categories?post=25756"},{"taxonomy":"post_tag","embeddable":true,"href":"https:\/\/agora.xtec.cat\/ieslaromanica\/wp-json\/wp\/v2\/tags?post=25756"}],"curies":[{"name":"wp","href":"https:\/\/api.w.org\/{rel}","templated":true}]}}