{"id":25695,"date":"2025-12-15T14:51:09","date_gmt":"2025-12-15T13:51:09","guid":{"rendered":"https:\/\/agora.xtec.cat\/ieslaromanica\/?p=25695"},"modified":"2026-01-27T17:08:24","modified_gmt":"2026-01-27T16:08:24","slug":"22-dies-en-22-peus-confeccio-danemometres","status":"publish","type":"post","link":"https:\/\/agora.xtec.cat\/ieslaromanica\/general\/22-dies-en-22-peus-confeccio-danemometres\/","title":{"rendered":"22 dies en 22 peus: confecci\u00f3 d&#8217;anem\u00f2metres"},"content":{"rendered":"<p style=\"text-align: justify;\">Els i les navegants que participen en la MiniTransat nom\u00e9s reben la informaci\u00f3 meteorol\u00f2gica a trav\u00e9s de la r\u00e0dio. Per aix\u00f2 \u00e9s molt important saber interpretar el cel, els canvis de pressi\u00f3, la velocitat i la direcci\u00f3 del vent. Un dels reptes proposats pel projecte &#8220;22 dies en 22 peus&#8221; ha estat la construcci\u00f3 d&#8217;un anem\u00f2metre casol\u00e0 per poder mesurar la velocitat i la direcci\u00f3 del vent.<\/p>\n<p style=\"text-align: justify;\">A continuaci\u00f3 teniu algunes fotos del proc\u00e9s de construcci\u00f3 dels 5 anem\u00f2metres que hem fet a classe seguint les instruccions del model proposat, tamb\u00e9 veure-ho la fotografia d&#8217;un altre model creat per l&#8217;Izan.<\/p>\n<p style=\"text-align: justify;\">Ara nom\u00e9s ens queda que deixi de ploure i poder sortir al pati a provar-lo.<\/p>\n<p>Per calcular la velocitat del vent seguirem el seg\u00fcent proc\u00e9s:<\/p>\n<ul>\n<li>Pintarem de color una de les cassoletes per poder comptar visualment les voltes que fa en un determinat temps mesurat, a major nombre de voltes major velocitat del vent.<\/li>\n<li>Calcularem el radi de cada volta per poder tenir les revolucions per minut i despr\u00e9s ho passarem a nusos.<\/li>\n<\/ul>\n<p>Ja us ho explicarem tornat de festes!<\/p>\n\n","protected":false},"excerpt":{"rendered":"<p>Els i les navegants que participen en la MiniTransat nom\u00e9s reben la informaci\u00f3 meteorol\u00f2gica a trav\u00e9s de la r\u00e0dio. Per aix\u00f2 \u00e9s molt important saber interpretar el cel, els canvis de pressi\u00f3, la velocitat i la direcci\u00f3 del vent. Un dels reptes proposats pel projecte&hellip;  <a href=\"https:\/\/agora.xtec.cat\/ieslaromanica\/general\/22-dies-en-22-peus-confeccio-danemometres\/\" title=\"Read 22 dies en 22 peus: confecci\u00f3 d&#8217;anem\u00f2metres\">Llegeix m\u00e9s\u00bb<\/a><\/p>\n","protected":false},"author":34,"featured_media":0,"comment_status":"open","ping_status":"open","sticky":false,"template":"","format":"standard","meta":{"_bbp_topic_count":0,"_bbp_reply_count":0,"_bbp_total_topic_count":0,"_bbp_total_reply_count":0,"_bbp_voice_count":0,"_bbp_anonymous_reply_count":0,"_bbp_topic_count_hidden":0,"_bbp_reply_count_hidden":0,"_bbp_forum_subforum_count":0,"footnotes":""},"categories":[1],"tags":[],"class_list":["post-25695","post","type-post","status-publish","format-standard","hentry","category-general"],"post_mailing_queue_ids":[],"_links":{"self":[{"href":"https:\/\/agora.xtec.cat\/ieslaromanica\/wp-json\/wp\/v2\/posts\/25695","targetHints":{"allow":["GET"]}}],"collection":[{"href":"https:\/\/agora.xtec.cat\/ieslaromanica\/wp-json\/wp\/v2\/posts"}],"about":[{"href":"https:\/\/agora.xtec.cat\/ieslaromanica\/wp-json\/wp\/v2\/types\/post"}],"author":[{"embeddable":true,"href":"https:\/\/agora.xtec.cat\/ieslaromanica\/wp-json\/wp\/v2\/users\/34"}],"replies":[{"embeddable":true,"href":"https:\/\/agora.xtec.cat\/ieslaromanica\/wp-json\/wp\/v2\/comments?post=25695"}],"version-history":[{"count":1,"href":"https:\/\/agora.xtec.cat\/ieslaromanica\/wp-json\/wp\/v2\/posts\/25695\/revisions"}],"predecessor-version":[{"id":25852,"href":"https:\/\/agora.xtec.cat\/ieslaromanica\/wp-json\/wp\/v2\/posts\/25695\/revisions\/25852"}],"wp:attachment":[{"href":"https:\/\/agora.xtec.cat\/ieslaromanica\/wp-json\/wp\/v2\/media?parent=25695"}],"wp:term":[{"taxonomy":"category","embeddable":true,"href":"https:\/\/agora.xtec.cat\/ieslaromanica\/wp-json\/wp\/v2\/categories?post=25695"},{"taxonomy":"post_tag","embeddable":true,"href":"https:\/\/agora.xtec.cat\/ieslaromanica\/wp-json\/wp\/v2\/tags?post=25695"}],"curies":[{"name":"wp","href":"https:\/\/api.w.org\/{rel}","templated":true}]}}