{"id":25678,"date":"2025-12-17T14:29:32","date_gmt":"2025-12-17T13:29:32","guid":{"rendered":"https:\/\/agora.xtec.cat\/ieslaromanica\/?p=25678"},"modified":"2025-12-17T14:29:32","modified_gmt":"2025-12-17T13:29:32","slug":"lafa-fa-el-sorteig-de-les-paneres-de-nadal-2025","status":"publish","type":"post","link":"https:\/\/agora.xtec.cat\/ieslaromanica\/general\/lafa-fa-el-sorteig-de-les-paneres-de-nadal-2025\/","title":{"rendered":"L&#8217;AFA fa el sorteig de les paneres de Nadal 2025!"},"content":{"rendered":"<p style=\"text-align: justify;\">Ahir l&#8217;AFA va tornar a fer el sorteig de tres paneres entre totes les fam\u00edlies s\u00f2cies de l&#8217;associaci\u00f3, essent un petit detall per aquestes dates assenyalades carregat de bones intencions i molt\u00edssima il\u00b7lusi\u00f3. Avui, l&#8217;Adri\u00e0, com a responsable de dinamitzaci\u00f3 d&#8217;alumnat i fam\u00edlies, ha anat a buscar les tres persones guanyadores del sorteig i els hi ha explicat tot plegat. La cara de totes tres quan han sabut del premi ha estat pura m\u00e0gia. Res com un somriure sincer i uns ulls brillants per dur joia al cor.<\/p>\n<p style=\"text-align: justify;\">Enhorabona a les fam\u00edlies guanyadores, per\u00f2 per davant de tot, GR\u00c0CIES I M\u00c9S GR\u00c0CIES a totes les persones que feu possible la nostra AFA. Les fam\u00edlies som una part essencial de la comunitat educativa i la nostra implicaci\u00f3 \u00e9s indispensable. Gr\u00e0cies a tothom per ajudar a treure el millor de l&#8217;Institut La Rom\u00e0nica.<\/p>\n<p><strong>VISCA L&#8217;INSTITUT LA ROM\u00c0NICA I LA SEVA COMUNITAT EDUCATIVA! BONES FESTES I BONA ENTRADA D&#8217;ANY NOU 2026!<\/strong><\/p>\n<p><a href=\"https:\/\/agora.xtec.cat\/ieslaromanica\/wp-content\/uploads\/usu857\/2025\/12\/IMG_4020-1-scaled.jpg\"><img loading=\"lazy\" decoding=\"async\" class=\"size-large wp-image-25679 aligncenter\" src=\"https:\/\/agora.xtec.cat\/ieslaromanica\/wp-content\/uploads\/usu857\/2025\/12\/IMG_4020-1-1024x768.jpg\" alt=\"\" width=\"1024\" height=\"768\" srcset=\"https:\/\/agora.xtec.cat\/ieslaromanica\/wp-content\/uploads\/usu857\/2025\/12\/IMG_4020-1-1024x768.jpg 1024w, https:\/\/agora.xtec.cat\/ieslaromanica\/wp-content\/uploads\/usu857\/2025\/12\/IMG_4020-1-300x225.jpg 300w, https:\/\/agora.xtec.cat\/ieslaromanica\/wp-content\/uploads\/usu857\/2025\/12\/IMG_4020-1-768x576.jpg 768w, https:\/\/agora.xtec.cat\/ieslaromanica\/wp-content\/uploads\/usu857\/2025\/12\/IMG_4020-1-1536x1152.jpg 1536w, https:\/\/agora.xtec.cat\/ieslaromanica\/wp-content\/uploads\/usu857\/2025\/12\/IMG_4020-1-2048x1536.jpg 2048w, https:\/\/agora.xtec.cat\/ieslaromanica\/wp-content\/uploads\/usu857\/2025\/12\/IMG_4020-1-200x150.jpg 200w\" sizes=\"auto, (max-width: 1024px) 100vw, 1024px\" \/><\/a><\/p>\n","protected":false},"excerpt":{"rendered":"<p>Ahir l&#8217;AFA va tornar a fer el sorteig de tres paneres entre totes les fam\u00edlies s\u00f2cies de l&#8217;associaci\u00f3, essent un petit detall per aquestes dates assenyalades carregat de bones intencions i molt\u00edssima il\u00b7lusi\u00f3. Avui, l&#8217;Adri\u00e0, com a responsable de dinamitzaci\u00f3 d&#8217;alumnat i fam\u00edlies, ha anat&hellip;  <a href=\"https:\/\/agora.xtec.cat\/ieslaromanica\/general\/lafa-fa-el-sorteig-de-les-paneres-de-nadal-2025\/\" title=\"Read L&#8217;AFA fa el sorteig de les paneres de Nadal 2025!\">Llegeix m\u00e9s\u00bb<\/a><\/p>\n","protected":false},"author":34,"featured_media":25679,"comment_status":"open","ping_status":"open","sticky":false,"template":"","format":"standard","meta":{"_bbp_topic_count":0,"_bbp_reply_count":0,"_bbp_total_topic_count":0,"_bbp_total_reply_count":0,"_bbp_voice_count":0,"_bbp_anonymous_reply_count":0,"_bbp_topic_count_hidden":0,"_bbp_reply_count_hidden":0,"_bbp_forum_subforum_count":0,"footnotes":""},"categories":[1],"tags":[],"class_list":["post-25678","post","type-post","status-publish","format-standard","has-post-thumbnail","hentry","category-general"],"post_mailing_queue_ids":[],"_links":{"self":[{"href":"https:\/\/agora.xtec.cat\/ieslaromanica\/wp-json\/wp\/v2\/posts\/25678","targetHints":{"allow":["GET"]}}],"collection":[{"href":"https:\/\/agora.xtec.cat\/ieslaromanica\/wp-json\/wp\/v2\/posts"}],"about":[{"href":"https:\/\/agora.xtec.cat\/ieslaromanica\/wp-json\/wp\/v2\/types\/post"}],"author":[{"embeddable":true,"href":"https:\/\/agora.xtec.cat\/ieslaromanica\/wp-json\/wp\/v2\/users\/34"}],"replies":[{"embeddable":true,"href":"https:\/\/agora.xtec.cat\/ieslaromanica\/wp-json\/wp\/v2\/comments?post=25678"}],"version-history":[{"count":1,"href":"https:\/\/agora.xtec.cat\/ieslaromanica\/wp-json\/wp\/v2\/posts\/25678\/revisions"}],"predecessor-version":[{"id":25680,"href":"https:\/\/agora.xtec.cat\/ieslaromanica\/wp-json\/wp\/v2\/posts\/25678\/revisions\/25680"}],"wp:featuredmedia":[{"embeddable":true,"href":"https:\/\/agora.xtec.cat\/ieslaromanica\/wp-json\/wp\/v2\/media\/25679"}],"wp:attachment":[{"href":"https:\/\/agora.xtec.cat\/ieslaromanica\/wp-json\/wp\/v2\/media?parent=25678"}],"wp:term":[{"taxonomy":"category","embeddable":true,"href":"https:\/\/agora.xtec.cat\/ieslaromanica\/wp-json\/wp\/v2\/categories?post=25678"},{"taxonomy":"post_tag","embeddable":true,"href":"https:\/\/agora.xtec.cat\/ieslaromanica\/wp-json\/wp\/v2\/tags?post=25678"}],"curies":[{"name":"wp","href":"https:\/\/api.w.org\/{rel}","templated":true}]}}