{"id":25583,"date":"2025-12-09T17:25:03","date_gmt":"2025-12-09T16:25:03","guid":{"rendered":"https:\/\/agora.xtec.cat\/ieslaromanica\/?p=25583"},"modified":"2025-12-09T17:25:03","modified_gmt":"2025-12-09T16:25:03","slug":"visitiem-licmab-csic","status":"publish","type":"post","link":"https:\/\/agora.xtec.cat\/ieslaromanica\/general\/visitiem-licmab-csic\/","title":{"rendered":"Visitiem l&#8217;ICMAB-CSIC"},"content":{"rendered":"<p style=\"text-align: justify;\">L&#8217;alumnat\u00a0de 2n curs\u00a0del Cicle\u00a0Superior\u00a0de Laboratori d&#8217; An\u00e0lisi i\u00a0de\u00a0Control\u00a0de Qualitat ha visitat el dimarts\u00a02\u00a0de desembre l&#8217;Institut\u00a0de Ci\u00e8ncies\u00a0de Materials\u00a0ICMAB ubicat al campus\u00a0de la UAB. L&#8217;ICMAB-CSIC\u00a0\u00e9s un centre\u00a0multidisciplinar centrat en la investigaci\u00f3 de vanguardia en materials funcionals avan\u00e7ats en els camps de l&#8217;energia, electr\u00f2nica, nanomedicina, i\u00a0en les seves\u00a0noves aplicacions.\u00a0T\u00e9 l&#8217;acreditaci\u00f3 de centre d&#8217; excel\u00b7l\u00e8ncia \u00abSevero Ochoa\u00bb.<\/p>\n<p><a href=\"https:\/\/agora.xtec.cat\/ieslaromanica\/wp-content\/uploads\/usu857\/2025\/12\/ICMAB_FOTO-1_Visita_2dec_grup-1-scaled.jpg\"><img loading=\"lazy\" decoding=\"async\" class=\"alignnone size-large wp-image-25582\" src=\"https:\/\/agora.xtec.cat\/ieslaromanica\/wp-content\/uploads\/usu857\/2025\/12\/ICMAB_FOTO-1_Visita_2dec_grup-1-1024x683.jpg\" alt=\"\" width=\"1024\" height=\"683\" srcset=\"https:\/\/agora.xtec.cat\/ieslaromanica\/wp-content\/uploads\/usu857\/2025\/12\/ICMAB_FOTO-1_Visita_2dec_grup-1-1024x683.jpg 1024w, https:\/\/agora.xtec.cat\/ieslaromanica\/wp-content\/uploads\/usu857\/2025\/12\/ICMAB_FOTO-1_Visita_2dec_grup-1-300x200.jpg 300w, https:\/\/agora.xtec.cat\/ieslaromanica\/wp-content\/uploads\/usu857\/2025\/12\/ICMAB_FOTO-1_Visita_2dec_grup-1-768x512.jpg 768w, https:\/\/agora.xtec.cat\/ieslaromanica\/wp-content\/uploads\/usu857\/2025\/12\/ICMAB_FOTO-1_Visita_2dec_grup-1-1536x1024.jpg 1536w, https:\/\/agora.xtec.cat\/ieslaromanica\/wp-content\/uploads\/usu857\/2025\/12\/ICMAB_FOTO-1_Visita_2dec_grup-1-2048x1365.jpg 2048w\" sizes=\"auto, (max-width: 1024px) 100vw, 1024px\" \/><\/a><\/p>\n<p><a href=\"https:\/\/agora.xtec.cat\/ieslaromanica\/wp-content\/uploads\/usu857\/2025\/12\/ICMAB_FOTO2_Visita_2dec_Maria-1-scaled.jpg\"><img loading=\"lazy\" decoding=\"async\" class=\"alignnone size-large wp-image-25581\" src=\"https:\/\/agora.xtec.cat\/ieslaromanica\/wp-content\/uploads\/usu857\/2025\/12\/ICMAB_FOTO2_Visita_2dec_Maria-1-1024x683.jpg\" alt=\"\" width=\"1024\" height=\"683\" srcset=\"https:\/\/agora.xtec.cat\/ieslaromanica\/wp-content\/uploads\/usu857\/2025\/12\/ICMAB_FOTO2_Visita_2dec_Maria-1-1024x683.jpg 1024w, https:\/\/agora.xtec.cat\/ieslaromanica\/wp-content\/uploads\/usu857\/2025\/12\/ICMAB_FOTO2_Visita_2dec_Maria-1-300x200.jpg 300w, https:\/\/agora.xtec.cat\/ieslaromanica\/wp-content\/uploads\/usu857\/2025\/12\/ICMAB_FOTO2_Visita_2dec_Maria-1-768x512.jpg 768w, https:\/\/agora.xtec.cat\/ieslaromanica\/wp-content\/uploads\/usu857\/2025\/12\/ICMAB_FOTO2_Visita_2dec_Maria-1-1536x1024.jpg 1536w, https:\/\/agora.xtec.cat\/ieslaromanica\/wp-content\/uploads\/usu857\/2025\/12\/ICMAB_FOTO2_Visita_2dec_Maria-1-2048x1365.jpg 2048w\" sizes=\"auto, (max-width: 1024px) 100vw, 1024px\" \/><\/a><\/p>\n<p><a href=\"https:\/\/agora.xtec.cat\/ieslaromanica\/wp-content\/uploads\/usu857\/2025\/12\/ICMAB_FOTO3_Visita_2dec_SEM-1-scaled.jpg\"><img loading=\"lazy\" decoding=\"async\" class=\"alignnone size-large wp-image-25580\" src=\"https:\/\/agora.xtec.cat\/ieslaromanica\/wp-content\/uploads\/usu857\/2025\/12\/ICMAB_FOTO3_Visita_2dec_SEM-1-1024x683.jpg\" alt=\"\" width=\"1024\" height=\"683\" srcset=\"https:\/\/agora.xtec.cat\/ieslaromanica\/wp-content\/uploads\/usu857\/2025\/12\/ICMAB_FOTO3_Visita_2dec_SEM-1-1024x683.jpg 1024w, https:\/\/agora.xtec.cat\/ieslaromanica\/wp-content\/uploads\/usu857\/2025\/12\/ICMAB_FOTO3_Visita_2dec_SEM-1-300x200.jpg 300w, https:\/\/agora.xtec.cat\/ieslaromanica\/wp-content\/uploads\/usu857\/2025\/12\/ICMAB_FOTO3_Visita_2dec_SEM-1-768x512.jpg 768w, https:\/\/agora.xtec.cat\/ieslaromanica\/wp-content\/uploads\/usu857\/2025\/12\/ICMAB_FOTO3_Visita_2dec_SEM-1-1536x1024.jpg 1536w, https:\/\/agora.xtec.cat\/ieslaromanica\/wp-content\/uploads\/usu857\/2025\/12\/ICMAB_FOTO3_Visita_2dec_SEM-1-2048x1365.jpg 2048w\" sizes=\"auto, (max-width: 1024px) 100vw, 1024px\" \/><\/a><\/p>\n","protected":false},"excerpt":{"rendered":"<p>L&#8217;alumnat\u00a0de 2n curs\u00a0del Cicle\u00a0Superior\u00a0de Laboratori d&#8217; An\u00e0lisi i\u00a0de\u00a0Control\u00a0de Qualitat ha visitat el dimarts\u00a02\u00a0de desembre l&#8217;Institut\u00a0de Ci\u00e8ncies\u00a0de Materials\u00a0ICMAB ubicat al campus\u00a0de la UAB. L&#8217;ICMAB-CSIC\u00a0\u00e9s un centre\u00a0multidisciplinar centrat en la investigaci\u00f3 de vanguardia en materials funcionals avan\u00e7ats en els camps de l&#8217;energia, electr\u00f2nica, nanomedicina, i\u00a0en les seves\u00a0noves&hellip;  <a href=\"https:\/\/agora.xtec.cat\/ieslaromanica\/general\/visitiem-licmab-csic\/\" title=\"Read Visitiem l&#8217;ICMAB-CSIC\">Llegeix m\u00e9s\u00bb<\/a><\/p>\n","protected":false},"author":34,"featured_media":25582,"comment_status":"open","ping_status":"open","sticky":false,"template":"","format":"standard","meta":{"_bbp_topic_count":0,"_bbp_reply_count":0,"_bbp_total_topic_count":0,"_bbp_total_reply_count":0,"_bbp_voice_count":0,"_bbp_anonymous_reply_count":0,"_bbp_topic_count_hidden":0,"_bbp_reply_count_hidden":0,"_bbp_forum_subforum_count":0,"footnotes":""},"categories":[1],"tags":[],"class_list":["post-25583","post","type-post","status-publish","format-standard","has-post-thumbnail","hentry","category-general"],"post_mailing_queue_ids":[],"_links":{"self":[{"href":"https:\/\/agora.xtec.cat\/ieslaromanica\/wp-json\/wp\/v2\/posts\/25583","targetHints":{"allow":["GET"]}}],"collection":[{"href":"https:\/\/agora.xtec.cat\/ieslaromanica\/wp-json\/wp\/v2\/posts"}],"about":[{"href":"https:\/\/agora.xtec.cat\/ieslaromanica\/wp-json\/wp\/v2\/types\/post"}],"author":[{"embeddable":true,"href":"https:\/\/agora.xtec.cat\/ieslaromanica\/wp-json\/wp\/v2\/users\/34"}],"replies":[{"embeddable":true,"href":"https:\/\/agora.xtec.cat\/ieslaromanica\/wp-json\/wp\/v2\/comments?post=25583"}],"version-history":[{"count":1,"href":"https:\/\/agora.xtec.cat\/ieslaromanica\/wp-json\/wp\/v2\/posts\/25583\/revisions"}],"predecessor-version":[{"id":25584,"href":"https:\/\/agora.xtec.cat\/ieslaromanica\/wp-json\/wp\/v2\/posts\/25583\/revisions\/25584"}],"wp:featuredmedia":[{"embeddable":true,"href":"https:\/\/agora.xtec.cat\/ieslaromanica\/wp-json\/wp\/v2\/media\/25582"}],"wp:attachment":[{"href":"https:\/\/agora.xtec.cat\/ieslaromanica\/wp-json\/wp\/v2\/media?parent=25583"}],"wp:term":[{"taxonomy":"category","embeddable":true,"href":"https:\/\/agora.xtec.cat\/ieslaromanica\/wp-json\/wp\/v2\/categories?post=25583"},{"taxonomy":"post_tag","embeddable":true,"href":"https:\/\/agora.xtec.cat\/ieslaromanica\/wp-json\/wp\/v2\/tags?post=25583"}],"curies":[{"name":"wp","href":"https:\/\/api.w.org\/{rel}","templated":true}]}}