{"id":25549,"date":"2025-11-25T20:56:45","date_gmt":"2025-11-25T19:56:45","guid":{"rendered":"https:\/\/agora.xtec.cat\/ieslaromanica\/?p=25549"},"modified":"2025-11-26T08:57:59","modified_gmt":"2025-11-26T07:57:59","slug":"25n-2025","status":"publish","type":"post","link":"https:\/\/agora.xtec.cat\/ieslaromanica\/general\/25n-2025\/","title":{"rendered":"25N &#8211; 2025"},"content":{"rendered":"<p style=\"text-align: justify;\">25N \u00b7 Dia Internacional per a l\u2019Eliminaci\u00f3 de la Viol\u00e8ncia vers les Dones<\/p>\n<p style=\"text-align: justify;\">Avui, tots els instituts de Barber\u00e0 del Vall\u00e8s hem estat presents a l\u2019acte commemoratiu i reivindicatiu organitzat per l\u2019Ajuntament per dir, ben fort, Prou viol\u00e8ncies masclistes.<\/p>\n<p style=\"text-align: justify;\">La nostra alumna de 4t d\u2019ESO A, la Nayara, ha representat l\u2019Institut La Rom\u00e0nica amb la lectura d\u2019un manifest feminista que posa al centre el comprom\u00eds col\u00b7lectiu per un futur m\u00e9s igualitari, segur i lliure de viol\u00e8ncia contra les dones. Ens sentim immensament orgulloses que sigui la seva veu -la veu del nostre alumnat- la que s\u2019alci en nom de tota la comunitat educativa.<\/p>\n<p style=\"text-align: justify;\">Durant l\u2019acte s\u2019ha fet un minut de silenci en record de les dones assassinades aquest 2025 i s\u2019ha instal\u00b7lat un mural amb els seus noms, un recordatori dur per\u00f2 necessari d\u2019aquesta xacra social. Tamb\u00e9 hem escoltat el testimoni valent de la Josefa, que ha compartit la seva experi\u00e8ncia com a supervivient de viol\u00e8ncia masclista, un moment colpidor que ens interpel\u00b7la i ens reafirma en la necessitat d\u2019educar, prevenir i actuar.<\/p>\n<p style=\"text-align: justify;\">Les banderes a mig pal i la pancarta \u201cBarber\u00e0 contra les viol\u00e8ncies masclistes\u201d ens recorden que la lluita \u00e9s de totes, tots i totis. Des de l\u2019institut, continuarem treballant perqu\u00e8 el nostre alumnat creixi en la cultura del respecte, la igualtat i els valors feministes.<\/p>\n<p style=\"text-align: justify;\">Des del centre reafirmem la nostra voluntat de seguir educant en el respecte, la igualtat i els valors feministes, i de condemnar qualsevol forma de viol\u00e8ncia, sigui f\u00edsica, psicol\u00f2gica o digital. La lluita \u00e9s de tothom. La lluita \u00e9s d\u2019avui i de cada dia.<\/p>\n\r\n\t<div class=\"slideshow_container slideshow_container_style-light\" style=\"height: 800px; \" data-slideshow-id=\"25542\" data-style-name=\"style-light\" data-style-version=\"2.3.1\" >\r\n\r\n\t\t\t\t\t<div class=\"slideshow_loading_icon\"><\/div>\r\n\t\t\r\n\t\t<div class=\"slideshow_content\" style=\"display: none;\">\r\n\r\n\t\t\t<div class=\"slideshow_view\">\r\n\t\t\t\t<div class=\"slideshow_slide slideshow_slide_image\">\r\n\t\t\t\t\t\t\t\t\t\t\t<img src=\"https:\/\/agora.xtec.cat\/ieslaromanica\/wp-content\/uploads\/usu857\/2025\/11\/IMG_1580.jpg\" alt=\"IMG_1580\" width=\"740\" height=\"740\" \/>\r\n\t\t\t\t\t\t\t\t\t\t<div class=\"slideshow_description_box slideshow_transparent\">\r\n\t\t\t\t\t\t<div class=\"slideshow_title\">IMG_1580<\/div>\t\t\t\t\t\t\t\t\t\t\t<\/div>\r\n\t\t\t\t<\/div>\r\n\r\n\t\t\t\t\t\t<div style=\"clear: both;\"><\/div><\/div><div class=\"slideshow_view\">\r\n\t\t\t\t<div class=\"slideshow_slide slideshow_slide_image\">\r\n\t\t\t\t\t\t\t\t\t\t\t<img src=\"https:\/\/agora.xtec.cat\/ieslaromanica\/wp-content\/uploads\/usu857\/2025\/11\/350b6a9c-67d9-4ef5-acb4-409e439d933f.jpg\" alt=\"350b6a9c-67d9-4ef5-acb4-409e439d933f\" width=\"2000\" height=\"1500\" \/>\r\n\t\t\t\t\t\t\t\t\t\t<div class=\"slideshow_description_box slideshow_transparent\">\r\n\t\t\t\t\t\t<div class=\"slideshow_title\">350b6a9c-67d9-4ef5-acb4-409e439d933f<\/div>\t\t\t\t\t\t\t\t\t\t\t<\/div>\r\n\t\t\t\t<\/div>\r\n\r\n\t\t\t\t\t\t<div style=\"clear: both;\"><\/div><\/div><div class=\"slideshow_view\">\r\n\t\t\t\t<div class=\"slideshow_slide slideshow_slide_image\">\r\n\t\t\t\t\t\t\t\t\t\t\t<img src=\"https:\/\/agora.xtec.cat\/ieslaromanica\/wp-content\/uploads\/usu857\/2025\/11\/IMG_1579.jpg\" alt=\"IMG_1579\" width=\"740\" height=\"740\" \/>\r\n\t\t\t\t\t\t\t\t\t\t<div class=\"slideshow_description_box slideshow_transparent\">\r\n\t\t\t\t\t\t<div class=\"slideshow_title\">IMG_1579<\/div>\t\t\t\t\t\t\t\t\t\t\t<\/div>\r\n\t\t\t\t<\/div>\r\n\r\n\t\t\t\t\t\t<div style=\"clear: both;\"><\/div><\/div><div class=\"slideshow_view\">\r\n\t\t\t\t<div class=\"slideshow_slide slideshow_slide_image\">\r\n\t\t\t\t\t\t\t\t\t\t\t<img src=\"https:\/\/agora.xtec.cat\/ieslaromanica\/wp-content\/uploads\/usu857\/2025\/11\/IMG_1578.jpg\" alt=\"IMG_1578\" width=\"740\" height=\"740\" \/>\r\n\t\t\t\t\t\t\t\t\t\t<div class=\"slideshow_description_box slideshow_transparent\">\r\n\t\t\t\t\t\t<div class=\"slideshow_title\">IMG_1578<\/div>\t\t\t\t\t\t\t\t\t\t\t<\/div>\r\n\t\t\t\t<\/div>\r\n\r\n\t\t\t\t\t\t<div style=\"clear: both;\"><\/div><\/div><div class=\"slideshow_view\">\r\n\t\t\t\t<div class=\"slideshow_slide slideshow_slide_image\">\r\n\t\t\t\t\t\t\t\t\t\t\t<img src=\"https:\/\/agora.xtec.cat\/ieslaromanica\/wp-content\/uploads\/usu857\/2025\/11\/837707f8-ff11-46cb-a13a-ece60db50fa1.jpg\" alt=\"837707f8-ff11-46cb-a13a-ece60db50fa1\" width=\"1600\" height=\"1200\" \/>\r\n\t\t\t\t\t\t\t\t\t\t<div class=\"slideshow_description_box slideshow_transparent\">\r\n\t\t\t\t\t\t<div class=\"slideshow_title\">837707f8-ff11-46cb-a13a-ece60db50fa1<\/div>\t\t\t\t\t\t\t\t\t\t\t<\/div>\r\n\t\t\t\t<\/div>\r\n\r\n\t\t\t\t\t\t<div style=\"clear: both;\"><\/div><\/div><div class=\"slideshow_view\">\r\n\t\t\t\t<div class=\"slideshow_slide slideshow_slide_image\">\r\n\t\t\t\t\t\t\t\t\t\t\t<img src=\"https:\/\/agora.xtec.cat\/ieslaromanica\/wp-content\/uploads\/usu857\/2025\/11\/IMG_1581.jpg\" alt=\"IMG_1581\" width=\"740\" height=\"740\" \/>\r\n\t\t\t\t\t\t\t\t\t\t<div class=\"slideshow_description_box slideshow_transparent\">\r\n\t\t\t\t\t\t<div class=\"slideshow_title\">IMG_1581<\/div>\t\t\t\t\t\t\t\t\t\t\t<\/div>\r\n\t\t\t\t<\/div>\r\n\r\n\t\t\t\t\t\t<div style=\"clear: both;\"><\/div><\/div>\r\n\t\t<\/div>\r\n\r\n\t\t<div class=\"slideshow_controlPanel slideshow_transparent\" style=\"display: none;\"><ul><li class=\"slideshow_togglePlay\" data-play-text=\"Visualitza\" data-pause-text=\"Pausa\"><\/li><\/ul><\/div>\r\n\r\n\t\t<div class=\"slideshow_button slideshow_previous slideshow_transparent\" role=\"button\" data-previous-text=\"Anterior\" style=\"display: none;\"><\/div>\r\n\t\t<div class=\"slideshow_button slideshow_next slideshow_transparent\" role=\"button\" data-next-text=\"Seg\u00fcent\" style=\"display: none;\"><\/div>\r\n\r\n\t\t<div class=\"slideshow_pagination\" style=\"display: none;\" data-go-to-text=\"V\u00e9s a la diapositiva\"><div class=\"slideshow_pagination_center\"><\/div><\/div>\r\n\r\n\t\t<!-- WordPress Slideshow Version 2.3.1 -->\r\n\r\n\t\t\t<\/div>\r\n\r\n\n","protected":false},"excerpt":{"rendered":"<p>25N \u00b7 Dia Internacional per a l\u2019Eliminaci\u00f3 de la Viol\u00e8ncia vers les Dones<br \/>\nAvui, tots els instituts de Barber\u00e0 del Vall\u00e8s hem estat presents a l\u2019acte commemoratiu i reivindicatiu organitzat per l\u2019Ajuntament per dir, ben fort, Prou viol\u00e8ncies masclistes.<br \/>\nLa nostra alumna de 4t d\u2019ESO A, la&hellip;  <a href=\"https:\/\/agora.xtec.cat\/ieslaromanica\/general\/25n-2025\/\" title=\"Read 25N &#8211; 2025\">Llegeix m\u00e9s\u00bb<\/a><\/p>\n","protected":false},"author":34,"featured_media":25545,"comment_status":"open","ping_status":"open","sticky":false,"template":"","format":"standard","meta":{"_bbp_topic_count":0,"_bbp_reply_count":0,"_bbp_total_topic_count":0,"_bbp_total_reply_count":0,"_bbp_voice_count":0,"_bbp_anonymous_reply_count":0,"_bbp_topic_count_hidden":0,"_bbp_reply_count_hidden":0,"_bbp_forum_subforum_count":0,"footnotes":""},"categories":[1],"tags":[],"class_list":["post-25549","post","type-post","status-publish","format-standard","has-post-thumbnail","hentry","category-general"],"post_mailing_queue_ids":[],"_links":{"self":[{"href":"https:\/\/agora.xtec.cat\/ieslaromanica\/wp-json\/wp\/v2\/posts\/25549","targetHints":{"allow":["GET"]}}],"collection":[{"href":"https:\/\/agora.xtec.cat\/ieslaromanica\/wp-json\/wp\/v2\/posts"}],"about":[{"href":"https:\/\/agora.xtec.cat\/ieslaromanica\/wp-json\/wp\/v2\/types\/post"}],"author":[{"embeddable":true,"href":"https:\/\/agora.xtec.cat\/ieslaromanica\/wp-json\/wp\/v2\/users\/34"}],"replies":[{"embeddable":true,"href":"https:\/\/agora.xtec.cat\/ieslaromanica\/wp-json\/wp\/v2\/comments?post=25549"}],"version-history":[{"count":1,"href":"https:\/\/agora.xtec.cat\/ieslaromanica\/wp-json\/wp\/v2\/posts\/25549\/revisions"}],"predecessor-version":[{"id":25550,"href":"https:\/\/agora.xtec.cat\/ieslaromanica\/wp-json\/wp\/v2\/posts\/25549\/revisions\/25550"}],"wp:featuredmedia":[{"embeddable":true,"href":"https:\/\/agora.xtec.cat\/ieslaromanica\/wp-json\/wp\/v2\/media\/25545"}],"wp:attachment":[{"href":"https:\/\/agora.xtec.cat\/ieslaromanica\/wp-json\/wp\/v2\/media?parent=25549"}],"wp:term":[{"taxonomy":"category","embeddable":true,"href":"https:\/\/agora.xtec.cat\/ieslaromanica\/wp-json\/wp\/v2\/categories?post=25549"},{"taxonomy":"post_tag","embeddable":true,"href":"https:\/\/agora.xtec.cat\/ieslaromanica\/wp-json\/wp\/v2\/tags?post=25549"}],"curies":[{"name":"wp","href":"https:\/\/api.w.org\/{rel}","templated":true}]}}