{"id":25491,"date":"2025-11-05T17:17:46","date_gmt":"2025-11-05T16:17:46","guid":{"rendered":"https:\/\/agora.xtec.cat\/ieslaromanica\/?p=25491"},"modified":"2025-11-05T17:17:46","modified_gmt":"2025-11-05T16:17:46","slug":"dona-la-volta-a-lalcohol","status":"publish","type":"post","link":"https:\/\/agora.xtec.cat\/ieslaromanica\/general\/dona-la-volta-a-lalcohol\/","title":{"rendered":"Dona la volta a l&#8217;alcohol"},"content":{"rendered":"<p dir=\"auto\" style=\"text-align: justify;\">El passat dijous 16 d&#8217;octubre, l&#8217;alumnat de 3r d&#8217;ESO va assistir a l&#8217;exposici\u00f3 <i>Dona la volta a l&#8217;alcohol a\u00a0<\/i>l&#8217;Espai Jove La Roma. Aquesta proposta educativa, impulsada pel Servei de Salut P\u00fablica de la Diputaci\u00f3 de Barcelona, compta amb diversos objectius, d&#8217;entre els quals destaquen informar de les conseq\u00fc\u00e8ncies sobre la salut que genera el consum de l&#8217;alcohol durant l&#8217;adolesc\u00e8ncia, refor\u00e7ar la posici\u00f3 de no consumir aquesta subst\u00e0ncia i mantenir-la davant la pressi\u00f3 de grup.<\/p>\n<p dir=\"auto\" style=\"text-align: justify;\">El format din\u00e0mic i interactiu d&#8217;aquesta exposici\u00f3 ha perm\u00e8s que els nostres alumnes puguin participar en un espai de debat i conscienciaci\u00f3 sobre la necessitat de mantenir una actitud cr\u00edtica davant el consum de l&#8217;alcohol i de promoure h\u00e0bits de vida saludables.<\/p>\n<p dir=\"auto\"><a href=\"https:\/\/agora.xtec.cat\/ieslaromanica\/wp-content\/uploads\/usu857\/2025\/11\/IMG-20251021-WA0015.jpg\"><img loading=\"lazy\" decoding=\"async\" class=\"size-large wp-image-25492 aligncenter\" src=\"https:\/\/agora.xtec.cat\/ieslaromanica\/wp-content\/uploads\/usu857\/2025\/11\/IMG-20251021-WA0015-768x1024.jpg\" alt=\"\" width=\"768\" height=\"1024\" srcset=\"https:\/\/agora.xtec.cat\/ieslaromanica\/wp-content\/uploads\/usu857\/2025\/11\/IMG-20251021-WA0015-768x1024.jpg 768w, https:\/\/agora.xtec.cat\/ieslaromanica\/wp-content\/uploads\/usu857\/2025\/11\/IMG-20251021-WA0015-225x300.jpg 225w, https:\/\/agora.xtec.cat\/ieslaromanica\/wp-content\/uploads\/usu857\/2025\/11\/IMG-20251021-WA0015-1152x1536.jpg 1152w, https:\/\/agora.xtec.cat\/ieslaromanica\/wp-content\/uploads\/usu857\/2025\/11\/IMG-20251021-WA0015.jpg 1200w\" sizes=\"auto, (max-width: 768px) 100vw, 768px\" \/><\/a><\/p>\n","protected":false},"excerpt":{"rendered":"<p>El passat dijous 16 d&#8217;octubre, l&#8217;alumnat de 3r d&#8217;ESO va assistir a l&#8217;exposici\u00f3 Dona la volta a l&#8217;alcohol a\u00a0l&#8217;Espai Jove La Roma. Aquesta proposta educativa, impulsada pel Servei de Salut P\u00fablica de la Diputaci\u00f3 de Barcelona, compta amb diversos objectius, d&#8217;entre els quals destaquen informar&hellip;  <a href=\"https:\/\/agora.xtec.cat\/ieslaromanica\/general\/dona-la-volta-a-lalcohol\/\" title=\"Read Dona la volta a l&#8217;alcohol\">Llegeix m\u00e9s\u00bb<\/a><\/p>\n","protected":false},"author":34,"featured_media":25493,"comment_status":"open","ping_status":"open","sticky":false,"template":"","format":"standard","meta":{"_bbp_topic_count":0,"_bbp_reply_count":0,"_bbp_total_topic_count":0,"_bbp_total_reply_count":0,"_bbp_voice_count":0,"_bbp_anonymous_reply_count":0,"_bbp_topic_count_hidden":0,"_bbp_reply_count_hidden":0,"_bbp_forum_subforum_count":0,"footnotes":""},"categories":[1],"tags":[],"class_list":["post-25491","post","type-post","status-publish","format-standard","has-post-thumbnail","hentry","category-general"],"post_mailing_queue_ids":[],"_links":{"self":[{"href":"https:\/\/agora.xtec.cat\/ieslaromanica\/wp-json\/wp\/v2\/posts\/25491","targetHints":{"allow":["GET"]}}],"collection":[{"href":"https:\/\/agora.xtec.cat\/ieslaromanica\/wp-json\/wp\/v2\/posts"}],"about":[{"href":"https:\/\/agora.xtec.cat\/ieslaromanica\/wp-json\/wp\/v2\/types\/post"}],"author":[{"embeddable":true,"href":"https:\/\/agora.xtec.cat\/ieslaromanica\/wp-json\/wp\/v2\/users\/34"}],"replies":[{"embeddable":true,"href":"https:\/\/agora.xtec.cat\/ieslaromanica\/wp-json\/wp\/v2\/comments?post=25491"}],"version-history":[{"count":1,"href":"https:\/\/agora.xtec.cat\/ieslaromanica\/wp-json\/wp\/v2\/posts\/25491\/revisions"}],"predecessor-version":[{"id":25494,"href":"https:\/\/agora.xtec.cat\/ieslaromanica\/wp-json\/wp\/v2\/posts\/25491\/revisions\/25494"}],"wp:featuredmedia":[{"embeddable":true,"href":"https:\/\/agora.xtec.cat\/ieslaromanica\/wp-json\/wp\/v2\/media\/25493"}],"wp:attachment":[{"href":"https:\/\/agora.xtec.cat\/ieslaromanica\/wp-json\/wp\/v2\/media?parent=25491"}],"wp:term":[{"taxonomy":"category","embeddable":true,"href":"https:\/\/agora.xtec.cat\/ieslaromanica\/wp-json\/wp\/v2\/categories?post=25491"},{"taxonomy":"post_tag","embeddable":true,"href":"https:\/\/agora.xtec.cat\/ieslaromanica\/wp-json\/wp\/v2\/tags?post=25491"}],"curies":[{"name":"wp","href":"https:\/\/api.w.org\/{rel}","templated":true}]}}