{"id":25421,"date":"2025-10-13T11:34:18","date_gmt":"2025-10-13T09:34:18","guid":{"rendered":"https:\/\/agora.xtec.cat\/ieslaromanica\/?p=25421"},"modified":"2025-10-13T11:34:18","modified_gmt":"2025-10-13T09:34:18","slug":"eleccions-al-consell-escolar-2025","status":"publish","type":"post","link":"https:\/\/agora.xtec.cat\/ieslaromanica\/general\/eleccions-al-consell-escolar-2025\/","title":{"rendered":"Eleccions al Consell Escolar 2025"},"content":{"rendered":"<p style=\"text-align: justify;\">En breu tenim eleccions per renovar el Consell Escolar! El proc\u00e9s s&#8217;iniciar\u00e0 el 27 d&#8217;octubre. Anirem penjat informaci\u00f3 a la p\u00e0gina web a mesura que ens la facilitin. De moment, us compartim el cartell per fer difusi\u00f3 de les eleccions que ens ha enviat el Departament.<\/p>\n<p><a href=\"https:\/\/agora.xtec.cat\/ieslaromanica\/wp-content\/uploads\/usu857\/2025\/10\/04.-Campanya-Eleccions-escolars_V2-2.png\"><img loading=\"lazy\" decoding=\"async\" class=\"size-large wp-image-25423 aligncenter\" src=\"https:\/\/agora.xtec.cat\/ieslaromanica\/wp-content\/uploads\/usu857\/2025\/10\/04.-Campanya-Eleccions-escolars_V2-2-724x1024.png\" alt=\"\" width=\"724\" height=\"1024\" srcset=\"https:\/\/agora.xtec.cat\/ieslaromanica\/wp-content\/uploads\/usu857\/2025\/10\/04.-Campanya-Eleccions-escolars_V2-2-724x1024.png 724w, https:\/\/agora.xtec.cat\/ieslaromanica\/wp-content\/uploads\/usu857\/2025\/10\/04.-Campanya-Eleccions-escolars_V2-2-212x300.png 212w, https:\/\/agora.xtec.cat\/ieslaromanica\/wp-content\/uploads\/usu857\/2025\/10\/04.-Campanya-Eleccions-escolars_V2-2-768x1086.png 768w, https:\/\/agora.xtec.cat\/ieslaromanica\/wp-content\/uploads\/usu857\/2025\/10\/04.-Campanya-Eleccions-escolars_V2-2-1086x1536.png 1086w, https:\/\/agora.xtec.cat\/ieslaromanica\/wp-content\/uploads\/usu857\/2025\/10\/04.-Campanya-Eleccions-escolars_V2-2-1448x2048.png 1448w, https:\/\/agora.xtec.cat\/ieslaromanica\/wp-content\/uploads\/usu857\/2025\/10\/04.-Campanya-Eleccions-escolars_V2-2.png 1654w\" sizes=\"auto, (max-width: 724px) 100vw, 724px\" \/><\/a><\/p>\n","protected":false},"excerpt":{"rendered":"<p>En breu tenim eleccions per renovar el Consell Escolar! El proc\u00e9s s&#8217;iniciar\u00e0 el 27 d&#8217;octubre. Anirem penjat informaci\u00f3 a la p\u00e0gina web a mesura que ens la facilitin. De moment, us compartim el cartell per fer difusi\u00f3 de les eleccions que ens ha enviat el&hellip;  <a href=\"https:\/\/agora.xtec.cat\/ieslaromanica\/general\/eleccions-al-consell-escolar-2025\/\" title=\"Read Eleccions al Consell Escolar 2025\">Llegeix m\u00e9s\u00bb<\/a><\/p>\n","protected":false},"author":34,"featured_media":25423,"comment_status":"open","ping_status":"open","sticky":false,"template":"","format":"standard","meta":{"_bbp_topic_count":0,"_bbp_reply_count":0,"_bbp_total_topic_count":0,"_bbp_total_reply_count":0,"_bbp_voice_count":0,"_bbp_anonymous_reply_count":0,"_bbp_topic_count_hidden":0,"_bbp_reply_count_hidden":0,"_bbp_forum_subforum_count":0,"footnotes":""},"categories":[1],"tags":[],"class_list":["post-25421","post","type-post","status-publish","format-standard","has-post-thumbnail","hentry","category-general"],"post_mailing_queue_ids":[],"_links":{"self":[{"href":"https:\/\/agora.xtec.cat\/ieslaromanica\/wp-json\/wp\/v2\/posts\/25421","targetHints":{"allow":["GET"]}}],"collection":[{"href":"https:\/\/agora.xtec.cat\/ieslaromanica\/wp-json\/wp\/v2\/posts"}],"about":[{"href":"https:\/\/agora.xtec.cat\/ieslaromanica\/wp-json\/wp\/v2\/types\/post"}],"author":[{"embeddable":true,"href":"https:\/\/agora.xtec.cat\/ieslaromanica\/wp-json\/wp\/v2\/users\/34"}],"replies":[{"embeddable":true,"href":"https:\/\/agora.xtec.cat\/ieslaromanica\/wp-json\/wp\/v2\/comments?post=25421"}],"version-history":[{"count":1,"href":"https:\/\/agora.xtec.cat\/ieslaromanica\/wp-json\/wp\/v2\/posts\/25421\/revisions"}],"predecessor-version":[{"id":25424,"href":"https:\/\/agora.xtec.cat\/ieslaromanica\/wp-json\/wp\/v2\/posts\/25421\/revisions\/25424"}],"wp:featuredmedia":[{"embeddable":true,"href":"https:\/\/agora.xtec.cat\/ieslaromanica\/wp-json\/wp\/v2\/media\/25423"}],"wp:attachment":[{"href":"https:\/\/agora.xtec.cat\/ieslaromanica\/wp-json\/wp\/v2\/media?parent=25421"}],"wp:term":[{"taxonomy":"category","embeddable":true,"href":"https:\/\/agora.xtec.cat\/ieslaromanica\/wp-json\/wp\/v2\/categories?post=25421"},{"taxonomy":"post_tag","embeddable":true,"href":"https:\/\/agora.xtec.cat\/ieslaromanica\/wp-json\/wp\/v2\/tags?post=25421"}],"curies":[{"name":"wp","href":"https:\/\/api.w.org\/{rel}","templated":true}]}}