{"id":25406,"date":"2025-09-30T11:44:12","date_gmt":"2025-09-30T09:44:12","guid":{"rendered":"https:\/\/agora.xtec.cat\/ieslaromanica\/?p=25406"},"modified":"2025-09-30T11:44:12","modified_gmt":"2025-09-30T09:44:12","slug":"reunions-de-families-25-26","status":"publish","type":"post","link":"https:\/\/agora.xtec.cat\/ieslaromanica\/general\/reunions-de-families-25-26\/","title":{"rendered":"Reunions de fam\u00edlies 25-26"},"content":{"rendered":"<p>Els pr\u00f2xims dimecres 15 i 22 d&#8217;octubre es duran a terme les reunions amb les fam\u00edlies dels diferents cursos d&#8217;ESO i Batxillerat, seguint els seg\u00fcents horaris:<\/p>\n<ul>\n<li>1r d&#8217;ESO: dimecres 15 octubre a les 16:00h. Rebuda al gimn\u00e0s.<\/li>\n<li>2n d&#8217;ESO: dimecres 15 d&#8217;octubre a les 16:00h. Rebuda a les aules del seu grup.<\/li>\n<li>1r de Batxillerat: dimecres 15 d&#8217;octubre a les 16:30h. Rebuda a les aules del seu grup.<\/li>\n<li>3r d&#8217;ESO: dimecres 22 d&#8217;octubre a les 17:00h. Rebuda a les aules del seu grup.<\/li>\n<li>4t d&#8217;ESO: dimecres 22 d&#8217;octubre a les 17:00h. Rebuda a les aules del seu grup.<\/li>\n<\/ul>\n<p><span style=\"font-family: inherit; font-size: 1em;\">Us esperem en uns dies, fam\u00edlies!<\/span><\/p>\n<p><a href=\"https:\/\/agora.xtec.cat\/ieslaromanica\/wp-content\/uploads\/usu857\/2025\/09\/Reunions-25-26.png\"><img loading=\"lazy\" decoding=\"async\" class=\"size-large wp-image-25407 aligncenter\" src=\"https:\/\/agora.xtec.cat\/ieslaromanica\/wp-content\/uploads\/usu857\/2025\/09\/Reunions-25-26-1024x1024.png\" alt=\"\" width=\"1024\" height=\"1024\" srcset=\"https:\/\/agora.xtec.cat\/ieslaromanica\/wp-content\/uploads\/usu857\/2025\/09\/Reunions-25-26-1024x1024.png 1024w, https:\/\/agora.xtec.cat\/ieslaromanica\/wp-content\/uploads\/usu857\/2025\/09\/Reunions-25-26-300x300.png 300w, https:\/\/agora.xtec.cat\/ieslaromanica\/wp-content\/uploads\/usu857\/2025\/09\/Reunions-25-26-150x150.png 150w, https:\/\/agora.xtec.cat\/ieslaromanica\/wp-content\/uploads\/usu857\/2025\/09\/Reunions-25-26-768x768.png 768w, https:\/\/agora.xtec.cat\/ieslaromanica\/wp-content\/uploads\/usu857\/2025\/09\/Reunions-25-26.png 1080w\" sizes=\"auto, (max-width: 1024px) 100vw, 1024px\" \/><\/a><\/p>\n","protected":false},"excerpt":{"rendered":"<p>Els pr\u00f2xims dimecres 15 i 22 d&#8217;octubre es duran a terme les reunions amb les fam\u00edlies dels diferents cursos d&#8217;ESO i Batxillerat, seguint els seg\u00fcents horaris:<\/p>\n<ul>\n<li>1r d&#8217;ESO: dimecres 15 octubre a les 16:00h. Rebuda al gimn\u00e0s.<\/li>\n<li>2n d&#8217;ESO: dimecres 15 d&#8217;octubre a les 16:00h. Rebuda a&hellip;  <a href=\"https:\/\/agora.xtec.cat\/ieslaromanica\/general\/reunions-de-families-25-26\/\" title=\"Read Reunions de fam\u00edlies 25-26\">Llegeix m\u00e9s\u00bb<\/a><br \/>\n","protected":false},"author":34,"featured_media":25407,"comment_status":"open","ping_status":"open","sticky":false,"template":"","format":"standard","meta":{"_bbp_topic_count":0,"_bbp_reply_count":0,"_bbp_total_topic_count":0,"_bbp_total_reply_count":0,"_bbp_voice_count":0,"_bbp_anonymous_reply_count":0,"_bbp_topic_count_hidden":0,"_bbp_reply_count_hidden":0,"_bbp_forum_subforum_count":0,"footnotes":""},"categories":[1],"tags":[],"class_list":["post-25406","post","type-post","status-publish","format-standard","has-post-thumbnail","hentry","category-general"],"post_mailing_queue_ids":[],"_links":{"self":[{"href":"https:\/\/agora.xtec.cat\/ieslaromanica\/wp-json\/wp\/v2\/posts\/25406","targetHints":{"allow":["GET"]}}],"collection":[{"href":"https:\/\/agora.xtec.cat\/ieslaromanica\/wp-json\/wp\/v2\/posts"}],"about":[{"href":"https:\/\/agora.xtec.cat\/ieslaromanica\/wp-json\/wp\/v2\/types\/post"}],"author":[{"embeddable":true,"href":"https:\/\/agora.xtec.cat\/ieslaromanica\/wp-json\/wp\/v2\/users\/34"}],"replies":[{"embeddable":true,"href":"https:\/\/agora.xtec.cat\/ieslaromanica\/wp-json\/wp\/v2\/comments?post=25406"}],"version-history":[{"count":1,"href":"https:\/\/agora.xtec.cat\/ieslaromanica\/wp-json\/wp\/v2\/posts\/25406\/revisions"}],"predecessor-version":[{"id":25408,"href":"https:\/\/agora.xtec.cat\/ieslaromanica\/wp-json\/wp\/v2\/posts\/25406\/revisions\/25408"}],"wp:featuredmedia":[{"embeddable":true,"href":"https:\/\/agora.xtec.cat\/ieslaromanica\/wp-json\/wp\/v2\/media\/25407"}],"wp:attachment":[{"href":"https:\/\/agora.xtec.cat\/ieslaromanica\/wp-json\/wp\/v2\/media?parent=25406"}],"wp:term":[{"taxonomy":"category","embeddable":true,"href":"https:\/\/agora.xtec.cat\/ieslaromanica\/wp-json\/wp\/v2\/categories?post=25406"},{"taxonomy":"post_tag","embeddable":true,"href":"https:\/\/agora.xtec.cat\/ieslaromanica\/wp-json\/wp\/v2\/tags?post=25406"}],"curies":[{"name":"wp","href":"https:\/\/api.w.org\/{rel}","templated":true}]}}