{"id":25334,"date":"2025-09-01T12:37:12","date_gmt":"2025-09-01T10:37:12","guid":{"rendered":"https:\/\/agora.xtec.cat\/ieslaromanica\/?p=25334"},"modified":"2025-09-02T12:41:38","modified_gmt":"2025-09-02T10:41:38","slug":"donem-el-tret-de-sortida-al-curs-2025-2026","status":"publish","type":"post","link":"https:\/\/agora.xtec.cat\/ieslaromanica\/general\/donem-el-tret-de-sortida-al-curs-2025-2026\/","title":{"rendered":"Donem el tret de sortida al curs 2025-2026!"},"content":{"rendered":"<p style=\"text-align: justify;\">I amb el claustre de benvinguda, donem el tret de sortida al curs 2025-2026. Tornem amb les ganes i la il\u00b7lusi\u00f3 de donar-ho tot, un any m\u00e9s, per l&#8217;Institut La Rom\u00e0nica i la seva comunitat educativa.<\/p>\n<p><a href=\"https:\/\/agora.xtec.cat\/ieslaromanica\/wp-content\/uploads\/usu857\/2025\/09\/5000D468-6655-4AFF-AA25-343F96331EC9-1-scaled.jpg\"><img loading=\"lazy\" decoding=\"async\" class=\"size-large wp-image-25335 aligncenter\" src=\"https:\/\/agora.xtec.cat\/ieslaromanica\/wp-content\/uploads\/usu857\/2025\/09\/5000D468-6655-4AFF-AA25-343F96331EC9-1-1024x913.jpg\" alt=\"\" width=\"1024\" height=\"913\" srcset=\"https:\/\/agora.xtec.cat\/ieslaromanica\/wp-content\/uploads\/usu857\/2025\/09\/5000D468-6655-4AFF-AA25-343F96331EC9-1-1024x913.jpg 1024w, https:\/\/agora.xtec.cat\/ieslaromanica\/wp-content\/uploads\/usu857\/2025\/09\/5000D468-6655-4AFF-AA25-343F96331EC9-1-300x268.jpg 300w, https:\/\/agora.xtec.cat\/ieslaromanica\/wp-content\/uploads\/usu857\/2025\/09\/5000D468-6655-4AFF-AA25-343F96331EC9-1-768x685.jpg 768w, https:\/\/agora.xtec.cat\/ieslaromanica\/wp-content\/uploads\/usu857\/2025\/09\/5000D468-6655-4AFF-AA25-343F96331EC9-1-1536x1370.jpg 1536w, https:\/\/agora.xtec.cat\/ieslaromanica\/wp-content\/uploads\/usu857\/2025\/09\/5000D468-6655-4AFF-AA25-343F96331EC9-1-2048x1826.jpg 2048w\" sizes=\"auto, (max-width: 1024px) 100vw, 1024px\" \/><\/a><\/p>\n","protected":false},"excerpt":{"rendered":"<p>I amb el claustre de benvinguda, donem el tret de sortida al curs 2025-2026. Tornem amb les ganes i la il\u00b7lusi\u00f3 de donar-ho tot, un any m\u00e9s, per l&#8217;Institut La Rom\u00e0nica i la seva comunitat educativa.<br \/>\n<a href=\"https:\/\/agora.xtec.cat\/ieslaromanica\/wp-content\/uploads\/usu857\/2025\/09\/5000D468-6655-4AFF-AA25-343F96331EC9-1-scaled.jpg\"><\/a><\/p>\n","protected":false},"author":34,"featured_media":25335,"comment_status":"open","ping_status":"open","sticky":false,"template":"","format":"standard","meta":{"_bbp_topic_count":0,"_bbp_reply_count":0,"_bbp_total_topic_count":0,"_bbp_total_reply_count":0,"_bbp_voice_count":0,"_bbp_anonymous_reply_count":0,"_bbp_topic_count_hidden":0,"_bbp_reply_count_hidden":0,"_bbp_forum_subforum_count":0,"footnotes":""},"categories":[1],"tags":[],"class_list":["post-25334","post","type-post","status-publish","format-standard","has-post-thumbnail","hentry","category-general"],"post_mailing_queue_ids":[],"_links":{"self":[{"href":"https:\/\/agora.xtec.cat\/ieslaromanica\/wp-json\/wp\/v2\/posts\/25334","targetHints":{"allow":["GET"]}}],"collection":[{"href":"https:\/\/agora.xtec.cat\/ieslaromanica\/wp-json\/wp\/v2\/posts"}],"about":[{"href":"https:\/\/agora.xtec.cat\/ieslaromanica\/wp-json\/wp\/v2\/types\/post"}],"author":[{"embeddable":true,"href":"https:\/\/agora.xtec.cat\/ieslaromanica\/wp-json\/wp\/v2\/users\/34"}],"replies":[{"embeddable":true,"href":"https:\/\/agora.xtec.cat\/ieslaromanica\/wp-json\/wp\/v2\/comments?post=25334"}],"version-history":[{"count":1,"href":"https:\/\/agora.xtec.cat\/ieslaromanica\/wp-json\/wp\/v2\/posts\/25334\/revisions"}],"predecessor-version":[{"id":25336,"href":"https:\/\/agora.xtec.cat\/ieslaromanica\/wp-json\/wp\/v2\/posts\/25334\/revisions\/25336"}],"wp:featuredmedia":[{"embeddable":true,"href":"https:\/\/agora.xtec.cat\/ieslaromanica\/wp-json\/wp\/v2\/media\/25335"}],"wp:attachment":[{"href":"https:\/\/agora.xtec.cat\/ieslaromanica\/wp-json\/wp\/v2\/media?parent=25334"}],"wp:term":[{"taxonomy":"category","embeddable":true,"href":"https:\/\/agora.xtec.cat\/ieslaromanica\/wp-json\/wp\/v2\/categories?post=25334"},{"taxonomy":"post_tag","embeddable":true,"href":"https:\/\/agora.xtec.cat\/ieslaromanica\/wp-json\/wp\/v2\/tags?post=25334"}],"curies":[{"name":"wp","href":"https:\/\/api.w.org\/{rel}","templated":true}]}}