{"id":25236,"date":"2025-06-23T11:17:49","date_gmt":"2025-06-23T09:17:49","guid":{"rendered":"https:\/\/agora.xtec.cat\/ieslaromanica\/?p=25236"},"modified":"2025-06-23T11:17:49","modified_gmt":"2025-06-23T09:17:49","slug":"premis-noves-i-nous-professionals-2025","status":"publish","type":"post","link":"https:\/\/agora.xtec.cat\/ieslaromanica\/general\/premis-noves-i-nous-professionals-2025\/","title":{"rendered":"Premis Noves i Nous Professionals 2025"},"content":{"rendered":"<p style=\"text-align: justify;\" data-pm-slice=\"1 1 []\">Enguany ha sigut la 19a edici\u00f3 dels <strong>Premis Noves i Nous Professionals<\/strong>, la qual est\u00e0 organitzada per entitats com l&#8217;Ajuntament de Terrassa i el Consell de la Formaci\u00f3 Professional de Terrassa, amb la col\u00b7laboraci\u00f3 de la Cecot, la Cambra de Comer\u00e7 de Terrassa, el Departament d&#8217;Educaci\u00f3 de la Generalitat de Catalunya, la Diputaci\u00f3 de Barcelona, el Consell Comarcal del Vall\u00e8s Occidental, PIMEC i els sindicats CCOO i UGT.<\/p>\n<p style=\"text-align: justify;\">Aquests premis pretenen motivar i promoure l&#8217;esperit emprenedor, innovador i creatiu de l&#8217;alumnat que est\u00e0 cursant Cicles Formatius de qualsevol fam\u00edlia professional, alumnat de Programes de Formaci\u00f3 i Inserci\u00f3 (PFI), d&#8217;Itinerari Formatiu Espec\u00edfic (IFE), de Certificats professionals i alumnat d&#8217;FP Dual, mitjan\u00e7ant el reconeixement p\u00fablic dels seus projectes de fi d&#8217;estudi Pla d&#8217;empresa-Mem\u00f2ria-Dossier), siguin individuals o col\u00b7lectius.<\/p>\n<p style=\"text-align: justify;\">S&#8217;estableixen set categories per presentar projectes. L&#8217;alumnat de CFGM i CFGS pot presentar el seu projecte a les categories de la A a la E, l&#8217;alumnat de PFI a la categoria F i l&#8217;alumnat d&#8217;IFE\u00a0a la categoria\u00a0G.<\/p>\n<p style=\"text-align: justify;\">La Rom\u00e0nica participa anualment i de manera molt activa, i pr\u00e0cticament cada any ens emportem algun reconeixement\u00a0en la categoria E (<em>millor dossier-mem\u00f2ria d&#8217;FP DUAL de Grau Mitj\u00e0 i de Grau Superior<\/em>). Aquest any no ha sigut menys i estem il\u00b7lusionades de compartir que diferents estudiants han sigut finalistes en les seves respectives categories: la Vanessa Torres i l&#8217;Alejandro S\u00e1nchez en CFGM, i la Carla Quintana i en Nico Gonz\u00e1lez en CFGS. En el cas de l&#8217;Alejandro i en Nico, van esdevenir guanyadors, essent guardonats amb 600\u20ac cadasc\u00fa.<\/p>\n<p style=\"text-align: justify;\">Com a institut, ens omple d&#8217;orgull poder veure com al nostre alumnat participant se li reconeix una feina excel\u00b7lent. Es van presentar un total de 117 projectes\/mem\u00f2ries, pertanyents a 33 centres educatius de 21 municipis diferents&#8230; i d&#8217;ells, 4 alumnes s\u00f3n nostres i 2 han resultat ser guanyadors.<\/p>\n<p style=\"text-align: justify;\">Adjuntem les fotografies realitzades tant per l&#8217;organitzaci\u00f3 com per membres de l&#8217;equip docent que van acompanyar l&#8217;alumnat a l&#8217;acte.<\/p>\n\r\n\t<div class=\"slideshow_container slideshow_container_style-light\" style=\"height: 800px; \" data-slideshow-id=\"25225\" data-style-name=\"style-light\" data-style-version=\"2.3.1\" >\r\n\r\n\t\t\t\t\t<div class=\"slideshow_loading_icon\"><\/div>\r\n\t\t\r\n\t\t<div class=\"slideshow_content\" style=\"display: none;\">\r\n\r\n\t\t\t<div class=\"slideshow_view\">\r\n\t\t\t\t<div class=\"slideshow_slide slideshow_slide_image\">\r\n\t\t\t\t\t\t\t\t\t\t\t<img src=\"https:\/\/agora.xtec.cat\/ieslaromanica\/wp-content\/uploads\/usu857\/2025\/06\/190625-premis-8-1-scaled.jpg\" alt=\"190625-premis-8 (1)\" width=\"2560\" height=\"1707\" \/>\r\n\t\t\t\t\t\t\t\t\t\t<div class=\"slideshow_description_box slideshow_transparent\">\r\n\t\t\t\t\t\t<div class=\"slideshow_title\">190625-premis-8 (1)<\/div>\t\t\t\t\t\t\t\t\t\t\t<\/div>\r\n\t\t\t\t<\/div>\r\n\r\n\t\t\t\t\t\t<div style=\"clear: both;\"><\/div><\/div><div class=\"slideshow_view\">\r\n\t\t\t\t<div class=\"slideshow_slide slideshow_slide_image\">\r\n\t\t\t\t\t\t\t\t\t\t\t<img src=\"https:\/\/agora.xtec.cat\/ieslaromanica\/wp-content\/uploads\/usu857\/2025\/06\/190625-premis-41-1-scaled.jpg\" alt=\"190625-premis-41 (1)\" width=\"2560\" height=\"1707\" \/>\r\n\t\t\t\t\t\t\t\t\t\t<div class=\"slideshow_description_box slideshow_transparent\">\r\n\t\t\t\t\t\t<div class=\"slideshow_title\">190625-premis-41 (1)<\/div>\t\t\t\t\t\t\t\t\t\t\t<\/div>\r\n\t\t\t\t<\/div>\r\n\r\n\t\t\t\t\t\t<div style=\"clear: both;\"><\/div><\/div><div class=\"slideshow_view\">\r\n\t\t\t\t<div class=\"slideshow_slide slideshow_slide_image\">\r\n\t\t\t\t\t\t\t\t\t\t\t<img src=\"https:\/\/agora.xtec.cat\/ieslaromanica\/wp-content\/uploads\/usu857\/2025\/06\/190625-premis-33-1-scaled.jpg\" alt=\"190625-premis-33 (1)\" width=\"2560\" height=\"1707\" \/>\r\n\t\t\t\t\t\t\t\t\t\t<div class=\"slideshow_description_box slideshow_transparent\">\r\n\t\t\t\t\t\t<div class=\"slideshow_title\">190625-premis-33 (1)<\/div>\t\t\t\t\t\t\t\t\t\t\t<\/div>\r\n\t\t\t\t<\/div>\r\n\r\n\t\t\t\t\t\t<div style=\"clear: both;\"><\/div><\/div><div class=\"slideshow_view\">\r\n\t\t\t\t<div class=\"slideshow_slide slideshow_slide_image\">\r\n\t\t\t\t\t\t\t\t\t\t\t<img src=\"https:\/\/agora.xtec.cat\/ieslaromanica\/wp-content\/uploads\/usu857\/2025\/06\/190625-premis-31-1-scaled.jpg\" alt=\"190625-premis-31 (1)\" width=\"2560\" height=\"1707\" \/>\r\n\t\t\t\t\t\t\t\t\t\t<div class=\"slideshow_description_box slideshow_transparent\">\r\n\t\t\t\t\t\t<div class=\"slideshow_title\">190625-premis-31 (1)<\/div>\t\t\t\t\t\t\t\t\t\t\t<\/div>\r\n\t\t\t\t<\/div>\r\n\r\n\t\t\t\t\t\t<div style=\"clear: both;\"><\/div><\/div><div class=\"slideshow_view\">\r\n\t\t\t\t<div class=\"slideshow_slide slideshow_slide_image\">\r\n\t\t\t\t\t\t\t\t\t\t\t<img src=\"https:\/\/agora.xtec.cat\/ieslaromanica\/wp-content\/uploads\/usu857\/2025\/06\/IMG_5954-2-1-scaled.jpg\" alt=\"IMG_5954 2 (1)\" width=\"1920\" height=\"2560\" \/>\r\n\t\t\t\t\t\t\t\t\t\t<div class=\"slideshow_description_box slideshow_transparent\">\r\n\t\t\t\t\t\t<div class=\"slideshow_title\">IMG_5954 2 (1)<\/div>\t\t\t\t\t\t\t\t\t\t\t<\/div>\r\n\t\t\t\t<\/div>\r\n\r\n\t\t\t\t\t\t<div style=\"clear: both;\"><\/div><\/div><div class=\"slideshow_view\">\r\n\t\t\t\t<div class=\"slideshow_slide slideshow_slide_image\">\r\n\t\t\t\t\t\t\t\t\t\t\t<img src=\"https:\/\/agora.xtec.cat\/ieslaromanica\/wp-content\/uploads\/usu857\/2025\/06\/IMG_5958-2-1-scaled.jpg\" alt=\"IMG_5958 2 (1)\" width=\"1920\" height=\"2560\" \/>\r\n\t\t\t\t\t\t\t\t\t\t<div class=\"slideshow_description_box slideshow_transparent\">\r\n\t\t\t\t\t\t<div class=\"slideshow_title\">IMG_5958 2 (1)<\/div>\t\t\t\t\t\t\t\t\t\t\t<\/div>\r\n\t\t\t\t<\/div>\r\n\r\n\t\t\t\t\t\t<div style=\"clear: both;\"><\/div><\/div><div class=\"slideshow_view\">\r\n\t\t\t\t<div class=\"slideshow_slide slideshow_slide_image\">\r\n\t\t\t\t\t\t\t\t\t\t\t<img src=\"https:\/\/agora.xtec.cat\/ieslaromanica\/wp-content\/uploads\/usu857\/2025\/06\/IMG_5952-2-1-scaled.jpg\" alt=\"IMG_5952 2 (1)\" width=\"1920\" height=\"2560\" \/>\r\n\t\t\t\t\t\t\t\t\t\t<div class=\"slideshow_description_box slideshow_transparent\">\r\n\t\t\t\t\t\t<div class=\"slideshow_title\">IMG_5952 2 (1)<\/div>\t\t\t\t\t\t\t\t\t\t\t<\/div>\r\n\t\t\t\t<\/div>\r\n\r\n\t\t\t\t\t\t<div style=\"clear: both;\"><\/div><\/div><div class=\"slideshow_view\">\r\n\t\t\t\t<div class=\"slideshow_slide slideshow_slide_image\">\r\n\t\t\t\t\t\t\t\t\t\t\t<img src=\"https:\/\/agora.xtec.cat\/ieslaromanica\/wp-content\/uploads\/usu857\/2025\/06\/IMG_5943-2-1-scaled.jpg\" alt=\"IMG_5943 2 (1)\" width=\"1920\" height=\"2560\" \/>\r\n\t\t\t\t\t\t\t\t\t\t<div class=\"slideshow_description_box slideshow_transparent\">\r\n\t\t\t\t\t\t<div class=\"slideshow_title\">IMG_5943 2 (1)<\/div>\t\t\t\t\t\t\t\t\t\t\t<\/div>\r\n\t\t\t\t<\/div>\r\n\r\n\t\t\t\t\t\t<div style=\"clear: both;\"><\/div><\/div><div class=\"slideshow_view\">\r\n\t\t\t\t<div class=\"slideshow_slide slideshow_slide_image\">\r\n\t\t\t\t\t\t\t\t\t\t\t<img src=\"https:\/\/agora.xtec.cat\/ieslaromanica\/wp-content\/uploads\/usu857\/2025\/06\/IMG_5940-2-1-scaled.jpg\" alt=\"IMG_5940 2 (1)\" width=\"1920\" height=\"2560\" \/>\r\n\t\t\t\t\t\t\t\t\t\t<div class=\"slideshow_description_box slideshow_transparent\">\r\n\t\t\t\t\t\t<div class=\"slideshow_title\">IMG_5940 2 (1)<\/div>\t\t\t\t\t\t\t\t\t\t\t<\/div>\r\n\t\t\t\t<\/div>\r\n\r\n\t\t\t\t\t\t<div style=\"clear: both;\"><\/div><\/div><div class=\"slideshow_view\">\r\n\t\t\t\t<div class=\"slideshow_slide slideshow_slide_image\">\r\n\t\t\t\t\t\t\t\t\t\t\t<img src=\"https:\/\/agora.xtec.cat\/ieslaromanica\/wp-content\/uploads\/usu857\/2025\/06\/IMG_5944-2-1-scaled.jpg\" alt=\"IMG_5944 2 (1)\" width=\"1920\" height=\"2560\" \/>\r\n\t\t\t\t\t\t\t\t\t\t<div class=\"slideshow_description_box slideshow_transparent\">\r\n\t\t\t\t\t\t<div class=\"slideshow_title\">IMG_5944 2 (1)<\/div>\t\t\t\t\t\t\t\t\t\t\t<\/div>\r\n\t\t\t\t<\/div>\r\n\r\n\t\t\t\t\t\t<div style=\"clear: both;\"><\/div><\/div>\r\n\t\t<\/div>\r\n\r\n\t\t<div class=\"slideshow_controlPanel slideshow_transparent\" style=\"display: none;\"><ul><li class=\"slideshow_togglePlay\" data-play-text=\"Visualitza\" data-pause-text=\"Pausa\"><\/li><\/ul><\/div>\r\n\r\n\t\t<div class=\"slideshow_button slideshow_previous slideshow_transparent\" role=\"button\" data-previous-text=\"Anterior\" style=\"display: none;\"><\/div>\r\n\t\t<div class=\"slideshow_button slideshow_next slideshow_transparent\" role=\"button\" data-next-text=\"Seg\u00fcent\" style=\"display: none;\"><\/div>\r\n\r\n\t\t<div class=\"slideshow_pagination\" style=\"display: none;\" data-go-to-text=\"V\u00e9s a la diapositiva\"><div class=\"slideshow_pagination_center\"><\/div><\/div>\r\n\r\n\t\t<!-- WordPress Slideshow Version 2.3.1 -->\r\n\r\n\t\t\t<\/div>\r\n\r\n\n","protected":false},"excerpt":{"rendered":"<p>Enguany ha sigut la 19a edici\u00f3 dels Premis Noves i Nous Professionals, la qual est\u00e0 organitzada per entitats com l&#8217;Ajuntament de Terrassa i el Consell de la Formaci\u00f3 Professional de Terrassa, amb la col\u00b7laboraci\u00f3 de la Cecot, la Cambra de Comer\u00e7 de Terrassa, el Departament&hellip;  <a href=\"https:\/\/agora.xtec.cat\/ieslaromanica\/general\/premis-noves-i-nous-professionals-2025\/\" title=\"Read Premis Noves i Nous Professionals 2025\">Llegeix m\u00e9s\u00bb<\/a><\/p>\n","protected":false},"author":34,"featured_media":25234,"comment_status":"open","ping_status":"open","sticky":false,"template":"","format":"standard","meta":{"_bbp_topic_count":0,"_bbp_reply_count":0,"_bbp_total_topic_count":0,"_bbp_total_reply_count":0,"_bbp_voice_count":0,"_bbp_anonymous_reply_count":0,"_bbp_topic_count_hidden":0,"_bbp_reply_count_hidden":0,"_bbp_forum_subforum_count":0,"footnotes":""},"categories":[1],"tags":[],"class_list":["post-25236","post","type-post","status-publish","format-standard","has-post-thumbnail","hentry","category-general"],"post_mailing_queue_ids":[],"_links":{"self":[{"href":"https:\/\/agora.xtec.cat\/ieslaromanica\/wp-json\/wp\/v2\/posts\/25236","targetHints":{"allow":["GET"]}}],"collection":[{"href":"https:\/\/agora.xtec.cat\/ieslaromanica\/wp-json\/wp\/v2\/posts"}],"about":[{"href":"https:\/\/agora.xtec.cat\/ieslaromanica\/wp-json\/wp\/v2\/types\/post"}],"author":[{"embeddable":true,"href":"https:\/\/agora.xtec.cat\/ieslaromanica\/wp-json\/wp\/v2\/users\/34"}],"replies":[{"embeddable":true,"href":"https:\/\/agora.xtec.cat\/ieslaromanica\/wp-json\/wp\/v2\/comments?post=25236"}],"version-history":[{"count":1,"href":"https:\/\/agora.xtec.cat\/ieslaromanica\/wp-json\/wp\/v2\/posts\/25236\/revisions"}],"predecessor-version":[{"id":25237,"href":"https:\/\/agora.xtec.cat\/ieslaromanica\/wp-json\/wp\/v2\/posts\/25236\/revisions\/25237"}],"wp:featuredmedia":[{"embeddable":true,"href":"https:\/\/agora.xtec.cat\/ieslaromanica\/wp-json\/wp\/v2\/media\/25234"}],"wp:attachment":[{"href":"https:\/\/agora.xtec.cat\/ieslaromanica\/wp-json\/wp\/v2\/media?parent=25236"}],"wp:term":[{"taxonomy":"category","embeddable":true,"href":"https:\/\/agora.xtec.cat\/ieslaromanica\/wp-json\/wp\/v2\/categories?post=25236"},{"taxonomy":"post_tag","embeddable":true,"href":"https:\/\/agora.xtec.cat\/ieslaromanica\/wp-json\/wp\/v2\/tags?post=25236"}],"curies":[{"name":"wp","href":"https:\/\/api.w.org\/{rel}","templated":true}]}}