{"id":25115,"date":"2025-04-12T22:50:01","date_gmt":"2025-04-12T20:50:01","guid":{"rendered":"https:\/\/agora.xtec.cat\/ieslaromanica\/?p=25115"},"modified":"2025-05-07T22:50:22","modified_gmt":"2025-05-07T20:50:22","slug":"premis-minerva-2024-2025","status":"publish","type":"post","link":"https:\/\/agora.xtec.cat\/ieslaromanica\/general\/premis-minerva-2024-2025\/","title":{"rendered":"Premis Minerva 2024-2025"},"content":{"rendered":"<p style=\"text-align: justify;\">El passat <strong data-start=\"1045\" data-end=\"1059\">10 d\u2019abril<\/strong>, a l\u2019Auditori de Badia del Vall\u00e8s, va tenir lloc l\u2019acte de lliurament del <strong data-start=\"1134\" data-end=\"1154\">Certamen Minerva<\/strong>, un reconeixement a l\u2019esfor\u00e7, la const\u00e0ncia i el talent de l\u2019alumnat dels centres de secund\u00e0ria del territori.<\/p>\n<p style=\"text-align: justify;\">Enguany, quatre alumnes de <strong data-start=\"1294\" data-end=\"1341\">2n de Batxillerat de l\u2019Institut La Rom\u00e0nica<\/strong> han estat guardonats i guardonades en aquesta edici\u00f3:<\/p>\n<p class=\"\" data-start=\"1383\" data-end=\"1505\">\u2013 <strong data-start=\"1385\" data-end=\"1399\">\u00cdker Casas<\/strong><br data-start=\"1399\" data-end=\"1402\" \/>\u2013 <strong data-start=\"1404\" data-end=\"1421\">Fran Hernando<\/strong><br data-start=\"1421\" data-end=\"1424\" \/>\u2013 <strong data-start=\"1426\" data-end=\"1445\">Helena Mart\u00ednez<\/strong><br data-start=\"1445\" data-end=\"1448\" \/>\u2013 <strong data-start=\"1450\" data-end=\"1469\">Noelia Palancas<\/strong> (que no va poder assistir a l\u2019acte)<\/p>\n<p style=\"text-align: justify;\">Des del centre volem felicitar-los i felicitar-les sincerament per aquest reconeixement tan merescut. \u00c9s una alegria veure com la dedicaci\u00f3 i el comprom\u00eds tenen el seu fruit.<\/p>\n<p class=\"\" data-start=\"1507\" data-end=\"1691\"><strong data-start=\"1668\" data-end=\"1691\">Orgull de Rom\u00e0nica!<\/strong><\/p>\n<p data-start=\"1507\" data-end=\"1691\">\r\n\t<div class=\"slideshow_container slideshow_container_style-light\" style=\"height: 800px; \" data-slideshow-id=\"25108\" data-style-name=\"style-light\" data-style-version=\"2.3.1\" >\r\n\r\n\t\t\t\t\t<div class=\"slideshow_loading_icon\"><\/div>\r\n\t\t\r\n\t\t<div class=\"slideshow_content\" style=\"display: none;\">\r\n\r\n\t\t\t<div class=\"slideshow_view\">\r\n\t\t\t\t<div class=\"slideshow_slide slideshow_slide_image\">\r\n\t\t\t\t\t\t\t\t\t\t\t<img src=\"https:\/\/agora.xtec.cat\/ieslaromanica\/wp-content\/uploads\/usu857\/2025\/05\/PremisMinervaHelena25.jpg\" alt=\"PremisMinervaHelena25\" width=\"1200\" height=\"850\" \/>\r\n\t\t\t\t\t\t\t\t\t\t<div class=\"slideshow_description_box slideshow_transparent\">\r\n\t\t\t\t\t\t<div class=\"slideshow_title\">PremisMinervaHelena25<\/div>\t\t\t\t\t\t\t\t\t\t\t<\/div>\r\n\t\t\t\t<\/div>\r\n\r\n\t\t\t\t\t\t<div style=\"clear: both;\"><\/div><\/div><div class=\"slideshow_view\">\r\n\t\t\t\t<div class=\"slideshow_slide slideshow_slide_image\">\r\n\t\t\t\t\t\t\t\t\t\t\t<img src=\"https:\/\/agora.xtec.cat\/ieslaromanica\/wp-content\/uploads\/usu857\/2025\/05\/PremisMinervaHelena225.jpg\" alt=\"PremisMinervaHelena225\" width=\"1200\" height=\"850\" \/>\r\n\t\t\t\t\t\t\t\t\t\t<div class=\"slideshow_description_box slideshow_transparent\">\r\n\t\t\t\t\t\t<div class=\"slideshow_title\">PremisMinervaHelena225<\/div>\t\t\t\t\t\t\t\t\t\t\t<\/div>\r\n\t\t\t\t<\/div>\r\n\r\n\t\t\t\t\t\t<div style=\"clear: both;\"><\/div><\/div><div class=\"slideshow_view\">\r\n\t\t\t\t<div class=\"slideshow_slide slideshow_slide_image\">\r\n\t\t\t\t\t\t\t\t\t\t\t<img src=\"https:\/\/agora.xtec.cat\/ieslaromanica\/wp-content\/uploads\/usu857\/2025\/05\/PremisMinervaIkerFran25.jpg\" alt=\"PremisMinervaIkerFran25\" width=\"1200\" height=\"850\" \/>\r\n\t\t\t\t\t\t\t\t\t\t<div class=\"slideshow_description_box slideshow_transparent\">\r\n\t\t\t\t\t\t<div class=\"slideshow_title\">PremisMinervaIkerFran25<\/div>\t\t\t\t\t\t\t\t\t\t\t<\/div>\r\n\t\t\t\t<\/div>\r\n\r\n\t\t\t\t\t\t<div style=\"clear: both;\"><\/div><\/div><div class=\"slideshow_view\">\r\n\t\t\t\t<div class=\"slideshow_slide slideshow_slide_image\">\r\n\t\t\t\t\t\t\t\t\t\t\t<img src=\"https:\/\/agora.xtec.cat\/ieslaromanica\/wp-content\/uploads\/usu857\/2025\/05\/PremisMinervaIkerpersonal.jpg\" alt=\"PremisMinervaIkerpersonal\" width=\"2000\" height=\"1500\" \/>\r\n\t\t\t\t\t\t\t\t\t\t<div class=\"slideshow_description_box slideshow_transparent\">\r\n\t\t\t\t\t\t<div class=\"slideshow_title\">PremisMinervaIkerpersonal<\/div>\t\t\t\t\t\t\t\t\t\t\t<\/div>\r\n\t\t\t\t<\/div>\r\n\r\n\t\t\t\t\t\t<div style=\"clear: both;\"><\/div><\/div><div class=\"slideshow_view\">\r\n\t\t\t\t<div class=\"slideshow_slide slideshow_slide_image\">\r\n\t\t\t\t\t\t\t\t\t\t\t<img src=\"https:\/\/agora.xtec.cat\/ieslaromanica\/wp-content\/uploads\/usu857\/2025\/05\/PremisMinerva25.jpg\" alt=\"PremisMinerva25\" width=\"1200\" height=\"850\" \/>\r\n\t\t\t\t\t\t\t\t\t\t<div class=\"slideshow_description_box slideshow_transparent\">\r\n\t\t\t\t\t\t<div class=\"slideshow_title\">PremisMinerva25<\/div>\t\t\t\t\t\t\t\t\t\t\t<\/div>\r\n\t\t\t\t<\/div>\r\n\r\n\t\t\t\t\t\t<div style=\"clear: both;\"><\/div><\/div><div class=\"slideshow_view\">\r\n\t\t\t\t<div class=\"slideshow_slide slideshow_slide_image\">\r\n\t\t\t\t\t\t\t\t\t\t\t<img src=\"https:\/\/agora.xtec.cat\/ieslaromanica\/wp-content\/uploads\/usu857\/2025\/05\/PremisMinervaFran25.jpg\" alt=\"PremisMinervaFran25\" width=\"1200\" height=\"850\" \/>\r\n\t\t\t\t\t\t\t\t\t\t<div class=\"slideshow_description_box slideshow_transparent\">\r\n\t\t\t\t\t\t<div class=\"slideshow_title\">PremisMinervaFran25<\/div>\t\t\t\t\t\t\t\t\t\t\t<\/div>\r\n\t\t\t\t<\/div>\r\n\r\n\t\t\t\t\t\t<div style=\"clear: both;\"><\/div><\/div>\r\n\t\t<\/div>\r\n\r\n\t\t<div class=\"slideshow_controlPanel slideshow_transparent\" style=\"display: none;\"><ul><li class=\"slideshow_togglePlay\" data-play-text=\"Visualitza\" data-pause-text=\"Pausa\"><\/li><\/ul><\/div>\r\n\r\n\t\t<div class=\"slideshow_button slideshow_previous slideshow_transparent\" role=\"button\" data-previous-text=\"Anterior\" style=\"display: none;\"><\/div>\r\n\t\t<div class=\"slideshow_button slideshow_next slideshow_transparent\" role=\"button\" data-next-text=\"Seg\u00fcent\" style=\"display: none;\"><\/div>\r\n\r\n\t\t<div class=\"slideshow_pagination\" style=\"display: none;\" data-go-to-text=\"V\u00e9s a la diapositiva\"><div class=\"slideshow_pagination_center\"><\/div><\/div>\r\n\r\n\t\t<!-- WordPress Slideshow Version 2.3.1 -->\r\n\r\n\t\t\t<\/div>\r\n\r\n<\/p>\n","protected":false},"excerpt":{"rendered":"<p>El passat 10 d\u2019abril, a l\u2019Auditori de Badia del Vall\u00e8s, va tenir lloc l\u2019acte de lliurament del Certamen Minerva, un reconeixement a l\u2019esfor\u00e7, la const\u00e0ncia i el talent de l\u2019alumnat dels centres de secund\u00e0ria del territori.<br \/>\nEnguany, quatre alumnes de 2n de Batxillerat de l\u2019Institut La&hellip;  <a href=\"https:\/\/agora.xtec.cat\/ieslaromanica\/general\/premis-minerva-2024-2025\/\" title=\"Read Premis Minerva 2024-2025\">Llegeix m\u00e9s\u00bb<\/a><\/p>\n","protected":false},"author":34,"featured_media":25110,"comment_status":"open","ping_status":"closed","sticky":false,"template":"","format":"standard","meta":{"_bbp_topic_count":0,"_bbp_reply_count":0,"_bbp_total_topic_count":0,"_bbp_total_reply_count":0,"_bbp_voice_count":0,"_bbp_anonymous_reply_count":0,"_bbp_topic_count_hidden":0,"_bbp_reply_count_hidden":0,"_bbp_forum_subforum_count":0,"footnotes":""},"categories":[1],"tags":[],"class_list":["post-25115","post","type-post","status-publish","format-standard","has-post-thumbnail","hentry","category-general"],"post_mailing_queue_ids":[],"_links":{"self":[{"href":"https:\/\/agora.xtec.cat\/ieslaromanica\/wp-json\/wp\/v2\/posts\/25115","targetHints":{"allow":["GET"]}}],"collection":[{"href":"https:\/\/agora.xtec.cat\/ieslaromanica\/wp-json\/wp\/v2\/posts"}],"about":[{"href":"https:\/\/agora.xtec.cat\/ieslaromanica\/wp-json\/wp\/v2\/types\/post"}],"author":[{"embeddable":true,"href":"https:\/\/agora.xtec.cat\/ieslaromanica\/wp-json\/wp\/v2\/users\/34"}],"replies":[{"embeddable":true,"href":"https:\/\/agora.xtec.cat\/ieslaromanica\/wp-json\/wp\/v2\/comments?post=25115"}],"version-history":[{"count":1,"href":"https:\/\/agora.xtec.cat\/ieslaromanica\/wp-json\/wp\/v2\/posts\/25115\/revisions"}],"predecessor-version":[{"id":25116,"href":"https:\/\/agora.xtec.cat\/ieslaromanica\/wp-json\/wp\/v2\/posts\/25115\/revisions\/25116"}],"wp:featuredmedia":[{"embeddable":true,"href":"https:\/\/agora.xtec.cat\/ieslaromanica\/wp-json\/wp\/v2\/media\/25110"}],"wp:attachment":[{"href":"https:\/\/agora.xtec.cat\/ieslaromanica\/wp-json\/wp\/v2\/media?parent=25115"}],"wp:term":[{"taxonomy":"category","embeddable":true,"href":"https:\/\/agora.xtec.cat\/ieslaromanica\/wp-json\/wp\/v2\/categories?post=25115"},{"taxonomy":"post_tag","embeddable":true,"href":"https:\/\/agora.xtec.cat\/ieslaromanica\/wp-json\/wp\/v2\/tags?post=25115"}],"curies":[{"name":"wp","href":"https:\/\/api.w.org\/{rel}","templated":true}]}}