{"id":25040,"date":"2025-04-29T00:43:15","date_gmt":"2025-04-28T22:43:15","guid":{"rendered":"https:\/\/agora.xtec.cat\/ieslaromanica\/?p=25040"},"modified":"2025-04-29T00:43:15","modified_gmt":"2025-04-28T22:43:15","slug":"tot-a-punt-per-a-la-sortida-a-montserrat","status":"publish","type":"post","link":"https:\/\/agora.xtec.cat\/ieslaromanica\/general\/tot-a-punt-per-a-la-sortida-a-montserrat\/","title":{"rendered":"Tot a punt per a la sortida a Montserrat!"},"content":{"rendered":"<p class=\"\" style=\"text-align: justify;\" data-start=\"338\" data-end=\"359\">Benvolgudes fam\u00edlies,<\/p>\n<p class=\"\" style=\"text-align: justify;\" data-start=\"361\" data-end=\"522\">Despr\u00e9s d\u2019una jornada at\u00edpica amb incid\u00e8ncies a nivell general, us volem confirmar que <strong data-start=\"448\" data-end=\"521\">dem\u00e0, 29 d\u2019abril, la sortida a Montserrat es far\u00e0 amb tota normalitat<\/strong>.<\/p>\n<p class=\"\" style=\"text-align: justify;\" data-start=\"524\" data-end=\"778\">Tot l\u2019alumnat de <strong data-start=\"541\" data-end=\"553\">1r d\u2019ESO<\/strong>, juntament amb altres alumnes de <strong data-start=\"587\" data-end=\"608\">2n, 3r i 4t d\u2019ESO<\/strong>, participar\u00e0 en una <strong data-start=\"629\" data-end=\"660\">actuaci\u00f3 de cultura popular<\/strong> emmarcada en el <strong data-start=\"677\" data-end=\"710\">Dia Internacional de la Dansa<\/strong> i dins dels <strong data-start=\"723\" data-end=\"777\">actes de commemoraci\u00f3 del Mil\u00b7lenari de Montserrat<\/strong>.<\/p>\n<p style=\"text-align: justify;\" data-start=\"524\" data-end=\"778\">Teniu tota la informaci\u00f3 al mail enviat fa dies i un altre enviat aquesta mateixa nit.<\/p>\n<p style=\"text-align: justify;\">Moltes i moltes gr\u00e0cies per la confian\u00e7a. Ens fa molta il\u00b7lusi\u00f3 aquesta sortida, a Montserrat, en plena commemoraci\u00f3 del seu mil\u00b7lenari. Ben segur que ser\u00e0 m\u00e0gica!<\/p>\n<p style=\"text-align: justify;\">PD. No oblideu l&#8217;esmorzar i la samarreta lila!<\/p>\n<p style=\"text-align: justify;\"><strong>VISCA LA CULTURA POPULAR! ARA I SEMPRE!<\/strong><\/p>\n<p><a href=\"https:\/\/agora.xtec.cat\/ieslaromanica\/wp-content\/uploads\/usu857\/2025\/04\/CARTELL-Celebrem-la-cultura-popular-De-les-aules-de-La-Romanica-a-Montserrat.jpg\"><img loading=\"lazy\" decoding=\"async\" class=\"size-large wp-image-25041 aligncenter\" src=\"https:\/\/agora.xtec.cat\/ieslaromanica\/wp-content\/uploads\/usu857\/2025\/04\/CARTELL-Celebrem-la-cultura-popular-De-les-aules-de-La-Romanica-a-Montserrat-724x1024.jpg\" alt=\"\" width=\"724\" height=\"1024\" srcset=\"https:\/\/agora.xtec.cat\/ieslaromanica\/wp-content\/uploads\/usu857\/2025\/04\/CARTELL-Celebrem-la-cultura-popular-De-les-aules-de-La-Romanica-a-Montserrat-724x1024.jpg 724w, https:\/\/agora.xtec.cat\/ieslaromanica\/wp-content\/uploads\/usu857\/2025\/04\/CARTELL-Celebrem-la-cultura-popular-De-les-aules-de-La-Romanica-a-Montserrat-212x300.jpg 212w, https:\/\/agora.xtec.cat\/ieslaromanica\/wp-content\/uploads\/usu857\/2025\/04\/CARTELL-Celebrem-la-cultura-popular-De-les-aules-de-La-Romanica-a-Montserrat-768x1086.jpg 768w, https:\/\/agora.xtec.cat\/ieslaromanica\/wp-content\/uploads\/usu857\/2025\/04\/CARTELL-Celebrem-la-cultura-popular-De-les-aules-de-La-Romanica-a-Montserrat-1086x1536.jpg 1086w, https:\/\/agora.xtec.cat\/ieslaromanica\/wp-content\/uploads\/usu857\/2025\/04\/CARTELL-Celebrem-la-cultura-popular-De-les-aules-de-La-Romanica-a-Montserrat.jpg 1414w\" sizes=\"auto, (max-width: 724px) 100vw, 724px\" \/><\/a><\/p>\n","protected":false},"excerpt":{"rendered":"<p>Benvolgudes fam\u00edlies,<br \/>\nDespr\u00e9s d\u2019una jornada at\u00edpica amb incid\u00e8ncies a nivell general, us volem confirmar que dem\u00e0, 29 d\u2019abril, la sortida a Montserrat es far\u00e0 amb tota normalitat.<br \/>\nTot l\u2019alumnat de 1r d\u2019ESO, juntament amb altres alumnes de 2n, 3r i 4t d\u2019ESO, participar\u00e0 en una actuaci\u00f3 de&hellip;  <a href=\"https:\/\/agora.xtec.cat\/ieslaromanica\/general\/tot-a-punt-per-a-la-sortida-a-montserrat\/\" title=\"Read Tot a punt per a la sortida a Montserrat!\">Llegeix m\u00e9s\u00bb<\/a><\/p>\n","protected":false},"author":34,"featured_media":25041,"comment_status":"open","ping_status":"closed","sticky":false,"template":"","format":"standard","meta":{"_bbp_topic_count":0,"_bbp_reply_count":0,"_bbp_total_topic_count":0,"_bbp_total_reply_count":0,"_bbp_voice_count":0,"_bbp_anonymous_reply_count":0,"_bbp_topic_count_hidden":0,"_bbp_reply_count_hidden":0,"_bbp_forum_subforum_count":0,"footnotes":""},"categories":[1],"tags":[],"class_list":["post-25040","post","type-post","status-publish","format-standard","has-post-thumbnail","hentry","category-general"],"post_mailing_queue_ids":[],"_links":{"self":[{"href":"https:\/\/agora.xtec.cat\/ieslaromanica\/wp-json\/wp\/v2\/posts\/25040","targetHints":{"allow":["GET"]}}],"collection":[{"href":"https:\/\/agora.xtec.cat\/ieslaromanica\/wp-json\/wp\/v2\/posts"}],"about":[{"href":"https:\/\/agora.xtec.cat\/ieslaromanica\/wp-json\/wp\/v2\/types\/post"}],"author":[{"embeddable":true,"href":"https:\/\/agora.xtec.cat\/ieslaromanica\/wp-json\/wp\/v2\/users\/34"}],"replies":[{"embeddable":true,"href":"https:\/\/agora.xtec.cat\/ieslaromanica\/wp-json\/wp\/v2\/comments?post=25040"}],"version-history":[{"count":1,"href":"https:\/\/agora.xtec.cat\/ieslaromanica\/wp-json\/wp\/v2\/posts\/25040\/revisions"}],"predecessor-version":[{"id":25042,"href":"https:\/\/agora.xtec.cat\/ieslaromanica\/wp-json\/wp\/v2\/posts\/25040\/revisions\/25042"}],"wp:featuredmedia":[{"embeddable":true,"href":"https:\/\/agora.xtec.cat\/ieslaromanica\/wp-json\/wp\/v2\/media\/25041"}],"wp:attachment":[{"href":"https:\/\/agora.xtec.cat\/ieslaromanica\/wp-json\/wp\/v2\/media?parent=25040"}],"wp:term":[{"taxonomy":"category","embeddable":true,"href":"https:\/\/agora.xtec.cat\/ieslaromanica\/wp-json\/wp\/v2\/categories?post=25040"},{"taxonomy":"post_tag","embeddable":true,"href":"https:\/\/agora.xtec.cat\/ieslaromanica\/wp-json\/wp\/v2\/tags?post=25040"}],"curies":[{"name":"wp","href":"https:\/\/api.w.org\/{rel}","templated":true}]}}