{"id":24975,"date":"2025-03-27T23:40:15","date_gmt":"2025-03-27T22:40:15","guid":{"rendered":"https:\/\/agora.xtec.cat\/ieslaromanica\/?p=24975"},"modified":"2025-04-01T11:42:59","modified_gmt":"2025-04-01T09:42:59","slug":"salo-de-lensenyament-2025","status":"publish","type":"post","link":"https:\/\/agora.xtec.cat\/ieslaromanica\/general\/salo-de-lensenyament-2025\/","title":{"rendered":"Sal\u00f3 de l&#8217;Ensenyament 2025"},"content":{"rendered":"<p style=\"text-align: justify;\">Un cop m\u00e9s, el nostre alumnat de 4t d&#8217;ESO ha anat, acompanyat de les nostres docents, al Sal\u00f3 de l&#8217;Ensenyament, a Barcelona. Aqu\u00ed tenim la fotografia de grup de la jornada! Esperem que hagi estat una experi\u00e8ncia enriquidora i profitosa, que ajudi a apassionar-se i trobar possibles vocacions de present i de futur.<\/p>\n<p><a href=\"https:\/\/agora.xtec.cat\/ieslaromanica\/wp-content\/uploads\/usu857\/2025\/04\/IMG-20250327-WA0025.jpg\"><img loading=\"lazy\" decoding=\"async\" class=\"alignnone size-large wp-image-24976\" src=\"https:\/\/agora.xtec.cat\/ieslaromanica\/wp-content\/uploads\/usu857\/2025\/04\/IMG-20250327-WA0025-1024x462.jpg\" alt=\"\" width=\"1024\" height=\"462\" srcset=\"https:\/\/agora.xtec.cat\/ieslaromanica\/wp-content\/uploads\/usu857\/2025\/04\/IMG-20250327-WA0025-1024x462.jpg 1024w, https:\/\/agora.xtec.cat\/ieslaromanica\/wp-content\/uploads\/usu857\/2025\/04\/IMG-20250327-WA0025-300x135.jpg 300w, https:\/\/agora.xtec.cat\/ieslaromanica\/wp-content\/uploads\/usu857\/2025\/04\/IMG-20250327-WA0025-768x346.jpg 768w, https:\/\/agora.xtec.cat\/ieslaromanica\/wp-content\/uploads\/usu857\/2025\/04\/IMG-20250327-WA0025-1536x693.jpg 1536w, https:\/\/agora.xtec.cat\/ieslaromanica\/wp-content\/uploads\/usu857\/2025\/04\/IMG-20250327-WA0025.jpg 2040w\" sizes=\"auto, (max-width: 1024px) 100vw, 1024px\" \/><\/a><\/p>\n","protected":false},"excerpt":{"rendered":"<p>Un cop m\u00e9s, el nostre alumnat de 4t d&#8217;ESO ha anat, acompanyat de les nostres docents, al Sal\u00f3 de l&#8217;Ensenyament, a Barcelona. Aqu\u00ed tenim la fotografia de grup de la jornada! Esperem que hagi estat una experi\u00e8ncia enriquidora i profitosa, que ajudi a apassionar-se i&hellip;  <a href=\"https:\/\/agora.xtec.cat\/ieslaromanica\/general\/salo-de-lensenyament-2025\/\" title=\"Read Sal\u00f3 de l&#8217;Ensenyament 2025\">Llegeix m\u00e9s\u00bb<\/a><\/p>\n","protected":false},"author":34,"featured_media":24976,"comment_status":"open","ping_status":"closed","sticky":false,"template":"","format":"standard","meta":{"_bbp_topic_count":0,"_bbp_reply_count":0,"_bbp_total_topic_count":0,"_bbp_total_reply_count":0,"_bbp_voice_count":0,"_bbp_anonymous_reply_count":0,"_bbp_topic_count_hidden":0,"_bbp_reply_count_hidden":0,"_bbp_forum_subforum_count":0,"footnotes":""},"categories":[1],"tags":[],"class_list":["post-24975","post","type-post","status-publish","format-standard","has-post-thumbnail","hentry","category-general"],"post_mailing_queue_ids":[],"_links":{"self":[{"href":"https:\/\/agora.xtec.cat\/ieslaromanica\/wp-json\/wp\/v2\/posts\/24975","targetHints":{"allow":["GET"]}}],"collection":[{"href":"https:\/\/agora.xtec.cat\/ieslaromanica\/wp-json\/wp\/v2\/posts"}],"about":[{"href":"https:\/\/agora.xtec.cat\/ieslaromanica\/wp-json\/wp\/v2\/types\/post"}],"author":[{"embeddable":true,"href":"https:\/\/agora.xtec.cat\/ieslaromanica\/wp-json\/wp\/v2\/users\/34"}],"replies":[{"embeddable":true,"href":"https:\/\/agora.xtec.cat\/ieslaromanica\/wp-json\/wp\/v2\/comments?post=24975"}],"version-history":[{"count":1,"href":"https:\/\/agora.xtec.cat\/ieslaromanica\/wp-json\/wp\/v2\/posts\/24975\/revisions"}],"predecessor-version":[{"id":24977,"href":"https:\/\/agora.xtec.cat\/ieslaromanica\/wp-json\/wp\/v2\/posts\/24975\/revisions\/24977"}],"wp:featuredmedia":[{"embeddable":true,"href":"https:\/\/agora.xtec.cat\/ieslaromanica\/wp-json\/wp\/v2\/media\/24976"}],"wp:attachment":[{"href":"https:\/\/agora.xtec.cat\/ieslaromanica\/wp-json\/wp\/v2\/media?parent=24975"}],"wp:term":[{"taxonomy":"category","embeddable":true,"href":"https:\/\/agora.xtec.cat\/ieslaromanica\/wp-json\/wp\/v2\/categories?post=24975"},{"taxonomy":"post_tag","embeddable":true,"href":"https:\/\/agora.xtec.cat\/ieslaromanica\/wp-json\/wp\/v2\/tags?post=24975"}],"curies":[{"name":"wp","href":"https:\/\/api.w.org\/{rel}","templated":true}]}}